{"id":431150,"date":"2025-10-01T12:54:11","date_gmt":"2025-10-01T12:54:11","guid":{"rendered":"https:\/\/www.europesays.com\/fr\/431150\/"},"modified":"2025-10-01T12:54:11","modified_gmt":"2025-10-01T12:54:11","slug":"la-police-lance-un-appel-a-temoins-5","status":"publish","type":"post","link":"https:\/\/www.europesays.com\/fr\/431150\/","title":{"rendered":"la police lance un appel \u00e0 t\u00e9moins"},"content":{"rendered":"<p>Estelle Lapp, \u00e2g\u00e9e de 50 ans, a disparu depuis lundi 29\u00a0septembre dans le secteur du Heyritz \u00e0 Strasbourg.<\/p>\n<p>Il s\u2019agit d\u2019une personne souffrant d\u2019un handicap mental qui pr\u00e9sente des difficult\u00e9s \u00e0 se rep\u00e9rer dans l\u2019espace.<\/p>\n<p>Au moment o\u00f9 elle a \u00e9t\u00e9 vue pour la derni\u00e8re fois, elle portait un jean bleu et une veste marron, similaires \u00e0 la tenue sur la photo.<\/p>\n<p>La police lance un appel \u00e0 t\u00e9moins. Toute personne d\u00e9tenant des informations susceptibles d\u2019aider \u00e0 localiser la quinquag\u00e9naire est pri\u00e9e de contacter le commissariat de Strasbourg au 03\u00a090\u00a023\u00a015\u00a023.<\/p>\n","protected":false},"excerpt":{"rendered":"Estelle Lapp, \u00e2g\u00e9e de 50 ans, a disparu depuis lundi 29\u00a0septembre dans le secteur du Heyritz \u00e0 Strasbourg.&hellip;\n","protected":false},"author":2,"featured_media":431151,"comment_status":"","ping_status":"","sticky":false,"template":"","format":"standard","meta":{"footnotes":""},"categories":[2820],"tags":[1111,11,2880,1777,674,274,107,1011,27,775,12,25,640,2879],"class_list":{"0":"post-431150","1":"post","2":"type-post","3":"status-publish","4":"format-standard","5":"has-post-thumbnail","7":"category-strasbourg","8":"tag-actu","9":"tag-actualites","10":"tag-edition-strasbourg","11":"tag-eu","12":"tag-europe","13":"tag-faits-divers-justice","14":"tag-fil-info","15":"tag-fr","16":"tag-france","17":"tag-grand-est","18":"tag-news","19":"tag-republique-francaise","20":"tag-strasbourg","21":"tag-strasbourg-ville"},"share_on_mastodon":{"url":"https:\/\/pubeurope.com\/@fr\/115299015997885425","error":""},"_links":{"self":[{"href":"https:\/\/www.europesays.com\/fr\/wp-json\/wp\/v2\/posts\/431150","targetHints":{"allow":["GET"]}}],"collection":[{"href":"https:\/\/www.europesays.com\/fr\/wp-json\/wp\/v2\/posts"}],"about":[{"href":"https:\/\/www.europesays.com\/fr\/wp-json\/wp\/v2\/types\/post"}],"author":[{"embeddable":true,"href":"https:\/\/www.europesays.com\/fr\/wp-json\/wp\/v2\/users\/2"}],"replies":[{"embeddable":true,"href":"https:\/\/www.europesays.com\/fr\/wp-json\/wp\/v2\/comments?post=431150"}],"version-history":[{"count":0,"href":"https:\/\/www.europesays.com\/fr\/wp-json\/wp\/v2\/posts\/431150\/revisions"}],"wp:featuredmedia":[{"embeddable":true,"href":"https:\/\/www.europesays.com\/fr\/wp-json\/wp\/v2\/media\/431151"}],"wp:attachment":[{"href":"https:\/\/www.europesays.com\/fr\/wp-json\/wp\/v2\/media?parent=431150"}],"wp:term":[{"taxonomy":"category","embeddable":true,"href":"https:\/\/www.europesays.com\/fr\/wp-json\/wp\/v2\/categories?post=431150"},{"taxonomy":"post_tag","embeddable":true,"href":"https:\/\/www.europesays.com\/fr\/wp-json\/wp\/v2\/tags?post=431150"}],"curies":[{"name":"wp","href":"https:\/\/api.w.org\/{rel}","templated":true}]}}