{"id":431156,"date":"2025-10-01T12:57:11","date_gmt":"2025-10-01T12:57:11","guid":{"rendered":"https:\/\/www.europesays.com\/fr\/431156\/"},"modified":"2025-10-01T12:57:11","modified_gmt":"2025-10-01T12:57:11","slug":"apres-la-collision-evitee-de-peu-christian-estrosi-veut-remplacer-les-controleurs-aeriens-par-des-militaires","status":"publish","type":"post","link":"https:\/\/www.europesays.com\/fr\/431156\/","title":{"rendered":"apr\u00e8s la collision \u00e9vit\u00e9e de peu, Christian Estrosi veut remplacer les contr\u00f4leurs a\u00e9riens par des militaires"},"content":{"rendered":"<p>Le maire en appelle \u00e0 l\u2019\u00c9tat pour remplacer les aiguilleurs du ciel par des militaires, 11 jours apr\u00e8s \u00abl\u2019incident grave\u00bb survenu \u00e0 l\u2019a\u00e9roport de Nice, o\u00f9 deux avions ont manqu\u00e9 d\u2019entrer en collision apr\u00e8s une erreur de piste.<\/p>\n<p class=\"fig-paragraph\">Parce que \u00ab\u00e7a suffit\u00bb. En plein conseil municipal, le maire de Nice,\u00a0<a href=\"http:\/\/www.lefigaro.fr\/nice\/nice-christian-estrosi-veut-donner-le-nom-de-nicolas-sarkozy-au-parvis-du-futur-hotel-des-polices-20250929\" data-fig-type=\"NewsFlash\" data-gtm-custom-categorie=\"navigation\" data-gtm-custom-action=\"crossclick\" data-gtm-custom-label=\"Contextuel\" data-gtm-event=\"customEventSPE\" data-fig-domain=\"LEFIGARO\" target=\"_blank\" rel=\"noopener\">Christian Estrosi<\/a>, a demand\u00e9 \u00ab\u00e0 l\u2019\u00c9tat fran\u00e7ais de remplacer les contr\u00f4leurs a\u00e9riens par des militaires\u00bb, une demande \u00abqui sera pr\u00e9sent\u00e9e lors du prochain conseil municipal\u00bb, a-t-il affirm\u00e9.<\/p>\n<p class=\"fig-paragraph\">L\u2019\u00e9dile faisait allusion aux perturbations et aux \u00abdifficult\u00e9s op\u00e9rationnelles li\u00e9es au contr\u00f4le a\u00e9rien, r\u00e9sultat de plusieurs facteurs\u00a0: des effectifs tendus de contr\u00f4leurs et l\u2019indisponibilit\u00e9 temporaire d\u2019une partie de l\u2019\u00e9quipe de contr\u00f4le apr\u00e8s l\u2019incident de dimanche soir\u00bb, a-t-il expliqu\u00e9.<\/p>\n<p class=\"fig-body-link\">\n            \u00c0 lire aussi<br \/>\n        <a class=\"fig-body-link__link\" href=\"http:\/\/www.lefigaro.fr\/conjoncture\/evacuation-vols-retardes-et-colere-que-s-est-il-passe-a-l-aeroport-de-nice-20250722\" data-fig-type=\"NewsFlash\" data-gtm-custom-categorie=\"navigation\" data-gtm-custom-action=\"crossclick\" data-gtm-custom-label=\"Contextuel\" data-gtm-event=\"customEventSPE\" data-fig-domain=\"LEFIGARO\" target=\"_blank\" rel=\"noopener\">\u00c9vacuation, vols retard\u00e9s et col\u00e8re&#8230; Que s\u2019est-il pass\u00e9 \u00e0 l\u2019a\u00e9roport de Nice\u00a0?<br \/>\n    <\/a>\n<\/p>\n<p>                                    <a class=\"fig-a11y-skip a11y-hidden\" href=\"#fig-a11y-skip-main-inarticle\"><br \/>\n        Passer la publicit\u00e9<br \/>\n    <\/a><\/p>\n<p>Trois enqu\u00eates toujours en cours<\/p>\n<p class=\"fig-paragraph\"><a href=\"http:\/\/www.lefigaro.fr\/nice\/une-collision-evitee-a-trois-metres-pres-entre-deux-avions-a-l-aeroport-de-nice-20250922\" data-fig-type=\"NewsFlash\" data-gtm-custom-categorie=\"navigation\" data-gtm-custom-action=\"crossclick\" data-gtm-custom-label=\"Contextuel\" data-gtm-event=\"customEventSPE\" data-fig-domain=\"LEFIGARO\" target=\"_blank\" rel=\"noopener\">L\u2019incident de dimanche soir<\/a>\u00a0auquel Christian Estrosi fait r\u00e9f\u00e9rence est la collision \u00e9vit\u00e9e de justesse entre deux avions le 21 septembre, un appareil de la compagnie Nouvel Air s\u2019appr\u00eatant \u00e0 atterrir sur l\u2019A\u00a0320 d\u2019EasyJet, pr\u00eat au d\u00e9collage.<\/p>\n<p class=\"fig-paragraph\">Lundi 29 septembre, le d\u00e9put\u00e9 ni\u00e7ois \u00c9ric Ciotti avait lui demand\u00e9 la suspension des vols desservis par la compagnie tunisienne Nouvel Air, dont\u00a0<a href=\"http:\/\/www.lefigaro.fr\/nice\/crash-evite-a-nice-l-avion-de-nouvel-air-s-est-trompe-de-piste-d-apres-le-bea-20250929\" data-fig-type=\"NewsFlash\" data-gtm-custom-categorie=\"navigation\" data-gtm-custom-action=\"crossclick\" data-gtm-custom-label=\"Contextuel\" data-gtm-event=\"customEventSPE\" data-fig-domain=\"LEFIGARO\" target=\"_blank\" rel=\"noopener\">l\u2019appareil s\u2019est tromp\u00e9 de piste d\u2019atterrissage<\/a>, selon les premiers \u00e9l\u00e9ments communiqu\u00e9s par les enqu\u00eateurs du Bureau d\u2019enqu\u00eates et analyses pour la s\u00fbret\u00e9 de l\u2019aviation civile. Dans une lettre adress\u00e9e au premier ministre, S\u00e9bastien Lecornu, le d\u00e9put\u00e9 \u00e9crivait qu\u2019il \u00aben va de la s\u00e9curit\u00e9 de l\u2019espace a\u00e9rien fran\u00e7ais\u00bb, et motivait sa demande \u00abau nom du principe de pr\u00e9caution\u00bb.<\/p>\n<p class=\"fig-paragraph\">Trois enqu\u00eates, diligent\u00e9es par le BEA, la direction du Service de la Navigation a\u00e9rienne et le parquet de Nice, sont toujours en cours.<\/p>\n","protected":false},"excerpt":{"rendered":"Le maire en appelle \u00e0 l\u2019\u00c9tat pour remplacer les aiguilleurs du ciel par des militaires, 11 jours apr\u00e8s&hellip;\n","protected":false},"author":2,"featured_media":431157,"comment_status":"","ping_status":"","sticky":false,"template":"","format":"standard","meta":{"footnotes":""},"categories":[2819],"tags":[1111,11,37,2397,4098,1777,674,1011,27,12,2401,882,25],"class_list":{"0":"post-431156","1":"post","2":"type-post","3":"status-publish","4":"format-standard","5":"has-post-thumbnail","7":"category-nice","8":"tag-actu","9":"tag-actualites","10":"tag-avion","11":"tag-christian-estrosi","12":"tag-crash","13":"tag-eu","14":"tag-europe","15":"tag-fr","16":"tag-france","17":"tag-news","18":"tag-nice","19":"tag-provence-alpes-cote-dazur","20":"tag-republique-francaise"},"share_on_mastodon":{"url":"https:\/\/pubeurope.com\/@fr\/115299027881364891","error":""},"_links":{"self":[{"href":"https:\/\/www.europesays.com\/fr\/wp-json\/wp\/v2\/posts\/431156","targetHints":{"allow":["GET"]}}],"collection":[{"href":"https:\/\/www.europesays.com\/fr\/wp-json\/wp\/v2\/posts"}],"about":[{"href":"https:\/\/www.europesays.com\/fr\/wp-json\/wp\/v2\/types\/post"}],"author":[{"embeddable":true,"href":"https:\/\/www.europesays.com\/fr\/wp-json\/wp\/v2\/users\/2"}],"replies":[{"embeddable":true,"href":"https:\/\/www.europesays.com\/fr\/wp-json\/wp\/v2\/comments?post=431156"}],"version-history":[{"count":0,"href":"https:\/\/www.europesays.com\/fr\/wp-json\/wp\/v2\/posts\/431156\/revisions"}],"wp:featuredmedia":[{"embeddable":true,"href":"https:\/\/www.europesays.com\/fr\/wp-json\/wp\/v2\/media\/431157"}],"wp:attachment":[{"href":"https:\/\/www.europesays.com\/fr\/wp-json\/wp\/v2\/media?parent=431156"}],"wp:term":[{"taxonomy":"category","embeddable":true,"href":"https:\/\/www.europesays.com\/fr\/wp-json\/wp\/v2\/categories?post=431156"},{"taxonomy":"post_tag","embeddable":true,"href":"https:\/\/www.europesays.com\/fr\/wp-json\/wp\/v2\/tags?post=431156"}],"curies":[{"name":"wp","href":"https:\/\/api.w.org\/{rel}","templated":true}]}}