{"id":431158,"date":"2025-10-01T12:58:22","date_gmt":"2025-10-01T12:58:22","guid":{"rendered":"https:\/\/www.europesays.com\/fr\/431158\/"},"modified":"2025-10-01T12:58:22","modified_gmt":"2025-10-01T12:58:22","slug":"manifestation-transports-ecoles-ce-qui-est-prevu-pour-la-greve-du-2-octobre-a-nantes","status":"publish","type":"post","link":"https:\/\/www.europesays.com\/fr\/431158\/","title":{"rendered":"Manifestation, transports, \u00e9coles\u2026 Ce qui est pr\u00e9vu pour la gr\u00e8ve du 2 octobre \u00e0 Nantes"},"content":{"rendered":"<p>            Par<br \/>\n        <strong><br \/>\n            <a href=\"https:\/\/actu.fr\/auteur\/redaction-nantes\" title=\"Consulter tous les articles de R\u00e9daction Nantes\" target=\"_blank\" rel=\"noopener\">R\u00e9daction Nantes<\/a><br \/>\n        <\/strong><\/p>\n<p>        Publi\u00e9 le<\/p>\n<p>            1 oct. 2025 \u00e0 10h25        <\/p>\n<p>Apr\u00e8s les 10 et 18\u00a0septembre, une nouvelle mobilisation sociale est pr\u00e9vue ce jeudi 2\u00a0octobre 2025 en France. Apr\u00e8s <a href=\"https:\/\/actu.fr\/politique\/les-syndicats-evoquent-une-nouvelle-mobilisation-le-2-octobre-apres-leur-rencontre-avec-sebastien-lecornu_63207013.html\" target=\"_blank\" rel=\"noopener\">une rencontre infructueuse entre les syndicats et S\u00e9bastien Lecornu<\/a>, Premier ministre, l\u2019Intersyndicale appelle \u00e0 une journ\u00e9e d\u2019actions. \u00c0 Nantes, des gr\u00e8ves et une manifestation ont \u00e9t\u00e9 annonc\u00e9es. On fait le point.<\/p>\n<p>Une manifestation en centre-ville<\/p>\n<p class=\" wall-content\">\u00c0 l\u2019instar des deux journ\u00e9es de mobilisation en septembre, une manifestation est pr\u00e9vue dans les rues du centre-ville de Nantes. Les syndicats appellent \u00e0 un rassemblement <strong>\u00e0 partir de 10h30 au Miroir d\u2019eau<\/strong>.<\/p>\n<p>    <a href=\"https:\/\/www.facebook.com\/plugins\/post.php?href=https%3A%2F%2Fwww.facebook.com%2Fcgtchunantes%2Fposts%2Fpfbid0C8JoUgN6hG9nAPVQd2k8rX7w9jJYtR1y4wWQNr4hmiqcEBUtmFzXew4n1paTUCC5l&amp;show_text=true&amp;width=350\" title=\"Ouvrie le lien\" target=\"_blank\" rel=\"noopener\">Cliquez ici pour visualiser le contenu<\/a><\/p>\n<p class=\" wall-content\">En raison de cette manifestation, <a href=\"https:\/\/www.loire-atlantique.gouv.fr\/contenu\/telechargement\/69241\/500428\/file\/RAA%20n%C2%B0160%20du%2030%20septembre%202025.pdf\" target=\"_blank\" rel=\"noopener\">un arr\u00eat\u00e9 pr\u00e9fectoral a \u00e9t\u00e9 pris<\/a> pour autoriser \u00ab\u2009la captation, l\u2019enregistrement et la transmission d\u2019images\u2009\u00bb par drones sur la commune de Nantes, jeudi 2\u00a0octobre, <strong>de 9\u2009h \u00e0 18\u2009h<\/strong>.<\/p>\n<p>Les transports en commun<\/p>\n<p class=\" wall-content\">Le <strong>r\u00e9seau de transports en commun Naolib<\/strong> sera perturb\u00e9. Un pr\u00e9avis de gr\u00e8ve a \u00e9t\u00e9 d\u00e9pos\u00e9 par Sud-Solidaires de la Semitan.<\/p>\n<p class=\" wall-content\">D\u2019autre part, en raison du parcours de la manifestation les <strong>modifications suivantes<\/strong> seront apport\u00e9es au r\u00e9seau\u2009:<\/p>\n<ul class=\" wall-content\">\n<li>ligne 1 coup\u00e9e entre Commerce et Duchesse Anne, de 9h30 \u00e0 15h30\u2009;<\/li>\n<li>ligne 2 ne circule pas entre 50 Otages et Gare de Pont-Rousseau, de 10h \u00e0 15h30 (prendre la ligne 3 entre H\u00f4tel-Dieu et Pont-Rousseau Martyrs)\u2009;<\/li>\n<li>ligne 3 coup\u00e9e entre Bretagne et H\u00f4tel Dieu, de 10h \u00e0 15h30\u2009;<\/li>\n<li>ligne C1 coup\u00e9e entre les arr\u00eats Foch et Copernic, de 11h \u00e0 14h30\u2009;<\/li>\n<li>ligne C2 ne circule pas entre les arr\u00eats Talensac et Gare Sud, de 11h \u00e0 14h30\u2009;<\/li>\n<li>ligne C3 coup\u00e9e entre les arr\u00eats H\u00f4tel-Dieu et Copernic, de 11h \u00e0 14h30\u2009;<\/li>\n<li>ligne C6 coup\u00e9e entre les arr\u00eats Foch et Delorme, de 11h \u00e0 14h30\u2009;<\/li>\n<li>ligne C8 ne circule pas entre les arr\u00eats Delorme et Saupin, de 11h \u00e0 14h30\u2009;<\/li>\n<li>ligne 11 coup\u00e9e entre les arr\u00eats Foch et Copernic, de 11h \u00e0 14h30\u2009;<\/li>\n<li>ligne 12 coup\u00e9e entre les arr\u00eats Foch et Talensac, de 11h \u00e0 14h30\u2009;<\/li>\n<li>ligne 23 coup\u00e9e entre les arr\u00eats Copernic et Talensac, de 11h \u00e0 14h30\u2009;<\/li>\n<li>ligne 26 coup\u00e9e entre les arr\u00eats Gaston Veil et Delorme, de 11h \u00e0 14h30.<\/li>\n<\/ul>\n<p>Votre r\u00e9gion, votre actu !<\/p>\n<p>Recevez chaque jour les infos qui comptent pour vous.<\/p>\n<p>\t<a href=\"https:\/\/actu.fr\/newsletter\" class=\"ac-btn ac-btn--corner ac-btn--medium ac-btn--blue800\" target=\"_blank\" rel=\"noopener\">S&rsquo;incrire<\/a><\/p>\n<p class=\" wall-content\">Le<strong> trafic des trains<\/strong> devrait \u00eatre \u00e9galement perturb\u00e9 sur le r\u00e9seau SNCF Pays de la Loire.<\/p>\n<p class=\" wall-content\">\n<p>Les \u00e9coles<\/p>\n<p class=\" wall-content\">Des \u00e9coles maternelles et \u00e9l\u00e9mentaires sont concern\u00e9es par le mouvement social. La liste compl\u00e8te est \u00e0 retrouver en <a href=\"https:\/\/metropole.nantes.fr\/mes-services-mon-quotidien\/enfance-education\/greve-dans-les-ecoles-publiques?page=0\" target=\"_blank\" rel=\"noopener\">cliquant ici<\/a>.<\/p>\n<p class=\" wall-content\">Personnalisez votre actualit\u00e9 en ajoutant vos villes et m\u00e9dias en favori avec <a href=\"https:\/\/moncompte.actu.fr\" title=\"D\u00e9couvez Mon Actu\" rel=\"nofollow noopener\" data-trk=\"{&quot;cta&quot;:{&quot;action&quot;:&quot;https:\\\/\\\/moncompte.actu.fr&quot;,&quot;category&quot;:&quot;mon compte&quot;,&quot;from&quot;:&quot;article footer&quot;,&quot;name&quot;:&quot;Mon actu&quot;,&quot;type&quot;:&quot;cta&quot;}}\" target=\"_blank\">Mon Actu<\/a>.<\/p>\n","protected":false},"excerpt":{"rendered":"Par R\u00e9daction Nantes Publi\u00e9 le 1 oct. 2025 \u00e0 10h25 Apr\u00e8s les 10 et 18\u00a0septembre, une nouvelle mobilisation&hellip;\n","protected":false},"author":2,"featured_media":431159,"comment_status":"","ping_status":"","sticky":false,"template":"","format":"standard","meta":{"footnotes":""},"categories":[2818],"tags":[1111,11,1777,674,1011,27,6151,54872,1272,766,12,2636,25,104],"class_list":{"0":"post-431158","1":"post","2":"type-post","3":"status-publish","4":"format-standard","5":"has-post-thumbnail","7":"category-nantes","8":"tag-actu","9":"tag-actualites","10":"tag-eu","11":"tag-europe","12":"tag-fr","13":"tag-france","14":"tag-greve","15":"tag-greve-du-2-octobre-2025","16":"tag-manifestations","17":"tag-nantes","18":"tag-news","19":"tag-pays-de-la-loire","20":"tag-republique-francaise","21":"tag-societe"},"share_on_mastodon":{"url":"https:\/\/pubeurope.com\/@fr\/115299031868078952","error":""},"_links":{"self":[{"href":"https:\/\/www.europesays.com\/fr\/wp-json\/wp\/v2\/posts\/431158","targetHints":{"allow":["GET"]}}],"collection":[{"href":"https:\/\/www.europesays.com\/fr\/wp-json\/wp\/v2\/posts"}],"about":[{"href":"https:\/\/www.europesays.com\/fr\/wp-json\/wp\/v2\/types\/post"}],"author":[{"embeddable":true,"href":"https:\/\/www.europesays.com\/fr\/wp-json\/wp\/v2\/users\/2"}],"replies":[{"embeddable":true,"href":"https:\/\/www.europesays.com\/fr\/wp-json\/wp\/v2\/comments?post=431158"}],"version-history":[{"count":0,"href":"https:\/\/www.europesays.com\/fr\/wp-json\/wp\/v2\/posts\/431158\/revisions"}],"wp:featuredmedia":[{"embeddable":true,"href":"https:\/\/www.europesays.com\/fr\/wp-json\/wp\/v2\/media\/431159"}],"wp:attachment":[{"href":"https:\/\/www.europesays.com\/fr\/wp-json\/wp\/v2\/media?parent=431158"}],"wp:term":[{"taxonomy":"category","embeddable":true,"href":"https:\/\/www.europesays.com\/fr\/wp-json\/wp\/v2\/categories?post=431158"},{"taxonomy":"post_tag","embeddable":true,"href":"https:\/\/www.europesays.com\/fr\/wp-json\/wp\/v2\/tags?post=431158"}],"curies":[{"name":"wp","href":"https:\/\/api.w.org\/{rel}","templated":true}]}}