{"id":431162,"date":"2025-10-01T13:00:34","date_gmt":"2025-10-01T13:00:34","guid":{"rendered":"https:\/\/www.europesays.com\/fr\/431162\/"},"modified":"2025-10-01T13:00:34","modified_gmt":"2025-10-01T13:00:34","slug":"inauguration-du-nouvel-auchan-et-de-son-concept-auchan-le-bon","status":"publish","type":"post","link":"https:\/\/www.europesays.com\/fr\/431162\/","title":{"rendered":"inauguration du nouvel Auchan et de son concept \u00ab Auchan, le bon \u00bb"},"content":{"rendered":"<p>Auchan poursuit sa transformation en France et vient d\u2019inaugurer \u00e0 Bordeaux un nouveau supermarch\u00e9 de 2.812 m\u00b2, vitrine de son concept \u00ab Auchan, le bon \u00bb. Situ\u00e9 au c\u0153ur du centre-ville, dans le nouvel ensemble commercial L\u2019all\u00e9e Counord, ce point de vente flambant neuf incarne la strat\u00e9gie du distributeur : valoriser les produits locaux, renforcer l\u2019offre de frais traditionnels et d\u00e9velopper de nouveaux services pour les citadins.<\/p>\n<p>Un supermarch\u00e9 plus grand et plus moderne<\/p>\n<p>Le nouveau magasin prend place juste en face de l\u2019ancien Auchan supermarch\u00e9. Avec <strong>400 m\u00b2 suppl\u00e9mentaires<\/strong>, il atteint d\u00e9sormais <strong>2.812 m\u00b2<\/strong> et devient la locomotive d\u2019un projet immobilier m\u00ealant commerces, bureaux et logements. Le site dispose d\u2019un <strong>parking souterrain de 102 places<\/strong> et d\u2019un <strong>garage \u00e0 v\u00e9los de 60 emplacements<\/strong>, r\u00e9pondant aux besoins de mobilit\u00e9 urbaine. \u00c0 terme, 87 logements et plusieurs commerces de proximit\u00e9 viendront compl\u00e9ter l\u2019ensemble, dont une all\u00e9e pi\u00e9tonne v\u00e9g\u00e9talis\u00e9e pr\u00e9vue pour 2027.<\/p>\n<p><img fetchpriority=\"high\" decoding=\"async\" width=\"907\" height=\"680\" data-id=\"84421\" src=\"https:\/\/www.bougerabordeaux.com\/wp-content\/uploads\/2025\/10\/auchan-le-bon-bordeaux-6.webp\" alt=\"\" class=\"wp-image-84421\"  \/>\u00c0 Bordeaux, Auchan inaugure un supermarch\u00e9 moderne de 2.812 m\u00b2, vitrine du concept \u00ab Auchan, le bon \u00bb, valorisant produits locaux, fra\u00eecheur et services innovants pour citadins.<\/p>\n<p><img loading=\"lazy\" decoding=\"async\" width=\"978\" height=\"650\" data-id=\"84422\" src=\"https:\/\/www.bougerabordeaux.com\/wp-content\/uploads\/2025\/10\/auchan-le-bon-bordeaux-4.webp\" alt=\"\" class=\"wp-image-84422\"  \/>Bordeaux accueille le nouveau supermarch\u00e9 Auchan, plus grand et centr\u00e9 sur la qualit\u00e9. Le concept \u00ab Auchan, le bon \u00bb met en avant producteurs locaux et offres fra\u00eeches.<\/p>\n<p>Accessible en tramway et situ\u00e9 en pied d\u2019immeuble avec 6.000 m\u00b2 de bureaux voisins, ce supermarch\u00e9 emploie <strong>55 salari\u00e9s<\/strong>.<\/p>\n<p>Le concept \u00ab Auchan, le bon \u00bb d\u00e9clin\u00e9 en version super<\/p>\n<p>D\u00e9j\u00e0 lanc\u00e9 dans plusieurs hypermarch\u00e9s (Valenciennes, Mandelieu-La-Napoule, Fr\u00e9jus), le concept \u00ab Auchan, le bon \u00bb se d\u00e9cline d\u00e9sormais dans les supermarch\u00e9s. Les rayons mettent en avant des slogans simples et visibles : \u00ab le pain, le bon \u00bb, \u00ab le traiteur, le bon \u00bb, \u00ab le poisson, le bon \u00bb. <strong>L\u2019objectif est clair : replacer la qualit\u00e9, la fra\u00eecheur et la proximit\u00e9 au centre de l\u2019exp\u00e9rience client.<\/strong><\/p>\n<p>La zone march\u00e9 a \u00e9t\u00e9 rebaptis\u00e9e <strong>\u00ab Les Halles \u00bb<\/strong>, avec 50 % de la surface suppl\u00e9mentaire d\u00e9di\u00e9e aux stands traditionnels : boucherie coupe, banc mar\u00e9e, boulangerie-p\u00e2tisserie. L\u2019assortiment s\u2019appuie notamment sur <strong>55 producteurs locaux<\/strong>, valoris\u00e9s par une mise en avant sp\u00e9cifique. Les produits faits maison sont \u00e9galement renforc\u00e9s, avec par exemple des p\u00e2tisseries fournies par l\u2019hypermarch\u00e9 Auchan Bordeaux-Lac, dans une logique de compl\u00e9mentarit\u00e9 entre hypers et supers.<\/p>\n<p><img loading=\"lazy\" decoding=\"async\" width=\"946\" height=\"680\" data-id=\"84424\" src=\"https:\/\/www.bougerabordeaux.com\/wp-content\/uploads\/2025\/10\/auchan-le-bon-bordeaux-5.webp\" alt=\"\" class=\"wp-image-84424\"  \/>\u00c0 Bordeaux, Auchan d\u00e9voile son concept \u00ab Auchan, le bon \u00bb dans un supermarch\u00e9 agrandi, offrant stands traditionnels, click &amp; collect, snacking et proximit\u00e9 avec l\u2019hypermarch\u00e9 voisin.<\/p>\n<p><img loading=\"lazy\" decoding=\"async\" width=\"1003\" height=\"521\" data-id=\"84423\" src=\"https:\/\/www.bougerabordeaux.com\/wp-content\/uploads\/2025\/10\/auchan-le-bon-bordeaux-3.webp\" alt=\"\" class=\"wp-image-84423\"  \/>Nouveau \u00e0 Bordeaux : le supermarch\u00e9 Auchan modernis\u00e9 propose 2.812 m\u00b2 d\u00e9di\u00e9s au frais, aux producteurs locaux et \u00e0 la convivialit\u00e9. Le concept \u00ab Auchan, le bon \u00bb s\u00e9duit.<\/p>\n<p>Une \u00ab zone de vie \u00bb pens\u00e9e pour les Bordelais<\/p>\n<p><strong>Ce magasin s\u2019inscrit dans le plan de relance d\u2019Auchan d\u00e9voil\u00e9 fin 2024, qui vise \u00e0 transformer les hypermarch\u00e9s en v\u00e9ritables plateformes r\u00e9gionales<\/strong>. Ces derniers pr\u00e9parent d\u00e9sormais une partie des produits et commandes destin\u00e9s aux supermarch\u00e9s, drives et services de livraison. Bordeaux est l\u2019un des territoires pilotes de ce mod\u00e8le.<\/p>\n<p>Le supermarch\u00e9 met aussi l\u2019accent sur les nouveaux usages :<\/p>\n<ul class=\"wp-block-list\">\n<li><strong>casiers click &amp; collect<\/strong> s\u00e9curis\u00e9s \u00e0 l\u2019int\u00e9rieur,<\/li>\n<li><strong>service drive avec retrait au coffre<\/strong>,<\/li>\n<li>possibilit\u00e9 de \u00ab l\u00e2cher son chariot \u00bb pour r\u00e9cup\u00e9rer ses courses plus tard ou opter pour la livraison,<\/li>\n<li><strong>point relais La Poste<\/strong>,<\/li>\n<li>espace snacking et d\u00e9tente pour la pause d\u00e9jeuner.<\/li>\n<\/ul>\n<p>Ouvert de <strong>8h30 \u00e0 20h30<\/strong>, le magasin propose \u00e9galement un kiosque boulangerie accessible d\u00e8s 7h30. Les clients disposent de <strong>4 caisses traditionnelles<\/strong> et de <strong>9 caisses libre-service<\/strong>.<\/p>\n<p><img loading=\"lazy\" decoding=\"async\" width=\"1020\" height=\"679\" data-id=\"84425\" src=\"https:\/\/www.bougerabordeaux.com\/wp-content\/uploads\/2025\/10\/auchan-le-bon-bordeaux-2.webp\" alt=\"\" class=\"wp-image-84425\"  \/>Auchan Bordeaux inaugure un supermarch\u00e9 plus spacieux, int\u00e9grant \u00ab Auchan, le bon \u00bb. Produits frais, innovation digitale, services pratiques et ancrage local d\u00e9finissent cette nouvelle exp\u00e9rience d\u2019achat.<\/p>\n<p><img loading=\"lazy\" decoding=\"async\" width=\"1017\" height=\"680\" data-id=\"84426\" src=\"https:\/\/www.bougerabordeaux.com\/wp-content\/uploads\/2025\/10\/auchan-le-bon-bordeaux.webp\" alt=\"\" class=\"wp-image-84426\"  \/>Le nouveau supermarch\u00e9 Auchan \u00e0 Bordeaux devient vitrine de \u00ab Auchan, le bon \u00bb. Plus grand, il allie tradition, modernit\u00e9, services connect\u00e9s et valorisation des producteurs r\u00e9gionaux<\/p>\n<p>Un r\u00f4le strat\u00e9gique pour Auchan \u00e0 Bordeaux<\/p>\n<p><strong>Avec ce nouvel espace situ\u00e9 au 42-50 Avenue Emile Counord \u00e0 Bordeaux, Auchan confirme son ambition de renforcer son ancrage dans les grandes villes et d\u2019adapter son offre aux attentes locales.<\/strong> Plus moderne, plus pratique et centr\u00e9 sur le frais, le supermarch\u00e9 bordelais illustre la volont\u00e9 de l\u2019enseigne de combiner sa puissance nationale avec une forte proximit\u00e9 territoriale. <strong>A voir si cela va convenir aux modes de consommation des Bordelais.<\/strong><\/p>\n<p>A lire aussi : <a href=\"https:\/\/www.bougerabordeaux.com\/actu\/john-williams-quitte-son-role-de-directeur-sportif-benevole-aux-girondins-de-bordeaux\/\" rel=\"nofollow noopener\" target=\"_blank\">John Williams quitte son r\u00f4le de directeur sportif b\u00e9n\u00e9vole aux Girondins de Bordeaux<\/a><\/p>\n","protected":false},"excerpt":{"rendered":"Auchan poursuit sa transformation en France et vient d\u2019inaugurer \u00e0 Bordeaux un nouveau supermarch\u00e9 de 2.812 m\u00b2, vitrine&hellip;\n","protected":false},"author":2,"featured_media":431163,"comment_status":"","ping_status":"","sticky":false,"template":"","format":"standard","meta":{"footnotes":""},"categories":[2817],"tags":[1111,11,1997,1777,674,1011,27,12,2219,25],"class_list":{"0":"post-431162","1":"post","2":"type-post","3":"status-publish","4":"format-standard","5":"has-post-thumbnail","7":"category-bordeaux","8":"tag-actu","9":"tag-actualites","10":"tag-bordeaux","11":"tag-eu","12":"tag-europe","13":"tag-fr","14":"tag-france","15":"tag-news","16":"tag-nouvelle-aquitaine","17":"tag-republique-francaise"},"share_on_mastodon":{"url":"https:\/\/pubeurope.com\/@fr\/115299041280830040","error":""},"_links":{"self":[{"href":"https:\/\/www.europesays.com\/fr\/wp-json\/wp\/v2\/posts\/431162","targetHints":{"allow":["GET"]}}],"collection":[{"href":"https:\/\/www.europesays.com\/fr\/wp-json\/wp\/v2\/posts"}],"about":[{"href":"https:\/\/www.europesays.com\/fr\/wp-json\/wp\/v2\/types\/post"}],"author":[{"embeddable":true,"href":"https:\/\/www.europesays.com\/fr\/wp-json\/wp\/v2\/users\/2"}],"replies":[{"embeddable":true,"href":"https:\/\/www.europesays.com\/fr\/wp-json\/wp\/v2\/comments?post=431162"}],"version-history":[{"count":0,"href":"https:\/\/www.europesays.com\/fr\/wp-json\/wp\/v2\/posts\/431162\/revisions"}],"wp:featuredmedia":[{"embeddable":true,"href":"https:\/\/www.europesays.com\/fr\/wp-json\/wp\/v2\/media\/431163"}],"wp:attachment":[{"href":"https:\/\/www.europesays.com\/fr\/wp-json\/wp\/v2\/media?parent=431162"}],"wp:term":[{"taxonomy":"category","embeddable":true,"href":"https:\/\/www.europesays.com\/fr\/wp-json\/wp\/v2\/categories?post=431162"},{"taxonomy":"post_tag","embeddable":true,"href":"https:\/\/www.europesays.com\/fr\/wp-json\/wp\/v2\/tags?post=431162"}],"curies":[{"name":"wp","href":"https:\/\/api.w.org\/{rel}","templated":true}]}}