{"id":431164,"date":"2025-10-01T13:01:09","date_gmt":"2025-10-01T13:01:09","guid":{"rendered":"https:\/\/www.europesays.com\/fr\/431164\/"},"modified":"2025-10-01T13:01:09","modified_gmt":"2025-10-01T13:01:09","slug":"festival-stand-up-marches-le-programme-doctobre-rose-a-bordeaux-et-dans-toute-la-gironde","status":"publish","type":"post","link":"https:\/\/www.europesays.com\/fr\/431164\/","title":{"rendered":"Festival, stand-up, marches&#8230; Le programme d&rsquo;Octobre Rose \u00e0 Bordeaux et dans toute la Gironde"},"content":{"rendered":"<p>Plusieurs associations et communes girodines organisent des \u00e9v\u00e9nements caritatifs pour collecter des fonds pour financer la lutte contre le cancer du sein.<\/p>\n<p>Spectacles, course \u00e0 pied, ateliers&#8230; De nombreux \u00e9v\u00e9nements sont pr\u00e9vus, tout au long du mois d&rsquo;octobre, en Gironde dans le cadre de <a href=\"https:\/\/www.bfmtv.com\/sante\/video-octobre-rose-debut-d-un-mois-de-sensibilisation-au-cancer-du-sein_VN-202510010522.html\" title=\"Octobre rose: d\u00e9but d&#039;un mois de sensibilisation au cancer du sein\" class=\"internal_link\" rel=\"nofollow noopener\" target=\"_blank\">l&rsquo;op\u00e9ration Octore Rose<\/a>. L&rsquo;objectif est de r\u00e9colter un maximum de fonds pour financer la lutter contre le cancer du sein.<\/p>\n<p>Le collectif de patientes touch\u00e9es par un cancer Jeune &amp; Rose organise le festival T\u00e9l\u00e9t\u00e9ton, le samedi 4 octobre, \u00e0 Cenon. L&rsquo;\u00e9v\u00e9nement se tiendra dans la salle de spectacle Le Rocher de Palmer. Le but est de \u00ab\u00a0parler des seins sous toutes leurs formes\u00a0\u00bb et \u00ab\u00a0apprendre \u00e0 les conna\u00eetre, \u00e0 les palper, et \u00e0 oser en parler\u00a0\u00bb, <a href=\"https:\/\/www.instagram.com\/p\/DKrzHAGo4iH\/?hl=fr\" target=\"_blank\" class=\"external_link\" rel=\"nofollow noopener\">pr\u00e9cise le collectif sur Instagram<\/a>.<\/p>\n<p>Pendant l&rsquo;apr\u00e8s-midi, les participants pourront participer \u00e0 des ateliers pour, par exemple, apprendre l&rsquo;autopalpation, des expositions ou rencontrer des illustratrices. La soir\u00e9e se cl\u00f4turera par un plateau stand-up avec Nadege 100 Gene, Lou Trotignon, Laure Domenge, Tahnee et B\u00e9atrice de la Boulaye.<\/p>\n<p>Ces samedi 4 et dimanche 5 octobre, la ville de Talence proposera, de son c\u00f4t\u00e9, un atelier en partenariat avec l&rsquo;\u00e9tablissement Rose Tattoo, bas\u00e9 \u00e0 Bordeaux. Ce dernier offrira des tatouages de reconstruction aux femmes touch\u00e9es par le cancer du sein.<\/p>\n<p>\u00c0 Bordeaux, le Mus\u00e9e Mer Marine ouvrira ses portes, le samedi 11 octobre, \u00e0 l&rsquo;occasion d&rsquo;une soir\u00e9e lors de laquelle se tiendra une table ronde. La championne de surf Maud Le Car, l&rsquo;artiste Claire Pasquier et les chirurgiennes Am\u00e9lie Gesson-Paute et A\u00efcha N&rsquo;Doye participeront aux d\u00e9bats.<\/p>\n<p>Le Challenge du Ruban Rose de retour \u00e0 Bordeaux<\/p>\n<p>Le m\u00eame soir, le festival La Reine des Reynettes se tiendra \u00e0 Blanquefort, dans la salle de spectacle Fongravey. Sugar&amp;Tiger, Menni Jab, AKM, Vincent Jouffroy ou encore Kink Kong Blues se succ\u00e8deront sur sc\u00e8ne de 18 heures \u00e0 minuit, le samedi 11 octobre. Tous les b\u00e9n\u00e9fices seront revers\u00e9s \u00e0 l&rsquo;association Rose M\u00e9doc.<\/p>\n<p>Dans le bassin d&rsquo;Arcachon, la ville d&rsquo;Ar\u00e8s a illumin\u00e9 la tour de la commune, ce mardi 30 septembre. La municipalit\u00e9 organise \u00e9galement une marche solidaire ce dimanche 12 octobre \u00e0 10 heures. Le d\u00e9part se fera au bassin de baignade de Saint-Brice. Les participants devront venir en tenue rose. La participation de 5 euros sera int\u00e9gralement vers\u00e9e \u00e0 la Ligue contre le cancer.<\/p>\n<p>\u00c0 Mios, une commune voisine d&rsquo;Ar\u00e8s, des ateliers cr\u00e9atifs solidaires seront organis\u00e9s les 15 et 18 octobre. Les participants pourront cr\u00e9er des marques-pages et des bracelets.<\/p>\n<p>\u00c0 la fin du mois, les samedi 25 et dimanche 26 octobre, le Challenge du Ruban Rose sera organis\u00e9 sur les quais de Bordeaux. Il s&rsquo;agit de courses \u00e0 pied et de marches, organis\u00e9es pendant deux jours. Les d\u00e9parts auront lieu le samedi \u00e0 8h45 et 9 heures, et le dimanche \u00e0 8h55 et 9h15. L&rsquo;an dernier, 20.000 personnes avaient pris part \u00e0 l&rsquo;\u00e9v\u00e9nement.<\/p>\n<p><script async src=\"\/\/www.instagram.com\/embed.js\"><\/script><\/p>\n","protected":false},"excerpt":{"rendered":"Plusieurs associations et communes girodines organisent des \u00e9v\u00e9nements caritatifs pour collecter des fonds pour financer la lutte contre&hellip;\n","protected":false},"author":2,"featured_media":431165,"comment_status":"","ping_status":"","sticky":false,"template":"","format":"standard","meta":{"footnotes":""},"categories":[2817],"tags":[1111,11,1997,1777,674,1011,27,12,2219,25],"class_list":{"0":"post-431164","1":"post","2":"type-post","3":"status-publish","4":"format-standard","5":"has-post-thumbnail","7":"category-bordeaux","8":"tag-actu","9":"tag-actualites","10":"tag-bordeaux","11":"tag-eu","12":"tag-europe","13":"tag-fr","14":"tag-france","15":"tag-news","16":"tag-nouvelle-aquitaine","17":"tag-republique-francaise"},"share_on_mastodon":{"url":"https:\/\/pubeurope.com\/@fr\/115299043717898385","error":""},"_links":{"self":[{"href":"https:\/\/www.europesays.com\/fr\/wp-json\/wp\/v2\/posts\/431164","targetHints":{"allow":["GET"]}}],"collection":[{"href":"https:\/\/www.europesays.com\/fr\/wp-json\/wp\/v2\/posts"}],"about":[{"href":"https:\/\/www.europesays.com\/fr\/wp-json\/wp\/v2\/types\/post"}],"author":[{"embeddable":true,"href":"https:\/\/www.europesays.com\/fr\/wp-json\/wp\/v2\/users\/2"}],"replies":[{"embeddable":true,"href":"https:\/\/www.europesays.com\/fr\/wp-json\/wp\/v2\/comments?post=431164"}],"version-history":[{"count":0,"href":"https:\/\/www.europesays.com\/fr\/wp-json\/wp\/v2\/posts\/431164\/revisions"}],"wp:featuredmedia":[{"embeddable":true,"href":"https:\/\/www.europesays.com\/fr\/wp-json\/wp\/v2\/media\/431165"}],"wp:attachment":[{"href":"https:\/\/www.europesays.com\/fr\/wp-json\/wp\/v2\/media?parent=431164"}],"wp:term":[{"taxonomy":"category","embeddable":true,"href":"https:\/\/www.europesays.com\/fr\/wp-json\/wp\/v2\/categories?post=431164"},{"taxonomy":"post_tag","embeddable":true,"href":"https:\/\/www.europesays.com\/fr\/wp-json\/wp\/v2\/tags?post=431164"}],"curies":[{"name":"wp","href":"https:\/\/api.w.org\/{rel}","templated":true}]}}