{"id":43117,"date":"2025-04-22T04:42:11","date_gmt":"2025-04-22T04:42:11","guid":{"rendered":"https:\/\/www.europesays.com\/fr\/43117\/"},"modified":"2025-04-22T04:42:11","modified_gmt":"2025-04-22T04:42:11","slug":"la-confusion-regne-rue-dalsace","status":"publish","type":"post","link":"https:\/\/www.europesays.com\/fr\/43117\/","title":{"rendered":"la confusion r\u00e8gne rue d&rsquo;Alsace"},"content":{"rendered":"<p>            Par<br \/>\n        <strong><br \/>\n            <a href=\"https:\/\/actu.fr\/auteur\/lea-afonso\" title=\"Consulter tous les articles de L\u00e9a Afonso\" target=\"_blank\" rel=\"noopener\">L\u00e9a Afonso<\/a><br \/>\n        <\/strong><\/p>\n<p>        Publi\u00e9 le<\/p>\n<p>            22 avr. 2025 \u00e0 6h04        <\/p>\n<p>V\u00e9los qui roulent vite, pi\u00e9tons qui ne regardent pas en traversant\u2026 Ceux qui empruntent fr\u00e9quemment la <strong>rue d\u2019Alsace-Lorraine<\/strong> \u00e0 <a href=\"https:\/\/actu.fr\/toulouse\/\" target=\"_blank\" rel=\"noopener\">Toulouse<\/a> connaissent ces probl\u00e8mes, parfois <strong>dangereux<\/strong>. Des d\u00e9sagr\u00e9ments qui se sont amplifi\u00e9s depuis l\u2019effa\u00e7age de la piste cyclable au mois de janvier\u00a02025. Depuis, la cohabitation entre pi\u00e9tons et cyclistes n\u2019est que plus compliqu\u00e9e, explications.<\/p>\n<p>Marquage et effa\u00e7age<\/p>\n<p class=\" wall-content\">C\u2019\u00e9tait un test qui avait fait d\u00e9bat\u2009: la mise en place d\u2019une piste cyclable incitative, mat\u00e9rialis\u00e9e par un<strong> marquage orange<\/strong>, le long de la rue d\u2019Alsace-Lorraine. Pi\u00e9tons m\u00e9contents, cyclistes mitig\u00e9s, Actu Toulouse <a href=\"https:\/\/actu.fr\/occitanie\/toulouse_31555\/toulouse-une-piste-cyclable-originale-s-installe-dans-cette-grande-rue-ce-qu-en-pensent-les-usagers_61215382.html\" target=\"_blank\" rel=\"noopener\">vous le racontait \u00e0 l\u2019\u00e9t\u00e9 dernier<\/a>. Mais depuis, la situation a quelque\u00a0peu \u00e9volu\u00e9 sur cet axe traversant de la Ville rose. La piste a \u00e9t\u00e9 effac\u00e9e fin janvier\u00a02025.<\/p>\n<p>      <img   decoding=\"async\" loading=\"lazy\" src=\"https:\/\/www.europesays.com\/fr\/wp-content\/uploads\/2025\/04\/whatsapp-image-2025-01-31-a-101200-d558ffd0-960x640.jpg\" alt=\"En janvier, le marquage de la piste venait tout juste d'\u00eatre effac\u00e9. Au sol, le sable \u00e9tait visible\" width=\"960\" height=\"640\"\/><br \/>\n    En janvier, le marquage de la piste venait tout juste d\u2019\u00eatre effac\u00e9. Au sol, le sable \u00e9tait visible (\u00a9L\u00e9a Afonso \/ Actu Toulouse)<\/p>\n<p class=\" wall-content\">\u00ab\u00a0Elle faisait partie d\u2019une <strong>exp\u00e9rimentation <\/strong>lanc\u00e9e \u00e0 la demande d\u2019un collectif d\u2019habitants. Durant sa mise en place, nous avons r\u00e9alis\u00e9 des \u00e9tudes, faits des comptages, nous sommes rendus sur place afin de r\u00e9aliser des questionnaires aupr\u00e8s des utilisateurs, \u00e9changer avec les associations\u2026 sur le sujet de cette piste justement\u2009\u00bb, explique Maxime Boyer, adjoint au maire. D\u00e9sormais, une nouvelle phase du projet, <strong>l\u2019effa\u00e7age de la piste,<\/strong> est <strong>effective jusqu\u2019en juin<\/strong>. \u00ab\u00a0\u00c0 l\u2019issue de cette p\u00e9riode, nous referons une \u00e9tude et verrons ce que nous d\u00e9cidons \u00e0 long terme\u00a0\u00bb, compl\u00e8te l\u2019adjoint.<\/p>\n<p class=\" wall-content\">\u00c0 ce stade, il est trop t\u00f4t pour tirer toute conclusion quant \u00e0 cette exp\u00e9rimentation. \u00ab\u2009Mais des premiers retours que nous avons, ce sont des avis assez personnels. Certaines personnes trouvent que c\u2019\u00e9tait mieux avec une piste, d\u2019autres pr\u00e9f\u00e8rent maintenant\u2009\u00bb.<\/p>\n<p>Les pi\u00e9tons prioritaires<\/p>\n<p class=\" wall-content\">Mais alors que de tels probl\u00e8mes \u00e9mergent, les Toulousains ont tendance \u00e0 oublier un aspect essentiel\u2009: \u00ab<a href=\"https:\/\/actu.fr\/occitanie\/toulouse_31555\/cest-enfin-la-fin-des-travaux-rue-alsace-lorraine-a-toulouse_3480468.html\" target=\"_blank\" rel=\"noopener\"><strong>\u2009Depuis la r\u00e9novation<\/strong> de la voie lanc\u00e9e lors du mandat de Pierre Cohen<\/a>, les <strong>pi\u00e9tons<\/strong> ont toujours \u00e9t\u00e9 <strong>prioritaires<\/strong>, <strong>d\u2019un bout \u00e0 l\u2019autre de la rue, de la fa\u00e7ade gauche \u00e0 la fa\u00e7ade droite<\/strong>\u2009\u00bb, ajoute Maxime Boyer.<\/p>\n<p class=\" wall-content\">Cela signifie qu\u2019y compris<strong>\u00a0sur la piste<\/strong> cyclable qui \u00e9tait mat\u00e9rialis\u00e9e, les pi\u00e9tons avaient le droit de traverser n\u2019importe o\u00f9 et n\u2019importe quand. La question de la s\u00e9curit\u00e9 peut tout de m\u00eame se poser, quant \u00e0 la travers\u00e9e de la voie.<\/p>\n<p>Une rue interdite aux v\u00e9los\u2009?<\/p>\n<p class=\" wall-content\">\u00ab\u2009La rue d\u2019Alsace-Lorraine pose un r\u00e9el probl\u00e8me. On l\u2019a vu, avec une piste d\u00e9di\u00e9e, les <strong>cyclistes<\/strong> ont tendance \u00e0 <strong>rouler vite,<\/strong> voire trop vite. Mais en parall\u00e8le, <strong>sans piste, pi\u00e9tons et cyclistes circulent n\u2019importe comment<\/strong>. Il faut trouver une vraie solution de cohabitation entre tous\u2009\u00bb, conc\u00e8de S\u00e9bastien Bosvieux, vice-pr\u00e9sident de l\u2019association 2 pieds 2 roues.<\/p>\n<p>      <img   decoding=\"async\" loading=\"lazy\" src=\"https:\/\/www.europesays.com\/fr\/wp-content\/uploads\/2025\/04\/img-1824-960x640.jpg\" alt=\"V\u00e9los, trottinettes \u00e9lectriques, vont-ils rester rue Alsace ? \" width=\"960\" height=\"640\"\/><br \/>\n    V\u00e9los, trottinettes \u00e9lectriques, vont-ils rester rue d\u2019Alsace-Lorraine\u2009? (\u00a9L\u00e9a Afonso \/ Actu Toulouse)<\/p>\n<p class=\" wall-content\">Certaines associations opteraient alors pour une <strong>d\u00e9viation, voire une interdiction de passage<\/strong>. \u00ab\u2009Ce qui nous pend au nez, c\u2019est une interdiction cycliste de la rue. Alors, il faut que la ville r\u00e9fl\u00e9chisse \u00e0 des am\u00e9nagements pour relier les Carmes \u00e0 Jeanne d\u2019Arc sans passer par cet axe-l\u00e0. Mais on a conscience qu\u2019il s\u2019agit d\u2019un probl\u00e8me insoluble, parce qu\u2019en passant par les bords de Garonne ou les boulevards, on s\u2019\u00e9loigne du centre\u2009\u00bb, affirme le vice-pr\u00e9sident de 2 pieds 2 roues.<\/p>\n<p class=\" wall-content\">\u00ab\u2009Ce sont des choses qui seront discut\u00e9es \u00e0 la fin de cette deuxi\u00e8me phase d\u2019exp\u00e9rimentation. Mais il existe d\u00e9j\u00e0 <strong>d\u2019autres cheminements<\/strong> en passant pas la<strong> rue de R\u00e9muzat<\/strong>, ou la <strong>rue Sainte-Ursule<\/strong>. Une chose est s\u00fbre, on ne va pas \u2018d\u00e9truire\u2019 la rue Alsace pour refaire un am\u00e9nagement\u2009\u00bb, compl\u00e8te m\u2019adjoint au maire.<\/p>\n<p>Verbaliser, une solution\u2009?<\/p>\n<p class=\" wall-content\">Autre solution plus facile et rapide \u00e0 mettre en place\u2009: la <a href=\"https:\/\/actu.fr\/occitanie\/toulouse_31555\/toulouse-verbalisations-des-cyclistes-les-esprits-s-echauffent-entre-la-mairie-et-cette-association_62509792.html\" target=\"_blank\" rel=\"noopener\"><strong>verbalisation<\/strong><\/a>. La mairie de Toulouse l\u2019a d\u00e9j\u00e0 exp\u00e9riment\u00e9 ces derni\u00e8res semaines avec<a href=\"https:\/\/actu.fr\/occitanie\/toulouse_31555\/code-de-la-rue-a-toulouse-300-personnes-verbalisees-voici-les-infractions-les-plus-frequentes_62373467.html\" target=\"_blank\" rel=\"noopener\"> un contr\u00f4le plus important des cyclistes<\/a>, dans le cadre du <a href=\"https:\/\/actu.fr\/occitanie\/toulouse_31555\/circulation-tendue-a-toulouse-la-mairie-publie-son-code-de-la-rue-de-quoi-s-agit-il_61020251.html\" target=\"_blank\" rel=\"noopener\">code de la rue<\/a>, qui rappelle l\u2019ensemble des bonnes conduites \u00e0 adopter pour les usagers du domaine public.<\/p>\n<p class=\" wall-content\">\u00ab\u2009On n\u2019est pas contre la verbalisation, mais lorsque les am\u00e9nagements ne sont pas adapt\u00e9s aux cyclistes \u2014 comme ici rue d\u2019Alsace-Lorraine \u2014, il est difficile de penser \u00e0 l\u2019efficacit\u00e9 des contraventions\u2009\u00bb, compl\u00e8te 2 pieds 2 roues. Pour le moment, aucun contr\u00f4le de ce type n\u2019a \u00e9t\u00e9 effectu\u00e9 rue Alsace. \u00ab\u2009Le plus important pour nous reste <strong>la s\u00e9curit\u00e9 du plus vuln\u00e9rable<\/strong>\u2009\u00bb, termine Maxime Boyer.<\/p>\n<p class=\" wall-content\">Rendez-vous donc au mois de juin pour avoir le fin mot de cette fameuse piste\u2009!<\/p>\n<p>Rue d&rsquo;Alsace-Lorraine et rue de Metz : quelle strat\u00e9gie ? <\/p>\n<p>Il est important ici de rappeler que la rue d&rsquo;Alsace-Lorraine a \u00e9t\u00e9 r\u00e9nov\u00e9e sous une autre mairie. \u00ab\u00a0La strat\u00e9gie \u00e9tait diff\u00e9rente de celle que nous mettons en place aujourd&rsquo;hui\u00a0\u00bb, affirme Maxime Boyer. En effet, \u00e0 l&rsquo;\u00e9poque, l&rsquo;accent n&rsquo;\u00e9tait pas forc\u00e9ment mis sur les v\u00e9los. <br \/>\u00ab\u00a0Sous le mandat de Jean-Luc Moudenc, nous avons r\u00e9nov\u00e9 la rue de Metz en optant pour la mat\u00e9rialisation d&rsquo;une piste cyclable au milieu d&rsquo;une voie pi\u00e9tonne. C&rsquo;est une approche quelque peu diff\u00e9rente. Mais ce qui est int\u00e9ressant, c&rsquo;est qu&rsquo;\u00e0 terme, nous pourrons analyser ces deux strat\u00e9gies et en tirer des enseignements pour la suite\u00a0\u00bb, ajoute l&rsquo;adjoint au maire.<\/p>\n<p class=\" wall-content\">Suivez toute l\u2019actualit\u00e9 de vos villes et m\u00e9dias favoris en vous inscrivant \u00e0 <a href=\"https:\/\/moncompte.actu.fr\" title=\"D\u00e9couvez Mon Actu\" rel=\"nofollow noopener\" data-trk=\"{&quot;cta&quot;:{&quot;action&quot;:&quot;https:\\\/\\\/moncompte.actu.fr&quot;,&quot;category&quot;:&quot;mon compte&quot;,&quot;from&quot;:&quot;article footer&quot;,&quot;name&quot;:&quot;Mon actu&quot;,&quot;type&quot;:&quot;cta&quot;}}\" target=\"_blank\">Mon Actu<\/a>.<\/p>\n","protected":false},"excerpt":{"rendered":"Par L\u00e9a Afonso Publi\u00e9 le 22 avr. 2025 \u00e0 6h04 V\u00e9los qui roulent vite, pi\u00e9tons qui ne regardent&hellip;\n","protected":false},"author":2,"featured_media":43118,"comment_status":"","ping_status":"","sticky":false,"template":"","format":"standard","meta":{"footnotes":""},"categories":[2816],"tags":[1111,11,3542,1777,674,1011,27,12,2680,4798,25,104,2312,208],"class_list":{"0":"post-43117","1":"post","2":"type-post","3":"status-publish","4":"format-standard","5":"has-post-thumbnail","7":"category-toulouse","8":"tag-actu","9":"tag-actualites","10":"tag-circulation","11":"tag-eu","12":"tag-europe","13":"tag-fr","14":"tag-france","15":"tag-news","16":"tag-occitanie","17":"tag-pistes-cyclables","18":"tag-republique-francaise","19":"tag-societe","20":"tag-toulouse","21":"tag-velo"},"share_on_mastodon":{"url":"https:\/\/pubeurope.com\/@fr\/114379787060643899","error":""},"_links":{"self":[{"href":"https:\/\/www.europesays.com\/fr\/wp-json\/wp\/v2\/posts\/43117","targetHints":{"allow":["GET"]}}],"collection":[{"href":"https:\/\/www.europesays.com\/fr\/wp-json\/wp\/v2\/posts"}],"about":[{"href":"https:\/\/www.europesays.com\/fr\/wp-json\/wp\/v2\/types\/post"}],"author":[{"embeddable":true,"href":"https:\/\/www.europesays.com\/fr\/wp-json\/wp\/v2\/users\/2"}],"replies":[{"embeddable":true,"href":"https:\/\/www.europesays.com\/fr\/wp-json\/wp\/v2\/comments?post=43117"}],"version-history":[{"count":0,"href":"https:\/\/www.europesays.com\/fr\/wp-json\/wp\/v2\/posts\/43117\/revisions"}],"wp:featuredmedia":[{"embeddable":true,"href":"https:\/\/www.europesays.com\/fr\/wp-json\/wp\/v2\/media\/43118"}],"wp:attachment":[{"href":"https:\/\/www.europesays.com\/fr\/wp-json\/wp\/v2\/media?parent=43117"}],"wp:term":[{"taxonomy":"category","embeddable":true,"href":"https:\/\/www.europesays.com\/fr\/wp-json\/wp\/v2\/categories?post=43117"},{"taxonomy":"post_tag","embeddable":true,"href":"https:\/\/www.europesays.com\/fr\/wp-json\/wp\/v2\/tags?post=43117"}],"curies":[{"name":"wp","href":"https:\/\/api.w.org\/{rel}","templated":true}]}}