{"id":431174,"date":"2025-10-01T13:07:19","date_gmt":"2025-10-01T13:07:19","guid":{"rendered":"https:\/\/www.europesays.com\/fr\/431174\/"},"modified":"2025-10-01T13:07:19","modified_gmt":"2025-10-01T13:07:19","slug":"10-000-euros-pour-aider-les-coproprietaires-des-catalans-a-preserver-loeuvre-de-banksy","status":"publish","type":"post","link":"https:\/\/www.europesays.com\/fr\/431174\/","title":{"rendered":"10 000 euros pour aider les copropri\u00e9taires des Catalans \u00e0 pr\u00e9server l&rsquo;\u0153uvre de Banksy"},"content":{"rendered":"<p>Parmi les 35 rapports soumis au vote, une subvention de 10 000 euros accord\u00e9e aux copropri\u00e9taires de la r\u00e9sidence Les Catalans. C&rsquo;est sur sa fa\u00e7ade qu&rsquo;une \u0153uvre du <a href=\"https:\/\/www.laprovence.com\/article\/societe\/11725655091537\/banksy-naura-pas-survecu-a-marseille-loeuvre-du-street-artiste-pres-de-la-plage-des-catalans-detournee\" target=\"_blank\" rel=\"noopener\">street-artiste Banksy <\/a>a \u00e9t\u00e9 d\u00e9couverte le 30 mai.<\/p>\n<p>Afin de limiter les <a href=\"https:\/\/www.laprovence.com\/article\/societe\/47261761678593\/marseille-le-graff-de-banski-pres-du-banksy-recouvert-par-la-ville-a-la-demande-de-la-copropriete\" target=\"_blank\" rel=\"noopener\">d\u00e9gradations<\/a>, le syndic a spontan\u00e9ment effectu\u00e9 des d\u00e9penses (verre de protection, gardiennage\u2026) \u00ab\u00a0Il \u00e9tait normal que l&rsquo;on accorde cette subvention \u00e0 la copropri\u00e9t\u00e9 qui a tenu bon malgr\u00e9 tout ce qui se passe autour\u00a0\u00bb, d\u00e9clarait la maire avant un vote unanime, embarquant Sabine Bernasconi (LR) et Cl\u00e9mence Parodi (RN). Habitu\u00e9 aux d\u00e9bats, Banksy serait sans doute d\u00e9\u00e7u.\u00a0<\/p>\n","protected":false},"excerpt":{"rendered":"Parmi les 35 rapports soumis au vote, une subvention de 10 000 euros accord\u00e9e aux copropri\u00e9taires de la&hellip;\n","protected":false},"author":2,"featured_media":431175,"comment_status":"","ping_status":"","sticky":false,"template":"","format":"standard","meta":{"footnotes":""},"categories":[2814],"tags":[6541,17,1111,11,4180,2826,1777,674,4658,1011,27,151,884,12,316,471,882,25],"class_list":{"0":"post-431174","1":"post","2":"type-post","3":"status-publish","4":"format-standard","5":"has-post-thumbnail","7":"category-marseille","8":"tag-6541","9":"tag-17","10":"tag-actu","11":"tag-actualites","12":"tag-aider","13":"tag-confidentiels","14":"tag-eu","15":"tag-europe","16":"tag-euros","17":"tag-fr","18":"tag-france","19":"tag-les","20":"tag-marseille","21":"tag-news","22":"tag-politique","23":"tag-pour","24":"tag-provence-alpes-cote-dazur","25":"tag-republique-francaise"},"share_on_mastodon":{"url":"https:\/\/pubeurope.com\/@fr\/115299067123383733","error":""},"_links":{"self":[{"href":"https:\/\/www.europesays.com\/fr\/wp-json\/wp\/v2\/posts\/431174","targetHints":{"allow":["GET"]}}],"collection":[{"href":"https:\/\/www.europesays.com\/fr\/wp-json\/wp\/v2\/posts"}],"about":[{"href":"https:\/\/www.europesays.com\/fr\/wp-json\/wp\/v2\/types\/post"}],"author":[{"embeddable":true,"href":"https:\/\/www.europesays.com\/fr\/wp-json\/wp\/v2\/users\/2"}],"replies":[{"embeddable":true,"href":"https:\/\/www.europesays.com\/fr\/wp-json\/wp\/v2\/comments?post=431174"}],"version-history":[{"count":0,"href":"https:\/\/www.europesays.com\/fr\/wp-json\/wp\/v2\/posts\/431174\/revisions"}],"wp:featuredmedia":[{"embeddable":true,"href":"https:\/\/www.europesays.com\/fr\/wp-json\/wp\/v2\/media\/431175"}],"wp:attachment":[{"href":"https:\/\/www.europesays.com\/fr\/wp-json\/wp\/v2\/media?parent=431174"}],"wp:term":[{"taxonomy":"category","embeddable":true,"href":"https:\/\/www.europesays.com\/fr\/wp-json\/wp\/v2\/categories?post=431174"},{"taxonomy":"post_tag","embeddable":true,"href":"https:\/\/www.europesays.com\/fr\/wp-json\/wp\/v2\/tags?post=431174"}],"curies":[{"name":"wp","href":"https:\/\/api.w.org\/{rel}","templated":true}]}}