{"id":431181,"date":"2025-10-01T13:12:15","date_gmt":"2025-10-01T13:12:15","guid":{"rendered":"https:\/\/www.europesays.com\/fr\/431181\/"},"modified":"2025-10-01T13:12:15","modified_gmt":"2025-10-01T13:12:15","slug":"lhomme-mort-avait-effectue-un-voyage-au-maghreb-et-avait-ete-tres-probablement-ete-mordu-par-un-chien","status":"publish","type":"post","link":"https:\/\/www.europesays.com\/fr\/431181\/","title":{"rendered":"l&rsquo;homme mort avait effectu\u00e9 un voyage au Maghreb et avait \u00e9t\u00e9 \u00ab\u00a0tr\u00e8s probablement\u00a0\u00bb \u00e9t\u00e9 mordu par un chien"},"content":{"rendered":"\n<p class=\"c-chapo \">\n  Le dernier d\u00e9c\u00e8s d\u00fb \u00e0 la rage en France remonte \u00e0 2023. Une patiente \u00e9tait d\u00e9c\u00e9d\u00e9e au centre hospitalier de Reims apr\u00e8s avoir contract\u00e9 la rage lors d&rsquo;un voyage dans un pays du Maghreb o\u00f9 elle avait \u00e9t\u00e9 bless\u00e9e par un chat.\n<\/p>\n<p>      lire plus tard<\/p>\n<p id=\"dialog__title\" class=\"dialog__title\">Pour sauvegarder cet article, connectez-vous ou cr\u00e9ez un compte franceinfo<\/p>\n<p class=\"dialog__description\">Sans paiement. Sans abonnement.<\/p>\n<p>        Fermer la fen\u00eatre d\u2019activation des notifications France Info<\/p>\n<p>      cr\u00e9er votre compte<\/p>\n<p>      se connecter<\/p>\n<p>        Fermer la fen\u00eatre de pr\u00e9sentation<\/p>\n<p>    <img loading=\"lazy\" decoding=\"async\" class=\"signature__image lazyload\" width=\"100\" height=\"100\" data- alt=\"\" src=\"https:\/\/www.europesays.com\/fr\/wp-content\/uploads\/2025\/05\/64a68815cd1a7_placeholder-36b69ec8.png\"\/><\/p>\n<p>    Publi\u00e9 le 01\/10\/2025 13:42<\/p>\n<p>      Mis \u00e0 jour le 01\/10\/2025 13:54<\/p>\n<p>        Temps de lecture : 2min<\/p>\n<p>    <img decoding=\"async\"  alt=\"Un m\u00e9decin \u00e0 l'h\u00f4pital de Perpignan (Pyr\u00e9n\u00e9es-Orientales), le 17 juillet 2024. (ARNAUD LE VU \/ HANS LUCAS \/ AFP)\" width=\"432\" height=\"243\" src=\"https:\/\/www.europesays.com\/fr\/wp-content\/uploads\/2025\/10\/080-hl-alevu-2465961-68dd133e24000696455465.jpg\" fetchpriority=\"high\"\/><\/p>\n<p>      Un m\u00e9decin \u00e0 l&rsquo;h\u00f4pital de Perpignan (Pyr\u00e9n\u00e9es-Orientales), le 17 juillet 2024. (ARNAUD LE VU \/ HANS LUCAS \/ AFP)<\/p>\n<p>L&rsquo;enqu\u00eate sur un tr\u00e8s rare cas de rage en France avance. Le jeune homme qui est <a href=\"https:\/\/www.franceinfo.fr\/sante\/une-enquete-epidemiologique-en-cours-apres-la-mort-d-un-patient-atteint-de-la-rage-a-l-hopital-de-perpignan_7523503.html\" rel=\"nofollow noopener\" target=\"_blank\">mort \u00e0 Perpignan<\/a> avait effectu\u00e9 un voyage au Maghreb, a r\u00e9v\u00e9l\u00e9 le m\u00e9decin infectiologue Julian Cornanglia mercredi 1er octobre \u00e0 l&rsquo;AFP. Une enqu\u00eate \u00e9pid\u00e9miologique est \u00ab\u00a0en cours\u00a0\u00bb pour identifier l&rsquo;origine de la contamination, \u00ab\u00a0tr\u00e8s probablement une morsure de chien\u00a0\u00bb, a ajout\u00e9 le m\u00e9decin du service des maladies infectieuses de l&rsquo;h\u00f4pital de Perpignan, o\u00f9 le patient avait \u00e9t\u00e9 admis. \u00ab\u00a0Les pr\u00e9l\u00e8vements montrent une souche de type canine\u00a0\u00bb, a-t-il pr\u00e9cis\u00e9, soulignant que ni le lieu ni la date de la contamination ne sont encore connus.<\/p>\n<p>\u00ab\u00a0L&rsquo;enqu\u00eate est en train de retracer les d\u00e9placements du patient dans l&rsquo;ann\u00e9e \u00e9coul\u00e9e, car le temps d&rsquo;incubation du virus de la rage peut \u00eatre long\u00a0\u00bb, a poursuivi l&rsquo;infectiologue, soulignant que le jeune homme avait \u00ab\u00a0effectu\u00e9 un voyage au Maghreb\u00a0\u00bb, sans en pr\u00e9ciser la date. L&rsquo;homme d&rsquo;une trentaine d&rsquo;ann\u00e9es est mort de la rage le 25 septembre \u00e0 l&rsquo;h\u00f4pital de Perpignan, o\u00f9 il avait \u00e9t\u00e9 admis le 18 septembre avec les sympt\u00f4mes de la maladie virale, selon le m\u00e9decin et l&rsquo;h\u00f4pital.<\/p>\n<p>\u00ab\u00a0Le diagnostic de rage a \u00e9t\u00e9 confirm\u00e9 par le Centre national de r\u00e9f\u00e9rence de la rage \u00e0 l&rsquo;Institut Pasteur\u00a0\u00bb, selon un communiqu\u00e9 du centre hospitalier. Julian Cornanglia a ajout\u00e9 qu&rsquo;une dizaine de personnes de son service ont \u00e9t\u00e9 vaccin\u00e9es par pr\u00e9caution, appelant la population \u00e0 ne pas \u00ab\u00a0s&rsquo;affoler\u00a0\u00bb, car \u00ab\u00a0la rage ne se transmet pas d&rsquo;humain \u00e0 humain\u00a0\u00bb. Le dernier d\u00e9c\u00e8s d\u00fb \u00e0 la rage en France remonte \u00e0 2023. Une patiente est d\u00e9c\u00e9d\u00e9e au centre hospitalier de Reims apr\u00e8s avoir contract\u00e9 la rage lors d&rsquo;un voyage dans un pays du Maghreb o\u00f9 elle avait \u00e9t\u00e9 bless\u00e9e par un chat.<\/p>\n","protected":false},"excerpt":{"rendered":"Le dernier d\u00e9c\u00e8s d\u00fb \u00e0 la rage en France remonte \u00e0 2023. Une patiente \u00e9tait d\u00e9c\u00e9d\u00e9e au centre&hellip;\n","protected":false},"author":2,"featured_media":431182,"comment_status":"","ping_status":"","sticky":false,"template":"","format":"standard","meta":{"footnotes":""},"categories":[1888],"tags":[1111,1928,11,1927,1777,674,1011,27,12,1926,626,1925,25],"class_list":{"0":"post-431181","1":"post","2":"type-post","3":"status-publish","4":"format-standard","5":"has-post-thumbnail","7":"category-paris","8":"tag-actu","9":"tag-actu-paris","10":"tag-actualites","11":"tag-actualites-paris","12":"tag-eu","13":"tag-europe","14":"tag-fr","15":"tag-france","16":"tag-news","17":"tag-news-paris","18":"tag-paris","19":"tag-paris-news","20":"tag-republique-francaise"},"share_on_mastodon":{"url":"https:\/\/pubeurope.com\/@fr\/115299088239360375","error":""},"_links":{"self":[{"href":"https:\/\/www.europesays.com\/fr\/wp-json\/wp\/v2\/posts\/431181","targetHints":{"allow":["GET"]}}],"collection":[{"href":"https:\/\/www.europesays.com\/fr\/wp-json\/wp\/v2\/posts"}],"about":[{"href":"https:\/\/www.europesays.com\/fr\/wp-json\/wp\/v2\/types\/post"}],"author":[{"embeddable":true,"href":"https:\/\/www.europesays.com\/fr\/wp-json\/wp\/v2\/users\/2"}],"replies":[{"embeddable":true,"href":"https:\/\/www.europesays.com\/fr\/wp-json\/wp\/v2\/comments?post=431181"}],"version-history":[{"count":0,"href":"https:\/\/www.europesays.com\/fr\/wp-json\/wp\/v2\/posts\/431181\/revisions"}],"wp:featuredmedia":[{"embeddable":true,"href":"https:\/\/www.europesays.com\/fr\/wp-json\/wp\/v2\/media\/431182"}],"wp:attachment":[{"href":"https:\/\/www.europesays.com\/fr\/wp-json\/wp\/v2\/media?parent=431181"}],"wp:term":[{"taxonomy":"category","embeddable":true,"href":"https:\/\/www.europesays.com\/fr\/wp-json\/wp\/v2\/categories?post=431181"},{"taxonomy":"post_tag","embeddable":true,"href":"https:\/\/www.europesays.com\/fr\/wp-json\/wp\/v2\/tags?post=431181"}],"curies":[{"name":"wp","href":"https:\/\/api.w.org\/{rel}","templated":true}]}}