{"id":431183,"date":"2025-10-01T13:13:14","date_gmt":"2025-10-01T13:13:14","guid":{"rendered":"https:\/\/www.europesays.com\/fr\/431183\/"},"modified":"2025-10-01T13:13:14","modified_gmt":"2025-10-01T13:13:14","slug":"toutes-les-stars-au-premier-rang-de-la-fashion-week-de-paris-printemps-ete-2026","status":"publish","type":"post","link":"https:\/\/www.europesays.com\/fr\/431183\/","title":{"rendered":"Toutes les stars au premier rang de la Fashion Week de Paris printemps-\u00e9t\u00e9 2026"},"content":{"rendered":"<p>C&rsquo;est \u00e0 Paris que les plaques tectoniques d&rsquo;un remaniement historique des directeurs de la cr\u00e9ation vont se mettre en place. Dans les jours \u00e0 venir, <a href=\"https:\/\/www.vogue.fr\/article\/matthieu-blazy-directeur-artistique-chanel\" target=\"_blank\" rel=\"noopener\"><strong>Matthieu Blazy<\/strong><\/a> d\u00e9voilera sa vision de <strong>Chanel<\/strong>, <strong>Jack McCollough<\/strong> et <strong>Lazaro Hernandez<\/strong> de <strong>Loewe<\/strong>, <strong>Pierpaolo Piccioli<\/strong> de <strong>Balenciaga<\/strong>, <strong>Duran Lantink<\/strong> de <strong>Jean Paul Gaultier<\/strong> et <strong>Miguel Castro Freitas<\/strong> de <strong>Mugler<\/strong>. Ajoutez \u00e0 cela les d\u00e9buts tant attendus de <a href=\"https:\/\/www.vogue.fr\/article\/jonathan-anderson-dior-homme-mode\" target=\"_blank\" rel=\"noopener\"><strong>Jonathan Anderson<\/strong><\/a> chez <strong>Dior<\/strong> et la premi\u00e8re collection de pr\u00eat-\u00e0-porter de <strong>Glenn Martens<\/strong> chez <strong>Maison Margiela<\/strong>, et vous comprendrez que les enjeux ne pourraient \u00eatre plus \u00e9lev\u00e9s. Des r\u00e9putations vont se faire. Certaines pourraient \u00eatre bris\u00e9es.<\/p>\n<p>Le d\u00e9fi pour ces cr\u00e9ateurs n&rsquo;est pas seulement de d\u00e9finir le look du moment, mais aussi d&rsquo;attirer les bonnes personnes. C&rsquo;est l\u00e0 que les invit\u00e9s entrent en jeu. Cette saison a d\u00e9j\u00e0 attir\u00e9 de nombreuses stars (<strong>Gwyneth Paltrow<\/strong> chez <strong>Michael Kors<\/strong> \u00e0 New York, <strong>Emily Ratajkowski<\/strong> chez <strong>H&amp;M<\/strong> \u00e0 Londres, une constellation de noms hollywoodiens lors des d\u00e9buts de <strong>Demna<\/strong> chez <strong>Gucci<\/strong> \u00e0 Milan) mais c&rsquo;est sans doute \u00e0 Paris, la capitale de la mode, que l&rsquo;excitation va atteindre son apog\u00e9e.<\/p>\n<p>Faites donc d\u00e9filer les photos ci-dessous pour d\u00e9couvrir toutes les c\u00e9l\u00e9brit\u00e9s pr\u00e9sentes au premier rang de la Fashion Week printemps-\u00e9t\u00e9 2026.<\/p>\n<p><a href=\"https:\/\/www.vogue.co.uk\/gallery\/paris-fashion-week-ss26-celebrities\" target=\"_blank\" rel=\"noopener\">Article originellement publi\u00e9 sur Vogue UK<\/a><\/p>\n<p><strong>\u00c0 lire aussi sur Vogue.fr :<\/strong><\/p>\n<p>#TheWalk : <a href=\"https:\/\/www.vogue.fr\/article\/the-walk-mia-armstrong-louis-vuitton\" target=\"_blank\" rel=\"noopener\">la new face Mia Armstrong<\/a> fait vibrer les rues de <a href=\"https:\/\/www.vogue.fr\/dossier\/paris\" target=\"_blank\" rel=\"noopener\">Paris<\/a><br \/>Avec son <a href=\"https:\/\/www.vogue.fr\/article\/burberry-automne-hiver-2025-2026\" target=\"_blank\" rel=\"noopener\">d\u00e9fil\u00e9 Burberry<\/a>, Daniel Lee nous offre un moment d&rsquo;accalmie dans la campagne anglaise<br \/><a href=\"https:\/\/www.vogue.fr\/galerie\/looks-street-style-fashion-week-londres-automne-hiver-2025-2026\" target=\"_blank\" rel=\"noopener\">Comment s&rsquo;habillent les personnalit\u00e9s<\/a> \u00e0 la <a href=\"https:\/\/www.vogue.fr\/dossier\/fashion-week\" target=\"_blank\" rel=\"noopener\">Fashion Week<\/a> de <a href=\"https:\/\/www.vogue.fr\/dossier\/londres\" target=\"_blank\" rel=\"noopener\">Londres<\/a> automne-<a href=\"https:\/\/www.vogue.fr\/dossier\/hiver\" target=\"_blank\" rel=\"noopener\">hiver<\/a> 2025-2026 ?<\/p>\n<p><strong>Plus de Vogue France en vid\u00e9o :<\/strong><\/p>\n<p>IMAGES : les premiers rangs des d\u00e9fil\u00e9s de la Fashion Week de Paris printemps-\u00e9t\u00e9 2026 :<\/p>\n","protected":false},"excerpt":{"rendered":"C&rsquo;est \u00e0 Paris que les plaques tectoniques d&rsquo;un remaniement historique des directeurs de la cr\u00e9ation vont se mettre&hellip;\n","protected":false},"author":2,"featured_media":431184,"comment_status":"","ping_status":"","sticky":false,"template":"","format":"standard","meta":{"footnotes":""},"categories":[1888],"tags":[1111,1928,11,1927,1777,674,992,34204,1011,27,985,12,1926,626,1925,25,18401],"class_list":{"0":"post-431183","1":"post","2":"type-post","3":"status-publish","4":"format-standard","5":"has-post-thumbnail","7":"category-paris","8":"tag-actu","9":"tag-actu-paris","10":"tag-actualites","11":"tag-actualites-paris","12":"tag-eu","13":"tag-europe","14":"tag-fashion-week","15":"tag-fashion-week-paris","16":"tag-fr","17":"tag-france","18":"tag-mode","19":"tag-news","20":"tag-news-paris","21":"tag-paris","22":"tag-paris-news","23":"tag-republique-francaise","24":"tag-vogue-digital"},"share_on_mastodon":{"url":"https:\/\/pubeurope.com\/@fr\/115299090642573706","error":""},"_links":{"self":[{"href":"https:\/\/www.europesays.com\/fr\/wp-json\/wp\/v2\/posts\/431183","targetHints":{"allow":["GET"]}}],"collection":[{"href":"https:\/\/www.europesays.com\/fr\/wp-json\/wp\/v2\/posts"}],"about":[{"href":"https:\/\/www.europesays.com\/fr\/wp-json\/wp\/v2\/types\/post"}],"author":[{"embeddable":true,"href":"https:\/\/www.europesays.com\/fr\/wp-json\/wp\/v2\/users\/2"}],"replies":[{"embeddable":true,"href":"https:\/\/www.europesays.com\/fr\/wp-json\/wp\/v2\/comments?post=431183"}],"version-history":[{"count":0,"href":"https:\/\/www.europesays.com\/fr\/wp-json\/wp\/v2\/posts\/431183\/revisions"}],"wp:featuredmedia":[{"embeddable":true,"href":"https:\/\/www.europesays.com\/fr\/wp-json\/wp\/v2\/media\/431184"}],"wp:attachment":[{"href":"https:\/\/www.europesays.com\/fr\/wp-json\/wp\/v2\/media?parent=431183"}],"wp:term":[{"taxonomy":"category","embeddable":true,"href":"https:\/\/www.europesays.com\/fr\/wp-json\/wp\/v2\/categories?post=431183"},{"taxonomy":"post_tag","embeddable":true,"href":"https:\/\/www.europesays.com\/fr\/wp-json\/wp\/v2\/tags?post=431183"}],"curies":[{"name":"wp","href":"https:\/\/api.w.org\/{rel}","templated":true}]}}