{"id":431193,"date":"2025-10-01T13:18:12","date_gmt":"2025-10-01T13:18:12","guid":{"rendered":"https:\/\/www.europesays.com\/fr\/431193\/"},"modified":"2025-10-01T13:18:12","modified_gmt":"2025-10-01T13:18:12","slug":"le-secteur-prive-a-detruit-32-000-emplois-en-septembre-aux-etats-unis-01-10-2025-a-1511","status":"publish","type":"post","link":"https:\/\/www.europesays.com\/fr\/431193\/","title":{"rendered":"Le secteur priv\u00e9 a d\u00e9truit 32.000 emplois en septembre aux Etats-Unis &#8211; 01\/10\/2025 \u00e0 15:11"},"content":{"rendered":"<p>\n Le secteur priv\u00e9 a d\u00e9truit des dizaines de milliers d&#8217;emplois en septembre aux Etats-Unis, une contraction touchant la majorit\u00e9 des secteurs, de l&rsquo;industrie aux services financiers, selon une enqu\u00eate publi\u00e9e mercredi.\n<\/p>\n<p>\n Le mois dernier, les entreprises ont supprim\u00e9 plus d&#8217;emplois qu&rsquo;elles n&rsquo;en ont cr\u00e9\u00e9 (-32.000), selon cette enqu\u00eate mensuelle ADP\/Stanford Lab, consid\u00e9r\u00e9e comme un barom\u00e8tre plus ou moins fiable des chiffres officiels.\n<\/p>\n<p>\n La publication de ceux-ci, programm\u00e9e initialement vendredi, est incertaine du fait de la paralysie budg\u00e9taire aux Etats-Unis.\n<\/p>\n<p>\n Les analystes s&rsquo;attendaient \u00e0 des cr\u00e9ations nettes d&#8217;emplois (autour de 45.000), selon le consensus publi\u00e9 par MarketWatch.\n<\/p>\n<p>\n La cheffe \u00e9conomiste responsable de l&rsquo;enqu\u00eate, Nela Richardson, a expliqu\u00e9 \u00e0 la presse que la contraction s&rsquo;expliquait notamment par une r\u00e9vision de son \u00e9chantillon annuel.\n<\/p>\n<p>\n \u00ab\u00a0M\u00eame si les chiffres ont chang\u00e9, l&rsquo;histoire derri\u00e8re reste la m\u00eame\u00a0\u00bb, a-t-elle soulign\u00e9. \u00ab\u00a0Les embauches ont ralenti depuis le d\u00e9but de l&rsquo;ann\u00e9e\u00a0\u00bb, a-t-elle r\u00e9sum\u00e9.<\/p>\n","protected":false},"excerpt":{"rendered":"Le secteur priv\u00e9 a d\u00e9truit des dizaines de milliers d&#8217;emplois en septembre aux Etats-Unis, une contraction touchant la&hellip;\n","protected":false},"author":2,"featured_media":2486,"comment_status":"","ping_status":"","sticky":false,"template":"","format":"standard","meta":{"footnotes":""},"categories":[1589],"tags":[400,11,398,408,405,73,1866,403,402,399,404,12,401,406,1864,1865,1863,308,407],"class_list":{"0":"post-431193","1":"post","2":"type-post","3":"status-publish","4":"format-standard","5":"has-post-thumbnail","7":"category-etats-unis","8":"tag-action-cac-40","9":"tag-actualites","10":"tag-bourse-de-paris","11":"tag-boursorama","12":"tag-cotations","13":"tag-etats-unis","14":"tag-etats-unis-damerique","15":"tag-indices-devises","16":"tag-investir","17":"tag-investissement","18":"tag-marche-boursier","19":"tag-news","20":"tag-sicav","21":"tag-trackers","22":"tag-united-states","23":"tag-united-states-of-america","24":"tag-us","25":"tag-usa","26":"tag-warrants"},"share_on_mastodon":{"url":"https:\/\/pubeurope.com\/@fr\/115299110358207387","error":""},"_links":{"self":[{"href":"https:\/\/www.europesays.com\/fr\/wp-json\/wp\/v2\/posts\/431193","targetHints":{"allow":["GET"]}}],"collection":[{"href":"https:\/\/www.europesays.com\/fr\/wp-json\/wp\/v2\/posts"}],"about":[{"href":"https:\/\/www.europesays.com\/fr\/wp-json\/wp\/v2\/types\/post"}],"author":[{"embeddable":true,"href":"https:\/\/www.europesays.com\/fr\/wp-json\/wp\/v2\/users\/2"}],"replies":[{"embeddable":true,"href":"https:\/\/www.europesays.com\/fr\/wp-json\/wp\/v2\/comments?post=431193"}],"version-history":[{"count":0,"href":"https:\/\/www.europesays.com\/fr\/wp-json\/wp\/v2\/posts\/431193\/revisions"}],"wp:featuredmedia":[{"embeddable":true,"href":"https:\/\/www.europesays.com\/fr\/wp-json\/wp\/v2\/media\/2486"}],"wp:attachment":[{"href":"https:\/\/www.europesays.com\/fr\/wp-json\/wp\/v2\/media?parent=431193"}],"wp:term":[{"taxonomy":"category","embeddable":true,"href":"https:\/\/www.europesays.com\/fr\/wp-json\/wp\/v2\/categories?post=431193"},{"taxonomy":"post_tag","embeddable":true,"href":"https:\/\/www.europesays.com\/fr\/wp-json\/wp\/v2\/tags?post=431193"}],"curies":[{"name":"wp","href":"https:\/\/api.w.org\/{rel}","templated":true}]}}