{"id":431194,"date":"2025-10-01T13:19:11","date_gmt":"2025-10-01T13:19:11","guid":{"rendered":"https:\/\/www.europesays.com\/fr\/431194\/"},"modified":"2025-10-01T13:19:11","modified_gmt":"2025-10-01T13:19:11","slug":"la-justice-condamne-sept-hommes-a-des-peines-allant-de-12-a-35-ans-de-prison","status":"publish","type":"post","link":"https:\/\/www.europesays.com\/fr\/431194\/","title":{"rendered":"la justice condamne sept hommes \u00e0 des peines allant de 12 \u00e0 35 ans de prison"},"content":{"rendered":"<p>Pendant plusieurs d\u00e9cennies, dans plusieurs villes anglaises, des groupes d\u2019hommes majoritairement d\u2019origine pakistanaise s\u2019en sont pris \u00e0 des filles et jeunes filles, pour la plupart blanches et issues de milieux d\u00e9favoris\u00e9s.<\/p>\n<p class=\"fig-paragraph\">Sept hommes ont \u00e9t\u00e9 condamn\u00e9s \u00e0 des peines allant de 12 \u00e0 35 ans de prison pour des viols commis durant cinq ann\u00e9es sur deux jeunes filles qu\u2019ils avaient transform\u00e9es en esclaves sexuelles, dans l\u2019une des\u00a0<a href=\"http:\/\/www.lefigaro.fr\/vox\/societe\/mathieu-bock-cote-derriere-les-viols-des-gangs-pakistanais-le-silence-gene-des-elites-20250103\" data-fig-type=\"Article\" data-gtm-custom-categorie=\"navigation\" data-gtm-custom-action=\"crossclick\" data-gtm-custom-label=\"Contextuel\" data-gtm-event=\"customEventSPE\" data-fig-domain=\"LEFIGARO\" rel=\"nofollow noopener\" target=\"_blank\">affaires des \u00abgrooming gangs\u00bb\u00a0<\/a>qui ont \u00e9branl\u00e9 le Royaume-Uni.<\/p>\n<p class=\"fig-paragraph\">\u00abCes deux filles \u00e9taient extr\u00eamement vuln\u00e9rables (&#8230;), elles ont \u00e9t\u00e9 pass\u00e9es de main en main \u00e0 des fins sexuelles, maltrait\u00e9es, humili\u00e9es, avilies\u00bb, a d\u00e9clar\u00e9 le juge Jonathan Seely, du tribunal de Manchester. Le chef de ce groupe, Mohammed Zahid, a \u00e9t\u00e9 condamn\u00e9 \u00e0 35 ans de prison, la peine la plus lourde.<\/p>\n<p>                                    <a class=\"fig-a11y-skip a11y-hidden\" href=\"#fig-a11y-skip-main-inarticle\"><br \/>\n        Passer la publicit\u00e9<br \/>\n    <\/a><\/p>\n<p class=\"fig-paragraph\">Pendant plusieurs d\u00e9cennies, dans plusieurs villes anglaises, des groupes d\u2019hommes majoritairement d\u2019origine pakistanaise s\u2019en sont pris \u00e0 des filles et jeunes filles, pour la plupart blanches et issues de milieux d\u00e9favoris\u00e9s. Plus d\u2019une centaine d\u2019hommes ont d\u00e9j\u00e0 \u00e9t\u00e9 condamn\u00e9s, les victimes sont estim\u00e9es \u00e0 plusieurs milliers, et la police et les services sociaux ont \u00e9t\u00e9 s\u00e9v\u00e8rement critiqu\u00e9s pour avoir \u00e9chou\u00e9 \u00e0 les prot\u00e9ger.<\/p>\n","protected":false},"excerpt":{"rendered":"Pendant plusieurs d\u00e9cennies, dans plusieurs villes anglaises, des groupes d\u2019hommes majoritairement d\u2019origine pakistanaise s\u2019en sont pris \u00e0 des&hellip;\n","protected":false},"author":2,"featured_media":431195,"comment_status":"","ping_status":"","sticky":false,"template":"","format":"standard","meta":{"footnotes":""},"categories":[1588],"tags":[11,1777,674,2942,12,1974,473,1853,1851,1850,1852,1265],"class_list":{"0":"post-431194","1":"post","2":"type-post","3":"status-publish","4":"format-standard","5":"has-post-thumbnail","7":"category-royaume-uni","8":"tag-actualites","9":"tag-eu","10":"tag-europe","11":"tag-gang","12":"tag-news","13":"tag-pedocriminalite","14":"tag-royaume-uni","15":"tag-royaume-uni-de-grande-bretagne-et-dirlande-du-nord","16":"tag-uk","17":"tag-united-kingdom","18":"tag-united-kingdom-of-great-britain-and-northern-ireland","19":"tag-viol"},"share_on_mastodon":{"url":"https:\/\/pubeurope.com\/@fr\/115299114592681430","error":""},"_links":{"self":[{"href":"https:\/\/www.europesays.com\/fr\/wp-json\/wp\/v2\/posts\/431194","targetHints":{"allow":["GET"]}}],"collection":[{"href":"https:\/\/www.europesays.com\/fr\/wp-json\/wp\/v2\/posts"}],"about":[{"href":"https:\/\/www.europesays.com\/fr\/wp-json\/wp\/v2\/types\/post"}],"author":[{"embeddable":true,"href":"https:\/\/www.europesays.com\/fr\/wp-json\/wp\/v2\/users\/2"}],"replies":[{"embeddable":true,"href":"https:\/\/www.europesays.com\/fr\/wp-json\/wp\/v2\/comments?post=431194"}],"version-history":[{"count":0,"href":"https:\/\/www.europesays.com\/fr\/wp-json\/wp\/v2\/posts\/431194\/revisions"}],"wp:featuredmedia":[{"embeddable":true,"href":"https:\/\/www.europesays.com\/fr\/wp-json\/wp\/v2\/media\/431195"}],"wp:attachment":[{"href":"https:\/\/www.europesays.com\/fr\/wp-json\/wp\/v2\/media?parent=431194"}],"wp:term":[{"taxonomy":"category","embeddable":true,"href":"https:\/\/www.europesays.com\/fr\/wp-json\/wp\/v2\/categories?post=431194"},{"taxonomy":"post_tag","embeddable":true,"href":"https:\/\/www.europesays.com\/fr\/wp-json\/wp\/v2\/tags?post=431194"}],"curies":[{"name":"wp","href":"https:\/\/api.w.org\/{rel}","templated":true}]}}