{"id":431209,"date":"2025-10-01T13:29:13","date_gmt":"2025-10-01T13:29:13","guid":{"rendered":"https:\/\/www.europesays.com\/fr\/431209\/"},"modified":"2025-10-01T13:29:13","modified_gmt":"2025-10-01T13:29:13","slug":"nicolas-mahut-sur-la-retraite-de-gael-monfils-quon-profite-des-derniers-instants-de-la-monf-lequipe","status":"publish","type":"post","link":"https:\/\/www.europesays.com\/fr\/431209\/","title":{"rendered":"Nicolas Mahut sur la retraite de Ga\u00ebl Monfils : \u00ab Qu&#039;on profite des derniers instants de la Monf \u00bb &#8211; L&#039;\u00c9quipe"},"content":{"rendered":"<ol>\n<li><a href=\"https:\/\/news.google.com\/rss\/articles\/CBMi2AFBVV95cUxObVVyOVRvZ1JfQVRlQ3VPVHZVYjhLZ3k2djRUeHdjbzNOM29UVzNGRm11U2E4ZGVZWVh0QmlvWlQtODQ3UTFSYmR5QmZtalBfSFFhVEpBYUt2VHBZMnRvM25NSHA4c0xQdGpWeGxoTTVqN2hCVEtqeHBDSDVYczdrdjU3TmZWQ1ZScWZ0dEd3U0lmR3N1cG4xYlhTWmkxd3E0UC1zbm53SXFYd2RNSnE0Q2dqZXBnY2pPbDRBbVZyR3huNXlrZlpRTzJxUzJ6ZDhCaU5tMVNYaHQ?oc=5\" target=\"_blank\" rel=\"nofollow noopener\">Nicolas Mahut sur la retraite de Ga\u00ebl Monfils : \u00ab Qu&rsquo;on profite des derniers instants de la Monf \u00bb<\/a>&nbsp;&nbsp;L&rsquo;\u00c9quipe<\/li>\n<li><a href=\"https:\/\/news.google.com\/rss\/articles\/CBMi7wFBVV95cUxON1F6bnlsZXJFcGpVdWF5NFhyNHdrZUc0bnVDUjNselpsSHBYR2pEU1o3QUs1SmtTM3hSYXVQQ2pjUUE3d2xUNTNtTHJnZXNYUkw0MHd0cjVodm9wME5wLWpTTkxnRTREdTFMcmNEUHlyRDlRdlZ4U01hY0R3OWw5LU1vTVJ5Y0p3SkV5eEt1RVp1dzhhbkp2ZDdrZ184ZEdXbHZrVUlaREFMbXhTekZ2TnlPVG5mUmFaSWtZdVpVdEI5VS1nTklGZjZXd05wcnFUNERGaTVTU0s0UkVHU2kwZ0c1OWNCRUNqRklLNXZxZw?oc=5\" target=\"_blank\" rel=\"nofollow noopener\">Ga\u00ebl Monfils se confie \u00e0 \u00ab L&rsquo;\u00c9quipe \u00bb avant sa retraite fin 2026 : \u00ab Roland-Garros l&rsquo;an prochain, \u00e7a peut \u00eatre tr\u00e8s sympa \u00bb<\/a>&nbsp;&nbsp;L&rsquo;\u00c9quipe<\/li>\n<li><a href=\"https:\/\/news.google.com\/rss\/articles\/CBMi-gFBVV95cUxQc3VkY0tjYUVmR2l3ekhOSXJUV09qRWt3ZDV2UGx5STRhZVpkYnVGUk9yWXRJbnNaanA4YklTN2wtOGV5WGhoM1Btb1ZQRU9nSTRqNk1fR19rNjhoLTh3dFNpLVVhdTRJNUlucW5hTGJwSWxpU0JycFlpLTl5Mm9Vb0NwS01lRzRZVGtqNEdTSVJ6bTJLeWF2X0J1MVgwdVh4a0YxYWg3T3NadW5tam43bUU3SE5FVnl5Q1FNbjY4LXcwM2tGVDZ4QjlkNWhmX0pWcFZ6cE53LTVZZ25lb1N3azE3bkdWMG13ZW1ZLW16RGZTcFdKMmRlM2VB?oc=5\" target=\"_blank\" rel=\"nofollow noopener\">Tennis : \u00ab On va avoir du temps \u00e0 passer ensemble \u00bb, quand les Mousquetaires partagent leur \u00e9motion apr\u00e8s l\u2019annonce de Monfils<\/a>&nbsp;&nbsp;Le Figaro<\/li>\n<li><a href=\"https:\/\/news.google.com\/rss\/articles\/CBMisgFBVV95cUxOUkJvUTNNdmpKM21pVVdoWk9pZ2VRVG9QNXZxeVdYMVpRNVh5eXVLTm1UamlwdmgzNS1nOUQzemprRS1CUklCWXRTTDNhWDVPOTh6dU9rTEZ0WjBENDJwendKbHh6Z3JUZXBlTEZXNjA2a0xnY3l4VXp0MlJqMUFEVWhMY3EyTHA4a0RyUjJaTlhxcmNqMzhLR2lrYlMzeFhCVEpxNDRIX2JwWWFhUUF5blpR0gGwAUFVX3lxTE1GSkxkREFPZ0RlbzhlbXlYNHBqRWE4Mlpyd1ZobmZ1REVocmtIS3NrTG1yUFRMMnFSaWJWSjA0Z0tEN0VfUmVmYzBlVnIyMldaLU5pblBXVTNwUXJlclg3bXcySzVtRkU3eHR2dXg0NmxpWjNpX1JvYmVrX2pHR1ZIX0tXeEs5UEdEblJLVTlYT1VjM0NCNDZCWE1udjg5eUVvdG5IVDBNYWF4bGlkdFZT?oc=5\" target=\"_blank\" rel=\"nofollow noopener\">Focus : Monfils, la fin annonc\u00e9e d&rsquo;un showman<\/a>&nbsp;&nbsp;Orange Actualit\u00e9s | Sports<\/li>\n<li><a href=\"https:\/\/news.google.com\/rss\/articles\/CBMihwJBVV95cUxQazJGRkFkdzVHQlMwUkRDRjhiWktLc3JWaTB4aVBIWUxLbHRack9GSjhrZkVkNl8yUVNqWGhHRzBmZ0tKVk1OUV8tc2dTSml0eEU4a2UtZVlYWXYxdVBhUm9VeGFmWlZ5T0FXZjhuVkFLSEN2WGxEeTlob3lFZUliYzhyWVg5U2kzTWswUHVXc2ZDQ1NkZk1NOV9YWE10SkFhUUZNU2ZsTTA1cXV2WUVBd0dsY1Q1R1Axc3ZrSWpLcG9wclBKY0VibHhIX0tFSVBTZTdSYVJEekl6SGFVczhxUDk5SXlYTWZpUzJMMkdyYUIwS1VHaXhtSnpzQ2c5LVJCVXFsbUtKQQ?oc=5\" target=\"_blank\" rel=\"nofollow noopener\">La vraie fin des Mousquetaires: immense showman au palmar\u00e8s frustrant, comment Ga\u00ebl Monfils a marqu\u00e9 le tennis fran\u00e7ais<\/a>&nbsp;&nbsp;RMC Sport<\/li>\n<\/ol>\n","protected":false},"excerpt":{"rendered":"Nicolas Mahut sur la retraite de Ga\u00ebl Monfils : \u00ab Qu&rsquo;on profite des derniers instants de la Monf&hellip;\n","protected":false},"author":2,"featured_media":431210,"comment_status":"","ping_status":"","sticky":false,"template":"","format":"standard","meta":{"footnotes":""},"categories":[1415],"tags":[1011,27,60,1467],"class_list":{"0":"post-431209","1":"post","2":"type-post","3":"status-publish","4":"format-standard","5":"has-post-thumbnail","7":"category-tennis","8":"tag-fr","9":"tag-france","10":"tag-sports","11":"tag-tennis"},"share_on_mastodon":{"url":"https:\/\/pubeurope.com\/@fr\/115299153501185742","error":""},"_links":{"self":[{"href":"https:\/\/www.europesays.com\/fr\/wp-json\/wp\/v2\/posts\/431209","targetHints":{"allow":["GET"]}}],"collection":[{"href":"https:\/\/www.europesays.com\/fr\/wp-json\/wp\/v2\/posts"}],"about":[{"href":"https:\/\/www.europesays.com\/fr\/wp-json\/wp\/v2\/types\/post"}],"author":[{"embeddable":true,"href":"https:\/\/www.europesays.com\/fr\/wp-json\/wp\/v2\/users\/2"}],"replies":[{"embeddable":true,"href":"https:\/\/www.europesays.com\/fr\/wp-json\/wp\/v2\/comments?post=431209"}],"version-history":[{"count":0,"href":"https:\/\/www.europesays.com\/fr\/wp-json\/wp\/v2\/posts\/431209\/revisions"}],"wp:featuredmedia":[{"embeddable":true,"href":"https:\/\/www.europesays.com\/fr\/wp-json\/wp\/v2\/media\/431210"}],"wp:attachment":[{"href":"https:\/\/www.europesays.com\/fr\/wp-json\/wp\/v2\/media?parent=431209"}],"wp:term":[{"taxonomy":"category","embeddable":true,"href":"https:\/\/www.europesays.com\/fr\/wp-json\/wp\/v2\/categories?post=431209"},{"taxonomy":"post_tag","embeddable":true,"href":"https:\/\/www.europesays.com\/fr\/wp-json\/wp\/v2\/tags?post=431209"}],"curies":[{"name":"wp","href":"https:\/\/api.w.org\/{rel}","templated":true}]}}