{"id":431211,"date":"2025-10-01T13:31:14","date_gmt":"2025-10-01T13:31:14","guid":{"rendered":"https:\/\/www.europesays.com\/fr\/431211\/"},"modified":"2025-10-01T13:31:14","modified_gmt":"2025-10-01T13:31:14","slug":"miguel-oliveira-et-somkhiat-chantra-passeront-du-motogp-au-superbike-en-2026-lequipe","status":"publish","type":"post","link":"https:\/\/www.europesays.com\/fr\/431211\/","title":{"rendered":"Miguel Oliveira et Somkhiat Chantra passeront du MotoGP au Superbike en 2026 &#8211; L&#039;\u00c9quipe"},"content":{"rendered":"<ol>\n<li><a href=\"https:\/\/news.google.com\/rss\/articles\/CBMiwAFBVV95cUxNa2JvOHhaQjRHZXpOSHZCM3NvQlI5T3lwRi1XNkwzX2R4M2ZlaElEZ0NFSk16Y2MwME9fa19pQzJwUXd6QlY2WE1TbUNldWNQeThaZ3B5bnlvb1pNbHJfYXMwTDJtRG5WM1gyTWM1WnJJc3l1LWZWcGs2SWUyUl9fcE9uSFdweGdGMEFEZVV6XzBLOTB4WmVPMGd3SFJKWnVPWGVqLTcwODg4WXBxcXhNZ3hJbXFSc3V2bjFIRmJpRFc?oc=5\" target=\"_blank\" rel=\"nofollow noopener\">Miguel Oliveira et Somkhiat Chantra passeront du MotoGP au Superbike en 2026<\/a>&nbsp;&nbsp;L&rsquo;\u00c9quipe<\/li>\n<li><a href=\"https:\/\/news.google.com\/rss\/articles\/CBMi0wFBVV95cUxQQXF4OTd2VFg1d2xYN3MxMjlkT2dpeDlkUzhsc2V4M0NjZS1wNHp2SkRCaVFHbGkySWlYaXdhS21MNEdXektueVBUSGZjVTcwZ2JicVkxZzZKNjViaDRHbGJESkZjZFJUSW4tc3VsVXVXbXdqOXE1Y21CcFRCcEwzQ0dfdEQzQlVCVnp6VmdQVk56WU45UzhCWnlpcWFka3VadGVPYVJvbm1CSWpPZU5vWHhuZjFnNFhHT3V4SE5KcWYtMWVpR3Z5ekhPb0ktRXFBUjBZ?oc=5\" target=\"_blank\" rel=\"nofollow noopener\">MotoGP Cela vient de tomber, Johann Zarco va changer de co\u00e9quipier, Somkiat Chantra vir\u00e9 et replac\u00e9<\/a>&nbsp;&nbsp;Le Mag Sport Auto<\/li>\n<li><a href=\"https:\/\/news.google.com\/rss\/articles\/CBMijAFBVV95cUxQdW94T3ZEZXMzdkh2bERhdWl3ay1xZDRZVEtxVHBZQUJMZWFtZFYtMjlSVGUyVU9CT3Z5ZURDLUh6Y2E5OXFaVUg2ZUZqdUd1Q0lZY000bTNuNEx6YUpmanJ4Z2l5a0M3MnZ2TTZhU0NCVUdUVzhXRzlYVDFkQ1d0YmZobW5MYmhwVWhHaA?oc=5\" target=\"_blank\" rel=\"nofollow noopener\">WSBK : \u00e7a bouge du c\u00f4t\u00e9 des pilotes<\/a>&nbsp;&nbsp;Le Repaire des Motards<\/li>\n<li><a href=\"https:\/\/news.google.com\/rss\/articles\/CBMirgFBVV95cUxOaEdSM3A3UENuQl85U3MtWmMxVmg3MXVFLXRPdmNLVENEcG13cXpnbU9XNnRfY01rWC16UmllQU1UQjgzRjZMam93TTZmbHBzMlZuZUdmZUI2VVZsTlMycW5VVTcyaUJjZlNWNmtsYTZYSzJBZzFJVHpPLUdfdGNlZC1INjVQNFFJWEgyOS1rTFRuVEhJYldka2haejBYaHNSZ0xPQlE2dDRiUWpyc0E?oc=5\" target=\"_blank\" rel=\"nofollow noopener\">LCR confirme le d\u00e9part de Chantra en WorldSBK pour 2026<\/a>&nbsp;&nbsp;motogp.com<\/li>\n<li><a href=\"https:\/\/news.google.com\/rss\/articles\/CBMikAFBVV95cUxOc0R4czVoLXVEWHBEcUh4OHBUWEd0WnFZaU9fUEtGTVBLa3dxM2pQam15OC1IV3M4WnU2b29JUzhHUy0tVTJTQmhHZmE5czJ1RTdPMUNvR3p5bGJzM3VKdDBCMC15MzBUV1RYUDNFT21xa29WSjg1MDZ4cFpuOXU5QzdLSWhfS2xpTnVuNF9yd3U?oc=5\" target=\"_blank\" rel=\"nofollow noopener\">Miguel Oliveira rejoint le WorldSBK avec BMW<\/a>&nbsp;&nbsp;Motorsport.com<\/li>\n<\/ol>\n","protected":false},"excerpt":{"rendered":"Miguel Oliveira et Somkhiat Chantra passeront du MotoGP au Superbike en 2026&nbsp;&nbsp;L&rsquo;\u00c9quipe MotoGP Cela vient de tomber, Johann&hellip;\n","protected":false},"author":2,"featured_media":431212,"comment_status":"","ping_status":"","sticky":false,"template":"","format":"standard","meta":{"footnotes":""},"categories":[1413],"tags":[1011,27,1457,1456,60],"class_list":{"0":"post-431211","1":"post","2":"type-post","3":"status-publish","4":"format-standard","5":"has-post-thumbnail","7":"category-moto","8":"tag-fr","9":"tag-france","10":"tag-moto","11":"tag-motocycle","12":"tag-sports"},"share_on_mastodon":{"url":"https:\/\/pubeurope.com\/@fr\/115299161413225699","error":""},"_links":{"self":[{"href":"https:\/\/www.europesays.com\/fr\/wp-json\/wp\/v2\/posts\/431211","targetHints":{"allow":["GET"]}}],"collection":[{"href":"https:\/\/www.europesays.com\/fr\/wp-json\/wp\/v2\/posts"}],"about":[{"href":"https:\/\/www.europesays.com\/fr\/wp-json\/wp\/v2\/types\/post"}],"author":[{"embeddable":true,"href":"https:\/\/www.europesays.com\/fr\/wp-json\/wp\/v2\/users\/2"}],"replies":[{"embeddable":true,"href":"https:\/\/www.europesays.com\/fr\/wp-json\/wp\/v2\/comments?post=431211"}],"version-history":[{"count":0,"href":"https:\/\/www.europesays.com\/fr\/wp-json\/wp\/v2\/posts\/431211\/revisions"}],"wp:featuredmedia":[{"embeddable":true,"href":"https:\/\/www.europesays.com\/fr\/wp-json\/wp\/v2\/media\/431212"}],"wp:attachment":[{"href":"https:\/\/www.europesays.com\/fr\/wp-json\/wp\/v2\/media?parent=431211"}],"wp:term":[{"taxonomy":"category","embeddable":true,"href":"https:\/\/www.europesays.com\/fr\/wp-json\/wp\/v2\/categories?post=431211"},{"taxonomy":"post_tag","embeddable":true,"href":"https:\/\/www.europesays.com\/fr\/wp-json\/wp\/v2\/tags?post=431211"}],"curies":[{"name":"wp","href":"https:\/\/api.w.org\/{rel}","templated":true}]}}