{"id":431221,"date":"2025-10-01T13:36:18","date_gmt":"2025-10-01T13:36:18","guid":{"rendered":"https:\/\/www.europesays.com\/fr\/431221\/"},"modified":"2025-10-01T13:36:18","modified_gmt":"2025-10-01T13:36:18","slug":"video-il-peint-les-travailleurs-du-haut-jura-cette-entreprise-soffre-un-des-tableaux","status":"publish","type":"post","link":"https:\/\/www.europesays.com\/fr\/431221\/","title":{"rendered":"VID\u00c9O. Il peint les travailleurs du Haut-Jura, cette entreprise s\u2019offre un des tableaux"},"content":{"rendered":"<p>            Par<br \/>\n        <strong><br \/>\n            <a href=\"https:\/\/actu.fr\/auteur\/maxime-bertail\" title=\"Consulter tous les articles de Maxime Bertail\" rel=\"nofollow noopener\" target=\"_blank\">Maxime Bertail<\/a><br \/>\n        <\/strong><\/p>\n<p>        Publi\u00e9 le<\/p>\n<p>            30 sept. 2025 \u00e0 17h36        <\/p>\n<p>\u00ab\u2009C\u2019est \u00e9mouvant de le voir ici, \u00e7a conclut une boucle\u2009\u00bb, souffle Val\u00e9rie Pugin, <b>directrice du mus\u00e9e de l\u2019Abbaye<\/b> \u00e0 <a href=\"https:\/\/actu.fr\/bourgogne-franche-comte\/saint-claude_39478\" rel=\"nofollow noopener\" target=\"_blank\">Saint-Claude<\/a>, dans le <a href=\"https:\/\/actu.fr\/voix-du-jura\/\" rel=\"nofollow noopener\" target=\"_blank\">Jura<\/a>. Elle vient d\u2019accrocher un tableau de Laurent Proux, pr\u00e9c\u00e9demment expos\u00e9 au mus\u00e9e, dans les locaux de l\u2019entreprise<b> Jeantet \u00c9lastom\u00e8re<\/b>.<\/p>\n<blockquote class=\"tiktok-embed\" cite=\"https:\/\/www.tiktok.com\/@voixdujura\/video\/7555904371020582166\" data-video-id=\"7555904371020582166\" data-embed-from=\"oembed\" style=\"max-width:605px; min-width:325px;\"><p>\n<a target=\"_blank\" title=\"@voixdujura\" href=\"https:\/\/www.tiktok.com\/@voixdujura?refer=embed\" rel=\"nofollow noopener\">@voixdujura<\/a> <\/p>\n<p>L\u2019artiste Laurent Proux s\u2019est plong\u00e9 dans l\u2019industrie du Haut-Jura pour en peindre les travailleurs et travailleuses. Jeantet \u00c9lastom\u00e8res s\u2019est offert une de ces toiles pour ses 120 ans.<\/p>\n<p> <a target=\"_blank\" title=\"\u266c son original - Voix du Jura\" href=\"https:\/\/www.tiktok.com\/music\/son-original-7555904373752449814?refer=embed\" rel=\"nofollow noopener\">\u266c son original \u2013 Voix du Jura<\/a> <\/p>\n<\/blockquote>\n<p class=\" wall-content\">\u00c0 l\u2019invitation de la directrice, l\u2019artiste est venu en <b>r\u00e9sidence dans les usines du Haut-Jura<\/b> autour de Saint-Claude <b>en 2024<\/b>, pour y peindre les travailleurs. \u00ab\u2009Laurent avait d\u00e9j\u00e0 travaill\u00e9 sur cette th\u00e9matique, j\u2019ai pens\u00e9 que \u00e7a serait int\u00e9ressant de <b>faire dialoguer son parcours avec l\u2019identit\u00e9 industrielle du territoire<\/b>\u2009\u00bb, explique-t-elle.<\/p>\n<p class=\" wall-content\">Ce travail a ensuite \u00e9t\u00e9 expos\u00e9 au mus\u00e9e, au sein de l\u2019exposition l\u2019arbre et la machine,<b> depuis f\u00e9vrier\u00a02025<\/b>.<\/p>\n<p>\u00ab\u2009Les gens sont extr\u00eamement fiers\u2009\u00bb<\/p>\n<p class=\" wall-content\">\u00c0 Jeantet, entreprise sp\u00e9cialis\u00e9e dans la fabrication de <b>pi\u00e8ces usin\u00e9es en caoutchouc<\/b>, la d\u00e9marche a s\u00e9duit. \u00ab\u2009Il y a eu un vrai engouement de la part du personnel, de faire quelque chose de diff\u00e9rent et de valoriser ce qu\u2019ils font tous les jours. <b>Les gens sont extr\u00eamement fiers<\/b>\u2009\u00bb, t\u00e9moigne Beno\u00eet Jeantet, directeur g\u00e9n\u00e9ral de l\u2019entreprise familiale.<\/p>\n<p>Vid\u00e9os : en ce moment sur Actu<\/p>\n<p class=\" wall-content\">\u00c0 tel point qu\u2019<b>il a d\u00e9cid\u00e9 d\u2019acheter un des tableaux<\/b>, un diptyque grandeur nature repr\u00e9sentant deux des travailleurs aux commandes d\u2019un m\u00e9langeur \u00e0 cylindre, imposante machine servant \u00e0 fabriquer du caoutchouc.<\/p>\n<p class=\" wall-content\">\u00ab\u2009Nous avons toujours \u00e9t\u00e9 fiers de notre activit\u00e9 et de notre histoire, et nous avons \u00e0 c\u0153ur de le montrer\u2009\u00bb, explique-t-il. D\u2019autant que la fin de l\u2019exposition co\u00efncidait avec la c\u00e9l\u00e9bration du <b>120e anniversaire de l\u2019entreprise<\/b>.<\/p>\n<p>Votre r\u00e9gion, votre actu !<\/p>\n<p>Recevez chaque jour les infos qui comptent pour vous.<\/p>\n<p>\t<a href=\"https:\/\/actu.fr\/newsletter\" class=\"ac-btn ac-btn--corner ac-btn--medium ac-btn--blue800\" rel=\"nofollow noopener\" target=\"_blank\">S&rsquo;incrire<\/a><\/p>\n<p>    <img   decoding=\"async\" loading=\"lazy\" class=\"size-large\" src=\"https:\/\/www.europesays.com\/fr\/wp-content\/uploads\/2025\/10\/cab8a93caad86aeb8a93caad862c8av-960x640.jpg\" alt=\"Le tableau de Laurent Proux est soigneusement emball\u00e9 pour son transport.\" width=\"960\" height=\"640\"\/><br \/>\n    Le tableau de Laurent Proux est soigneusement emball\u00e9 pour son transport. \u00a9MB\u00ab\u2009C\u2019est un honneur\u2009\u00bb<\/p>\n<p class=\" wall-content\"><b>Vendredi 26\u00a0septembre 2025<\/b>, l\u2019\u00e9quipe du mus\u00e9e et Laurent Proux ont donc <b>d\u00e9croch\u00e9 le double tableau<\/b>, soigneusement emball\u00e9, transport\u00e9 et accroch\u00e9 dans la salle commune de l\u2019entreprise en bas de ville.<\/p>\n<p class=\" wall-content\">\u00ab\u2009C\u2019est beaucoup d\u2019histoire, <b>des g\u00e9n\u00e9rations de Sanclaudiens se sont succ\u00e9d\u00e9 dans cette entreprise<\/b>\u2009\u00bb, partage Laurent Proux. \u00ab\u2009Et que cette peinture qui rend <b>hommage aux travailleurs<\/b> se retrouve sur le lieu de leur travail, fasse partie de cette histoire, c\u2019est une situation tr\u00e8s int\u00e9ressante, et c\u2019est un honneur.\u2009\u00bb<\/p>\n<p class=\" wall-content\">Personnalisez votre actualit\u00e9 en ajoutant vos villes et m\u00e9dias en favori avec <a href=\"https:\/\/moncompte.actu.fr\" title=\"D\u00e9couvez Mon Actu\" rel=\"nofollow noopener\" data-trk=\"{&quot;cta&quot;:{&quot;action&quot;:&quot;https:\\\/\\\/moncompte.actu.fr&quot;,&quot;category&quot;:&quot;mon compte&quot;,&quot;from&quot;:&quot;article footer&quot;,&quot;name&quot;:&quot;Mon actu&quot;,&quot;type&quot;:&quot;cta&quot;}}\" target=\"_blank\">Mon Actu<\/a>.<\/p>\n<p>                    <script async src=\"\/\/www.tiktok.com\/embed.js\"><\/script><\/p>\n","protected":false},"excerpt":{"rendered":"Par Maxime Bertail Publi\u00e9 le 30 sept. 2025 \u00e0 17h36 \u00ab\u2009C\u2019est \u00e9mouvant de le voir ici, \u00e7a conclut&hellip;\n","protected":false},"author":2,"featured_media":431222,"comment_status":"","ping_status":"","sticky":false,"template":"","format":"standard","meta":{"footnotes":""},"categories":[1358],"tags":[1348,1384,1385,1386,58,59,3696,1011,27,693],"class_list":{"0":"post-431221","1":"post","2":"type-post","3":"status-publish","4":"format-standard","5":"has-post-thumbnail","7":"category-arts-et-design","8":"tag-arts","9":"tag-arts-and-design","10":"tag-arts-et-design","11":"tag-design","12":"tag-divertissement","13":"tag-entertainment","14":"tag-evenements","15":"tag-fr","16":"tag-france","17":"tag-industrie"},"share_on_mastodon":{"url":"https:\/\/pubeurope.com\/@fr\/115299181143823987","error":""},"_links":{"self":[{"href":"https:\/\/www.europesays.com\/fr\/wp-json\/wp\/v2\/posts\/431221","targetHints":{"allow":["GET"]}}],"collection":[{"href":"https:\/\/www.europesays.com\/fr\/wp-json\/wp\/v2\/posts"}],"about":[{"href":"https:\/\/www.europesays.com\/fr\/wp-json\/wp\/v2\/types\/post"}],"author":[{"embeddable":true,"href":"https:\/\/www.europesays.com\/fr\/wp-json\/wp\/v2\/users\/2"}],"replies":[{"embeddable":true,"href":"https:\/\/www.europesays.com\/fr\/wp-json\/wp\/v2\/comments?post=431221"}],"version-history":[{"count":0,"href":"https:\/\/www.europesays.com\/fr\/wp-json\/wp\/v2\/posts\/431221\/revisions"}],"wp:featuredmedia":[{"embeddable":true,"href":"https:\/\/www.europesays.com\/fr\/wp-json\/wp\/v2\/media\/431222"}],"wp:attachment":[{"href":"https:\/\/www.europesays.com\/fr\/wp-json\/wp\/v2\/media?parent=431221"}],"wp:term":[{"taxonomy":"category","embeddable":true,"href":"https:\/\/www.europesays.com\/fr\/wp-json\/wp\/v2\/categories?post=431221"},{"taxonomy":"post_tag","embeddable":true,"href":"https:\/\/www.europesays.com\/fr\/wp-json\/wp\/v2\/tags?post=431221"}],"curies":[{"name":"wp","href":"https:\/\/api.w.org\/{rel}","templated":true}]}}