{"id":431225,"date":"2025-10-01T13:38:21","date_gmt":"2025-10-01T13:38:21","guid":{"rendered":"https:\/\/www.europesays.com\/fr\/431225\/"},"modified":"2025-10-01T13:38:21","modified_gmt":"2025-10-01T13:38:21","slug":"pourquoi-laurent-fontaine-et-clement-lanoue-remplacent-cyril-hanouna-sur-w9-et-fun-radio-ce-mercredi","status":"publish","type":"post","link":"https:\/\/www.europesays.com\/fr\/431225\/","title":{"rendered":"Pourquoi Laurent Fontaine et Cl\u00e9ment Lanoue remplacent Cyril Hanouna sur W9 et Fun Radio ce mercredi ?"},"content":{"rendered":"<p>    Cyril Hanouna dans \u00ab Tout beau tout n9uf\u00a0\u00bb<br \/>\n                Capture \u00e9cran W9<\/p>\n<p>L\u2019animateur de 51 ans ne sera ni dans \u00abTout beau tout fun\u00bb \u00e0 la radio, ni dans \u00abTout beau tout n9uf\u00bb \u00e0 la t\u00e9l\u00e9vision pour des raisons personnelles. Son retour est pr\u00e9vu jeudi soir vers 20h30.<\/p>\n<p class=\"fig-paragraph\">\u00ab Demain, je ne suis pas l\u00e0. Ce sera Laurent Fontaine \u00e0 ma place, il sera sans rideau.\u00a0\u00bb Mardi soir, <strong>Cyril Hanouna<\/strong> a termin\u00e9\u00a0<a href=\"https:\/\/tvmag.lefigaro.fr\/programme-tv\/programme\/tout-beau-tout-n9uf-f494298251\" target=\"_blank\" rel=\"noopener\" data-gtm-custom-categorie=\"navigation\" data-gtm-custom-action=\"crossclick\" data-gtm-custom-label=\"Contextuel\" data-gtm-event=\"customEventSPE\"><strong>\u00ab Tout beau tout n9uf\u00a0\u00bb<\/strong><\/a> \u00a0en rappelant qu\u2019il ne serait pas \u00e0 la t\u00eate de son talk-show aujourd\u2019hui. Quasiment chaque saison, l\u2019animateur s\u2019absente au moins une fois pour des raisons personnelles li\u00e9es \u00e0 sa religion. \u00ab Cela reste entre nous mais je suis un peu juif. Demain, c\u2019est Kippour, c\u2019est le Grand Pardon\u00a0\u00bb, a-t-il expliqu\u00e9 avec l\u00e9g\u00e8ret\u00e9 au d\u00e9but de \u00ab Cyril et la famille\u00a0\u00bb sur W9.<\/p>\n<p class=\"fig-paragraph\">Fix\u00e9 au dixi\u00e8me jour du premier mois de l\u2019ann\u00e9e civile juive, Yom Kippour commence ce mercredi \u00e0 19h11 et se termine jeudi \u00e0 20h14. \u00ab Pendant 24 heures, tu ne fais pas de conneries, a r\u00e9sum\u00e9 Cyril Hanouna. Tu n\u2019allumes pas la lumi\u00e8re, tu ne manges pas et tu ne dois pas parler. Parce que si tu parles, tu peux dire du mal de quelqu\u2019un. Surtout moi. Au bout d\u2019une semaine, j\u2019aurais d\u00e9j\u00e0 besoin d\u2019un deuxi\u00e8me Kippour.\u00a0\u00bb<\/p>\n<p class=\"fig-body-link\">\n<p>        Regarder la vid\u00e9o<br \/>\n        <a class=\"fig-body-link__link\" href=\"https:\/\/video.lefigaro.fr\/figaro\/culture\/cyril-hanouna-tpmp-lanimateur-fait-de-rares-confidences-sur-la-religion-20170816\" target=\"_blank\" data-fig-type=\"Video\" rel=\"noopener\" data-gtm-custom-categorie=\"navigation\" data-gtm-custom-action=\"crossclick\" data-gtm-custom-label=\"Contextuel\" data-gtm-event=\"customEventSPE\" data-fig-domain=\"LEFIGARO\">Cyril Hanouna &#8211; TPMP\u00a0: l&rsquo;animateur fait de rares confidences sur la religion<br \/>\n    <\/a>\n<\/p>\n<p>                                    <a class=\"fig-a11y-skip a11y-hidden\" href=\"#fig-a11y-skip-main-inarticle\"><br \/>\n        Passer la publicit\u00e9<br \/>\n    <\/a><\/p>\n<p>Six heures d\u2019antenne pour Cl\u00e9ment Lanoue sur Fun Radio<\/p>\n<p class=\"fig-paragraph\">Le 25 septembre 2023, c\u2019est\u00a0<a href=\"http:\/\/tvmag.lefigaro.fr\/programme-tv\/actu-tele\/c-est-drole-fluide-leger-premiere-reussie-pour-pascale-de-la-tour-du-pin-a-l-animation-de-touche-pas-a-mon-poste-20230926\" target=\"_blank\" data-fig-type=\"Article\" rel=\"noopener\" data-gtm-custom-categorie=\"navigation\" data-gtm-custom-action=\"crossclick\" data-gtm-custom-label=\"Contextuel\" data-gtm-event=\"customEventSPE\" data-fig-domain=\"TVMAG\">Pascale de La Tour du Pin qui avait brillamment remplac\u00e9 Cyril Hanouna<\/a>\u00a0\u00e0 la pr\u00e9sentation de \u00ab Touche pas \u00e0 mon poste!\u00a0\u00bb sur C8. L\u2019an dernier, l\u2019animateur avait enregistr\u00e9 le num\u00e9ro du vendredi 11 octobre \u00e0 l\u2019avance pour une diffusion en in\u00e9dit. Le 22 septembre dernier sur W9, il avait annonc\u00e9 \u00e0\u00a0<a href=\"http:\/\/tvmag.lefigaro.fr\/programme-tv\/actu-tele\/tout-beau-tout-n9uf-pourquoi-cyril-hanouna-sera-t-il-absent-cette-semaine-20250923\" target=\"_blank\" data-fig-type=\"Article\" rel=\"noopener\" data-gtm-custom-categorie=\"navigation\" data-gtm-custom-action=\"crossclick\" data-gtm-custom-label=\"Contextuel\" data-gtm-event=\"customEventSPE\" data-fig-domain=\"TVMAG\"><strong>Laurent Fontaine<\/strong><\/a> \u00a0qu\u2019il serait charg\u00e9 de \u00ab Tout beau tout n9uf\u00a0\u00bb en son absence.<\/p>\n<p class=\"fig-paragraph\">Outre le talk-show de W9, le quotidien de Cyril Hanouna est occup\u00e9 du lundi au vendredi de 15 heures \u00e0 18 heures par l\u2019\u00e9mission <strong>\u00ab Tout beau tout fun\u00a0\u00bb<\/strong> qu\u2019il anime en direct pour Fun Radio. En plus de la case 18-21 heures qu\u2019il g\u00e8re du lundi au vendredi, <strong>Cl\u00e9ment Lanoue<\/strong> sera \u00e0 l\u2019antenne d\u00e8s 15 heures. \u00ab Il y aura\u00a0<a href=\"http:\/\/tvmag.lefigaro.fr\/programme-tv\/people\/nous-allons-nous-demarquer-de-la-concurrence-fabien-delettres-guillaume-genton-et-diane-leyre-devoilent-leur-matinale-radio-20220828\" target=\"_blank\" data-fig-type=\"Article\" rel=\"noopener\" data-gtm-custom-categorie=\"navigation\" data-gtm-custom-action=\"crossclick\" data-gtm-custom-label=\"Contextuel\" data-gtm-event=\"customEventSPE\" data-fig-domain=\"TVMAG\">Fabien Delettre<\/a> ,\u00a0<a href=\"http:\/\/tvmag.lefigaro.fr\/programme-tv\/actu-tele\/qui-est-shana-loustau-la-nouvelle-chroniqueuse-de-cyril-hanouna-dans-tout-beau-tout-n9uf-sur-w9-20250822\" target=\"_blank\" data-fig-type=\"Article\" rel=\"noopener\" data-gtm-custom-categorie=\"navigation\" data-gtm-custom-action=\"crossclick\" data-gtm-custom-label=\"Contextuel\" data-gtm-event=\"customEventSPE\" data-fig-domain=\"TVMAG\">Shana Loustau<\/a> ,\u00a0<a href=\"http:\/\/tvmag.lefigaro.fr\/programme-tv\/actu-tele\/raymond-aabou-elu-chroniqueur-de-l-annee-de-tpmp-c-est-comme-si-j-etais-champion-de-france-de-football-20240606\" target=\"_blank\" data-fig-type=\"Article\" rel=\"noopener\" data-gtm-custom-categorie=\"navigation\" data-gtm-custom-action=\"crossclick\" data-gtm-custom-label=\"Contextuel\" data-gtm-event=\"customEventSPE\" data-fig-domain=\"TVMAG\">Raymond Aabou<\/a> \u00a0et Olivier Dartigolles avec lui\u00a0\u00bb, a annonc\u00e9 Cyril Hanouna. \u00ab La bonne nouvelle, c\u2019est que je serai l\u00e0 tout le reste de l\u2019ann\u00e9e.\u00a0\u00bb<\/p>\n","protected":false},"excerpt":{"rendered":"Cyril Hanouna dans \u00ab Tout beau tout n9uf\u00a0\u00bb Capture \u00e9cran W9 L\u2019animateur de 51 ans ne sera ni&hellip;\n","protected":false},"author":2,"featured_media":431226,"comment_status":"","ping_status":"","sticky":false,"template":"","format":"standard","meta":{"footnotes":""},"categories":[1356],"tags":[1083,58,59,1011,27,252,49425,1364],"class_list":{"0":"post-431225","1":"post","2":"type-post","3":"status-publish","4":"format-standard","5":"has-post-thumbnail","7":"category-television","8":"tag-cyril-hanouna","9":"tag-divertissement","10":"tag-entertainment","11":"tag-fr","12":"tag-france","13":"tag-television","14":"tag-tout-beau-tout-n9uf","15":"tag-tv"},"share_on_mastodon":{"url":"https:\/\/pubeurope.com\/@fr\/115299189037232369","error":""},"_links":{"self":[{"href":"https:\/\/www.europesays.com\/fr\/wp-json\/wp\/v2\/posts\/431225","targetHints":{"allow":["GET"]}}],"collection":[{"href":"https:\/\/www.europesays.com\/fr\/wp-json\/wp\/v2\/posts"}],"about":[{"href":"https:\/\/www.europesays.com\/fr\/wp-json\/wp\/v2\/types\/post"}],"author":[{"embeddable":true,"href":"https:\/\/www.europesays.com\/fr\/wp-json\/wp\/v2\/users\/2"}],"replies":[{"embeddable":true,"href":"https:\/\/www.europesays.com\/fr\/wp-json\/wp\/v2\/comments?post=431225"}],"version-history":[{"count":0,"href":"https:\/\/www.europesays.com\/fr\/wp-json\/wp\/v2\/posts\/431225\/revisions"}],"wp:featuredmedia":[{"embeddable":true,"href":"https:\/\/www.europesays.com\/fr\/wp-json\/wp\/v2\/media\/431226"}],"wp:attachment":[{"href":"https:\/\/www.europesays.com\/fr\/wp-json\/wp\/v2\/media?parent=431225"}],"wp:term":[{"taxonomy":"category","embeddable":true,"href":"https:\/\/www.europesays.com\/fr\/wp-json\/wp\/v2\/categories?post=431225"},{"taxonomy":"post_tag","embeddable":true,"href":"https:\/\/www.europesays.com\/fr\/wp-json\/wp\/v2\/tags?post=431225"}],"curies":[{"name":"wp","href":"https:\/\/api.w.org\/{rel}","templated":true}]}}