{"id":431231,"date":"2025-10-01T13:41:10","date_gmt":"2025-10-01T13:41:10","guid":{"rendered":"https:\/\/www.europesays.com\/fr\/431231\/"},"modified":"2025-10-01T13:41:10","modified_gmt":"2025-10-01T13:41:10","slug":"ces-trois-signes-aux-toilettes-doivent-vous-alerter-selon-un-medecin","status":"publish","type":"post","link":"https:\/\/www.europesays.com\/fr\/431231\/","title":{"rendered":"ces trois signes aux toilettes doivent vous alerter, selon un m\u00e9decin"},"content":{"rendered":"<p class=\"mb-4 text-lg md:leading-8 break-words\">Le <a data-i13n=\"cpos:1;pos:1\" href=\"https:\/\/fr.news.yahoo.com\/chirurgien-alerte-pensez-%C3%A0-trouble-140250432.html\" data-ylk=\"slk:cancer colorectal;cpos:1;pos:1;elm:context_link;itc:0;sec:content-canvas;outcm:mb_qualified_link;_E:mb_qualified_link;ct:story;\" class=\"link  yahoo-link\" target=\"_blank\" rel=\"noopener\">cancer colorectal<\/a> figure parmi les cancers les plus fr\u00e9quents en France. Chaque ann\u00e9e, environ <a data-i13n=\"cpos:2;pos:1\" href=\"https:\/\/www.ligue-cancer.net\/mars-bleu\" rel=\"nofollow noopener\" target=\"_blank\" data-ylk=\"slk:47 000 nouveaux cas;cpos:2;pos:1;elm:context_link;itc:0;sec:content-canvas\" class=\"link \">47 000 nouveaux cas<\/a> sont diagnostiqu\u00e9s dans l&rsquo;Hexagone, selon les donn\u00e9es de Sant\u00e9 publique France. Cette pathologie repr\u00e9sente le deuxi\u00e8me cancer le plus fr\u00e9quent chez la femme et le troisi\u00e8me chez l&rsquo;homme. Malgr\u00e9 ces chiffres pr\u00e9occupants, la majorit\u00e9 des cas peut \u00eatre \u00e9vit\u00e9e gr\u00e2ce \u00e0 un d\u00e9pistage pr\u00e9coce. Identifier certains signes d&rsquo;alerte pourrait drastiquement modifier le pronostic des patients.<\/p>\n<p class=\"mb-4 text-lg md:leading-8 break-words\">Les statistiques parlent d&rsquo;elles-m\u00eames. Lorsqu&rsquo;un cancer du c\u00f4lon est d\u00e9tect\u00e9 \u00e0 un stade pr\u00e9coce, le taux de gu\u00e9rison \u00e0 cinq ans peut atteindre 90 %. En revanche, un diagnostic tardif r\u00e9duit consid\u00e9rablement les chances de survie. Chaque ann\u00e9e, cette maladie provoque plus de 17 000 d\u00e9c\u00e8s en France, ce qui en fait la deuxi\u00e8me cause de mortalit\u00e9 par cancer dans le pays. D&rsquo;o\u00f9 l&rsquo;importance cruciale de rester vigilant face aux premiers sympt\u00f4mes.<\/p>\n<p>Des sympt\u00f4mes qui se manifestent aux toilettes<\/p>\n<p class=\"mb-4 text-lg md:leading-8 break-words\">Le Dr Ben, m\u00e9decin reconnu sur les r\u00e9seaux sociaux via ses plateformes Medicina y Mente, a r\u00e9cemment mis en lumi\u00e8re quatre signes d&rsquo;alerte particuliers du cancer colorectal, rapporte le site internet <a data-i13n=\"cpos:3;pos:1\" href=\"https:\/\/www.mirror.co.uk\/news\/health\/three-bathroom-signs-could-indicate-35991349\" rel=\"nofollow noopener\" target=\"_blank\" data-ylk=\"slk:Mirror;cpos:3;pos:1;elm:context_link;itc:0;sec:content-canvas\" class=\"link \">Mirror<\/a>. Dans une vid\u00e9o publi\u00e9e sur <a data-i13n=\"cpos:4;pos:1\" href=\"https:\/\/www.tiktok.com\/@medicinaymenteoficial\/video\/7545909557642398998\" rel=\"nofollow noopener\" target=\"_blank\" data-ylk=\"slk:TikTok;cpos:4;pos:1;elm:context_link;itc:0;sec:content-canvas\" class=\"link \">TikTok<\/a>, il exhorte les internautes \u00e0 \u00ab\u00a0consulter un m\u00e9decin d\u00e8s que possible\u00a0\u00bb s&rsquo;ils commencent \u00e0 pr\u00e9senter les sympt\u00f4mes suivants : la pr\u00e9sence de sang dans les selles, des changements dans les habitudes intestinales, une perte de poids importante et inexpliqu\u00e9e, ainsi qu&rsquo;une fatigue extr\u00eame sans cause identifi\u00e9e.<\/p>\n<p class=\"mb-4 text-lg md:leading-8 break-words\">Le praticien d\u00e9veloppe particuli\u00e8rement le deuxi\u00e8me indicateur et pr\u00e9cise que ces modifications intestinales peuvent se traduire de diff\u00e9rentes fa\u00e7ons. \u00ab\u00a0Si vous \u00eates constip\u00e9 et que vous avez soudainement des selles liquides, soyez prudent\u00a0\u00bb, alerte-t-il. Concernant la perte de poids et la fatigue, il souligne que ces sympt\u00f4mes ne deviennent pr\u00e9occupants que s&rsquo;il n&rsquo;existe pas d&rsquo;explication alternative, comme un changement dans les habitudes alimentaires ou les habitudes relatives \u00e0 l&rsquo;activit\u00e9 physique. \u00ab\u00a0N&rsquo;importe lequel de ces signes peut \u00eatre une alarme. Votre corps essaie peut-\u00eatre de vous dire que quelque chose ne va pas\u00a0\u00bb, conclut le Dr Ben.<\/p>\n<p>Un programme de d\u00e9pistage national accessible \u00e0 tous<\/p>\n<p class=\"mb-4 text-lg md:leading-8 break-words\">En France, un dispositif de d\u00e9pistage organis\u00e9 est propos\u00e9 gratuitement \u00e0 tous les Fran\u00e7ais \u00e2g\u00e9s de 50 \u00e0 74 ans. Ce programme national invite \u00e0 r\u00e9aliser un test immunologique, simple \u00e0 effectuer chez soi, tous les deux ans. Ce test permet de d\u00e9tecter la pr\u00e9sence de sang occulte dans les selles. En cas de r\u00e9sultat positif, une coloscopie est ensuite prescrite pour identifier la cause du saignement.<\/p>\n<p class=\"mb-4 text-lg md:leading-8 break-words\">Au-del\u00e0 des sympt\u00f4mes identifi\u00e9s par le Dr Ben dans l&rsquo;article du Mirror, plusieurs signes doivent alerter et conduire \u00e0 consulter rapidement son m\u00e9decin traitant. Parmi ces manifestations figurent les saignements rectaux visibles, les troubles persistants du transit intestinal (constipation soudaine, diarrh\u00e9e prolong\u00e9e ou alternance des deux), la sensation fr\u00e9quente de devoir aller \u00e0 la selle, les douleurs abdominales, la pr\u00e9sence d&rsquo;une masse dans le ventre, les ballonnements ou encore une fatigue inhabituelle. Si ces sympt\u00f4mes persistent ou apparaissent soudainement, il est essentiel de consulter. La pr\u00e9sence de ces signes ne signifie pas automatiquement un diagnostic de cancer du c\u00f4lon mais il reste crucial d&rsquo;en d\u00e9terminer la cause exacte.<\/p>\n<p class=\"mb-4 text-lg md:leading-8 break-words\">Les personnes qui constatent une diarrh\u00e9e sanglante ou des selles noires ou rouge fonc\u00e9 doivent prendre contact rapidement avec leur m\u00e9decin traitant ou composer le 15 en cas d&rsquo;urgence. La prise en charge du cancer colorectal en France repose sur plusieurs piliers : la chirurgie, souvent le traitement de base, parfois associ\u00e9e \u00e0 la chimioth\u00e9rapie, la radioth\u00e9rapie et des th\u00e9rapies cibl\u00e9es selon le stade du cancer. Des campagnes de sensibilisation comme \u00ab\u00a0Mars Bleu\u00a0\u00bb sont r\u00e9guli\u00e8rement organis\u00e9es pour encourager le d\u00e9pistage et informer le public sur l&rsquo;importance de la pr\u00e9vention.<\/p>\n<p><script async src=\"\/\/www.tiktok.com\/embed.js\"><\/script><\/p>\n","protected":false},"excerpt":{"rendered":"Le cancer colorectal figure parmi les cancers les plus fr\u00e9quents en France. Chaque ann\u00e9e, environ 47 000 nouveaux&hellip;\n","protected":false},"author":2,"featured_media":431232,"comment_status":"","ping_status":"","sticky":false,"template":"","format":"standard","meta":{"footnotes":""},"categories":[10],"tags":[2672,6520,55937,1011,27,72,71,44863],"class_list":{"0":"post-431231","1":"post","2":"type-post","3":"status-publish","4":"format-standard","5":"has-post-thumbnail","7":"category-sante","8":"tag-cancer-du-colon","9":"tag-cancers","10":"tag-deces-en-france","11":"tag-fr","12":"tag-france","13":"tag-health","14":"tag-sante","15":"tag-signes"},"share_on_mastodon":{"url":"https:\/\/pubeurope.com\/@fr\/115299200801202281","error":""},"_links":{"self":[{"href":"https:\/\/www.europesays.com\/fr\/wp-json\/wp\/v2\/posts\/431231","targetHints":{"allow":["GET"]}}],"collection":[{"href":"https:\/\/www.europesays.com\/fr\/wp-json\/wp\/v2\/posts"}],"about":[{"href":"https:\/\/www.europesays.com\/fr\/wp-json\/wp\/v2\/types\/post"}],"author":[{"embeddable":true,"href":"https:\/\/www.europesays.com\/fr\/wp-json\/wp\/v2\/users\/2"}],"replies":[{"embeddable":true,"href":"https:\/\/www.europesays.com\/fr\/wp-json\/wp\/v2\/comments?post=431231"}],"version-history":[{"count":0,"href":"https:\/\/www.europesays.com\/fr\/wp-json\/wp\/v2\/posts\/431231\/revisions"}],"wp:featuredmedia":[{"embeddable":true,"href":"https:\/\/www.europesays.com\/fr\/wp-json\/wp\/v2\/media\/431232"}],"wp:attachment":[{"href":"https:\/\/www.europesays.com\/fr\/wp-json\/wp\/v2\/media?parent=431231"}],"wp:term":[{"taxonomy":"category","embeddable":true,"href":"https:\/\/www.europesays.com\/fr\/wp-json\/wp\/v2\/categories?post=431231"},{"taxonomy":"post_tag","embeddable":true,"href":"https:\/\/www.europesays.com\/fr\/wp-json\/wp\/v2\/tags?post=431231"}],"curies":[{"name":"wp","href":"https:\/\/api.w.org\/{rel}","templated":true}]}}