{"id":431239,"date":"2025-10-01T13:45:12","date_gmt":"2025-10-01T13:45:12","guid":{"rendered":"https:\/\/www.europesays.com\/fr\/431239\/"},"modified":"2025-10-01T13:45:12","modified_gmt":"2025-10-01T13:45:12","slug":"meeting-patronal-du-13-octobre-le-medef-completement-esseule","status":"publish","type":"post","link":"https:\/\/www.europesays.com\/fr\/431239\/","title":{"rendered":"Meeting patronal du 13 octobre : le Medef compl\u00e8tement esseul\u00e9"},"content":{"rendered":"<p>Les autres organisations patronales (CPME, U2P&#8230;) annoncent l\u2019une apr\u00e8s l\u2019autre qu\u2019elles ne participeront pas \u00e0 l\u2019\u00e9v\u00e9nement.<\/p>\n<p class=\"fig-paragraph\">Le Medef ne pourra compter que sur lui-m\u00eame pour lutter contre les \u00ab\u00a0th\u00e9ories dangereuses pour nos entreprises\u00a0\u00bb. Apr\u00e8s avoir annonc\u00e9 la tenue d\u2019un \u00ab\u00e9norme meeting\u00bb des patrons le 13 octobre, Patrick Martin &#8211; le pr\u00e9sident de la premi\u00e8re organisation patronale fran\u00e7aise &#8211; ne rassemblera que ses troupes. Alors que l\u2019U2P, syndicat des entreprises de proximit\u00e9, a d\u00e9j\u00e0 d\u00e9clin\u00e9 l\u2019invitation, son pr\u00e9sident vitup\u00e9rant depuis 10 jours contre ce \u00abrassemblement de BCBG\u00bb, c\u2019est au tour de la Conf\u00e9d\u00e9ration des PME (CPME), deuxi\u00e8me syndicat patronal du pays, de bouder la mobilisation. Son jeune pr\u00e9sident,\u00a0<a href=\"http:\/\/www.lefigaro.fr\/conjoncture\/deficit-public-amir-reza-tofighi-president-de-la-cpme-veut-mettre-a-contribution-les-retraites-20250426\" data-fig-type=\"NewsFlash\" data-gtm-custom-categorie=\"navigation\" data-gtm-custom-action=\"crossclick\" data-gtm-custom-label=\"Contextuel\" data-gtm-event=\"customEventSPE\" data-fig-domain=\"LEFIGARO\" rel=\"nofollow noopener\" target=\"_blank\">Amir Reza-Tofighi,\u00a0<\/a>a en effet annonc\u00e9 que lui aussi passerait son tour, apr\u00e8s avoir consult\u00e9 ses instances, d\u00e9non\u00e7ant tout \u00e0 la fois le fond et la forme de ce projet.<\/p>\n<p class=\"fig-body-link\">\n            \u00c0 lire aussi<br \/>\n        <a class=\"fig-body-link__link fig-premium-mark\" href=\"http:\/\/www.lefigaro.fr\/conjoncture\/les-patrons-en-ordre-disperse-avant-le-grand-meeting-du-13-octobre-20250929\" data-fig-type=\"Article\" data-gtm-custom-categorie=\"navigation\" data-gtm-custom-action=\"crossclick\" data-gtm-custom-label=\"Contextuel\" data-gtm-event=\"customEventSPE\" data-fig-domain=\"LEFIGARO\" rel=\"nofollow noopener\" target=\"_blank\">Les patrons en ordre dispers\u00e9 avant le grand meeting du 13\u00a0octobre<br \/>\n    <\/a>\n<\/p>\n<p class=\"fig-paragraph\">\u00abCe meeting n\u2019a pas \u00e9t\u00e9 pr\u00e9par\u00e9 collectivement\u00bb, s\u2019agace-t-il dans les colonnes du Parisien, estimant que si le Medef avait pris la peine de vraiment consulter ses homologues, ces derniers lui auraient \u00abdit que le calendrier est mal\u2026<\/p>\n<p class=\"fig-premium-paywall__infos\">\n        Cet article est r\u00e9serv\u00e9 aux abonn\u00e9s.        Il vous reste 76% \u00e0 d\u00e9couvrir.\n    <\/p>\n<p>                <img  data- alt=\"Le Figaro\" class=\"fig-img--complete fig-img\"\/><\/p>\n<p class=\"fig-premium-paywall__title\">Vous avez envie de lire la suite ?<\/p>\n<p class=\"fig-premium-paywall__subtitle\">D\u00e9bloquez tous les articles imm\u00e9diatement.<\/p>\n<p class=\"fig-premium-paywall__connect\">\n                D\u00e9j\u00e0 abonn\u00e9\u00a0?                <a class=\"fig-premium-paywall__connect-link\" href=\"https:\/\/connect.lefigaro.fr\/login?client=horizon_web&amp;type=main&amp;redirect_uri=https%3A%2F%2Fwww.lefigaro.fr%2Fconjoncture%2Fmeeting-patronal-du-13-octobre-le-medef-completement-esseule-20251001\" data-js-gtm=\"{&quot;customCategorie&quot;: &quot;conversion&quot;, &quot;customAction&quot;: &quot;before_Landing_Connexion_paywall_auto&quot;, &quot;customLabel&quot;: &quot;bGVmaWdhcm8uZnJfXzFmMDllYTQwLTA2YjItNjIzOC04YTU4LThkZTA5YWQ2MDc3ZV9fQXJ0aWNsZQ==_Meeting patronal du 13 octobre\u00a0: le Medef compl\u00e8tement esseul\u00e9_230&quot;, &quot;customIDSPE&quot;: &quot;bGVmaWdhcm8uZnJfXzFmMDllYTQwLTA2YjItNjIzOC04YTU4LThkZTA5YWQ2MDc3ZV9fQXJ0aWNsZQ==&quot;, &quot;event&quot;: &quot;customEventSPE&quot;}\" rel=\"nofollow noopener\" target=\"_blank\"><br \/>\n                    Connectez-vous<br \/>\n                <\/a>\n            <\/p>\n","protected":false},"excerpt":{"rendered":"Les autres organisations patronales (CPME, U2P&#8230;) annoncent l\u2019une apr\u00e8s l\u2019autre qu\u2019elles ne participeront pas \u00e0 l\u2019\u00e9v\u00e9nement. Le Medef&hellip;\n","protected":false},"author":2,"featured_media":431240,"comment_status":"","ping_status":"","sticky":false,"template":"","format":"standard","meta":{"footnotes":""},"categories":[6],"tags":[35,33,34,1011,27,32226],"class_list":{"0":"post-431239","1":"post","2":"type-post","3":"status-publish","4":"format-standard","5":"has-post-thumbnail","7":"category-economie","8":"tag-business","9":"tag-economie","10":"tag-economy","11":"tag-fr","12":"tag-france","13":"tag-patronat"},"share_on_mastodon":{"url":"https:\/\/pubeurope.com\/@fr\/115299216565457011","error":""},"_links":{"self":[{"href":"https:\/\/www.europesays.com\/fr\/wp-json\/wp\/v2\/posts\/431239","targetHints":{"allow":["GET"]}}],"collection":[{"href":"https:\/\/www.europesays.com\/fr\/wp-json\/wp\/v2\/posts"}],"about":[{"href":"https:\/\/www.europesays.com\/fr\/wp-json\/wp\/v2\/types\/post"}],"author":[{"embeddable":true,"href":"https:\/\/www.europesays.com\/fr\/wp-json\/wp\/v2\/users\/2"}],"replies":[{"embeddable":true,"href":"https:\/\/www.europesays.com\/fr\/wp-json\/wp\/v2\/comments?post=431239"}],"version-history":[{"count":0,"href":"https:\/\/www.europesays.com\/fr\/wp-json\/wp\/v2\/posts\/431239\/revisions"}],"wp:featuredmedia":[{"embeddable":true,"href":"https:\/\/www.europesays.com\/fr\/wp-json\/wp\/v2\/media\/431240"}],"wp:attachment":[{"href":"https:\/\/www.europesays.com\/fr\/wp-json\/wp\/v2\/media?parent=431239"}],"wp:term":[{"taxonomy":"category","embeddable":true,"href":"https:\/\/www.europesays.com\/fr\/wp-json\/wp\/v2\/categories?post=431239"},{"taxonomy":"post_tag","embeddable":true,"href":"https:\/\/www.europesays.com\/fr\/wp-json\/wp\/v2\/tags?post=431239"}],"curies":[{"name":"wp","href":"https:\/\/api.w.org\/{rel}","templated":true}]}}