{"id":431241,"date":"2025-10-01T13:46:16","date_gmt":"2025-10-01T13:46:16","guid":{"rendered":"https:\/\/www.europesays.com\/fr\/431241\/"},"modified":"2025-10-01T13:46:16","modified_gmt":"2025-10-01T13:46:16","slug":"deux-morts-dans-le-crash-dun-avion-militaire","status":"publish","type":"post","link":"https:\/\/www.europesays.com\/fr\/431241\/","title":{"rendered":"deux morts dans le crash d\u2019un avion militaire"},"content":{"rendered":"<p>Ce mercredi matin, l\u2019avion qui volait lors d\u2019une mission d\u2019entra\u00eenement \u00abs\u2019est \u00e9cras\u00e9 au sol pour des raisons inconnues pour le moment\u00bb, ont indiqu\u00e9 des sources officielles.<\/p>\n<p class=\"fig-paragraph\">Deux personnes sont mortes dans le crash d\u2019un\u00a0<a href=\"http:\/\/www.lefigaro.fr\/international\/japon-un-avion-d-entrainement-militaire-s-ecrase-avec-deux-personnes-a-bord-20250514\" target=\"_blank\" data-fig-type=\"NewsFlash\" rel=\"noopener\" data-gtm-custom-categorie=\"navigation\" data-gtm-custom-action=\"crossclick\" data-gtm-custom-label=\"Contextuel\" data-gtm-event=\"customEventSPE\" data-fig-domain=\"LEFIGARO\">avion d&rsquo;entra\u00eenement militaire<\/a>\u00a0mercredi 1er octobre matin non loin de\u00a0<a href=\"http:\/\/www.lefigaro.fr\/voyages\/guides\/d-ici-cinq-ans-nous-pourrons-nager-dans-le-tibre-rome-veut-rouvrir-le-fleuve-a-la-baignade-20250912\" target=\"_blank\" data-fig-type=\"NewsFlash\" rel=\"noopener\" data-gtm-custom-categorie=\"navigation\" data-gtm-custom-action=\"crossclick\" data-gtm-custom-label=\"Contextuel\" data-gtm-event=\"customEventSPE\" data-fig-domain=\"LEFIGARO\">Rome<\/a>, ont annonc\u00e9 des sources officielles. \u00abCe matin, un avion T-260B (&#8230;) en vol lors d&rsquo;une mission d&rsquo;entra\u00eenement, s&rsquo;est \u00e9cras\u00e9 au sol pour des raisons inconnues pour le moment. Les \u00e9quipes de secours sont imm\u00e9diatement intervenues sur les lieux\u00bb, a indiqu\u00e9 dans un communiqu\u00e9 l&rsquo;aviation militaire italienne.<\/p>\n<p class=\"fig-paragraph\">\u00abJe suis profond\u00e9ment attrist\u00e9 par le d\u00e9c\u00e8s de deux militaires (&#8230;) impliqu\u00e9s dans le tragique accident qui s&rsquo;est produit ce matin \u00e0 Sabaudia\u00bb, une station baln\u00e9aire situ\u00e9e \u00e0 environ 100 km au sud-est de Rome, a pour sa part r\u00e9agi sur X Antonio Tajani, le ministre italien des Affaires \u00e9trang\u00e8res.<\/p>\n<p>                                    <a class=\"fig-a11y-skip a11y-hidden\" href=\"#fig-a11y-skip-main-inarticle\"><br \/>\n        Passer la publicit\u00e9<br \/>\n    <\/a><\/p>\n<p>Un autre avion s\u2019est \u00e9cras\u00e9 en 2023<\/p>\n<p class=\"fig-paragraph\">En septembre 2023,\u00a0<a href=\"http:\/\/www.lefigaro.fr\/flash-actu\/italie-un-avion-militaire-s-ecrase-lors-d-un-exercice-et-tue-une-fillette-20230916\" target=\"_blank\" data-fig-type=\"NewsFlash\" rel=\"noopener\" data-gtm-custom-categorie=\"navigation\" data-gtm-custom-action=\"crossclick\" data-gtm-custom-label=\"Contextuel\" data-gtm-event=\"customEventSPE\" data-fig-domain=\"LEFIGARO\">un autre avion\u00a0<\/a>d&rsquo;entra\u00eenement militaire s&rsquo;\u00e9tait \u00e9cras\u00e9 dans le nord de l&rsquo;Italie, tuant une fillette de cinq ans qui se trouvait dans une voiture proche de l&rsquo;endroit de la chute de l&rsquo;appareil, le pilote ayant r\u00e9ussi lui \u00e0 s&rsquo;\u00e9jecter avant l&rsquo;impact au sol.<\/p>\n","protected":false},"excerpt":{"rendered":"Ce mercredi matin, l\u2019avion qui volait lors d\u2019une mission d\u2019entra\u00eenement \u00abs\u2019est \u00e9cras\u00e9 au sol pour des raisons inconnues&hellip;\n","protected":false},"author":2,"featured_media":431242,"comment_status":"","ping_status":"","sticky":false,"template":"","format":"standard","meta":{"footnotes":""},"categories":[5],"tags":[11,4098,1011,27,14,452,12,28],"class_list":{"0":"post-431241","1":"post","2":"type-post","3":"status-publish","4":"format-standard","5":"has-post-thumbnail","7":"category-international","8":"tag-actualites","9":"tag-crash","10":"tag-fr","11":"tag-france","12":"tag-international","13":"tag-italie","14":"tag-news","15":"tag-world"},"share_on_mastodon":{"url":"https:\/\/pubeurope.com\/@fr\/115299220597331739","error":""},"_links":{"self":[{"href":"https:\/\/www.europesays.com\/fr\/wp-json\/wp\/v2\/posts\/431241","targetHints":{"allow":["GET"]}}],"collection":[{"href":"https:\/\/www.europesays.com\/fr\/wp-json\/wp\/v2\/posts"}],"about":[{"href":"https:\/\/www.europesays.com\/fr\/wp-json\/wp\/v2\/types\/post"}],"author":[{"embeddable":true,"href":"https:\/\/www.europesays.com\/fr\/wp-json\/wp\/v2\/users\/2"}],"replies":[{"embeddable":true,"href":"https:\/\/www.europesays.com\/fr\/wp-json\/wp\/v2\/comments?post=431241"}],"version-history":[{"count":0,"href":"https:\/\/www.europesays.com\/fr\/wp-json\/wp\/v2\/posts\/431241\/revisions"}],"wp:featuredmedia":[{"embeddable":true,"href":"https:\/\/www.europesays.com\/fr\/wp-json\/wp\/v2\/media\/431242"}],"wp:attachment":[{"href":"https:\/\/www.europesays.com\/fr\/wp-json\/wp\/v2\/media?parent=431241"}],"wp:term":[{"taxonomy":"category","embeddable":true,"href":"https:\/\/www.europesays.com\/fr\/wp-json\/wp\/v2\/categories?post=431241"},{"taxonomy":"post_tag","embeddable":true,"href":"https:\/\/www.europesays.com\/fr\/wp-json\/wp\/v2\/tags?post=431241"}],"curies":[{"name":"wp","href":"https:\/\/api.w.org\/{rel}","templated":true}]}}