{"id":431249,"date":"2025-10-01T13:50:15","date_gmt":"2025-10-01T13:50:15","guid":{"rendered":"https:\/\/www.europesays.com\/fr\/431249\/"},"modified":"2025-10-01T13:50:15","modified_gmt":"2025-10-01T13:50:15","slug":"saint-etienne-le-reseau-stas-impacte-par-le-mouvement-national-du-2-octobre","status":"publish","type":"post","link":"https:\/\/www.europesays.com\/fr\/431249\/","title":{"rendered":"Saint-\u00c9tienne. Le r\u00e9seau Stas impact\u00e9 par le mouvement national du 2\u00a0octobre"},"content":{"rendered":"<p>En raison d\u2019un mouvement national, le r\u00e9seau STAS sera faiblement perturb\u00e9 ce jeudi 2\u00a0octobre. Toutes les lignes du r\u00e9seau circulent sans exception<\/p>\n<p>Tramway<\/p>\n<p>Les lignes T1, T2 et T3 circuleront en adoptant de l\u00e9g\u00e8res adaptations\u00a0:<\/p>\n<p>T1\u00a0: Un tram toutes les six minutes.<\/p>\n<p>T2\u00a0: Un tram toutes les seize minutes (au lieu de dix \u00e0 douze minutes) avec une fin de service anticip\u00e9e.<\/p>\n<p>T3\u00a0: un tram toutes les douze minutes (soit deux minutes d\u2019attente de plus qu\u2019en temps normal).<\/p>\n<p>Bus<strong> M\u00e9tropoles<\/strong><\/p>\n<p>Les lignes M2 et M5 circuleront normalement.<\/p>\n<p>Les autres lignes M\u00e9tropoles circuleront avec des horaires adapt\u00e9s n\u00e9cessitant une attente de deux minutes de plus qu\u2019en temps normal en heure de pointe, except\u00e9 pour la ligne M7 o\u00f9, l\u00e0, le temps d\u2019attente sera de trois minutes de plus qu\u2019en temps normal.<\/p>\n<p>  <strong>Autres lignes de bus<\/strong><\/p>\n<p>Les autres lignes de bus circuleront normalement ou selon des horaires adapt\u00e9s.<\/p>\n<p><strong>\u2022 Infos pratiques\u00a0:<\/strong> Les horaires mis \u00e0 jour sont disponibles sur www.reseau-stas.fr\u00a0; Le service client est joignable au 0\u00a0800\u00a0041\u00a0042 (appel gratuit). L\u2019appli Moovizy vous permet de suivre le trafic en temps r\u00e9el.<\/p>\n<p class=\"note\">Les manifestations\u00a0pr\u00e9vues \u00e0 Saint-\u00c9tienne risquent de perturber les lignes du centre-ville, y compris le tramway.<\/p>\n","protected":false},"excerpt":{"rendered":"En raison d\u2019un mouvement national, le r\u00e9seau STAS sera faiblement perturb\u00e9 ce jeudi 2\u00a0octobre. Toutes les lignes du&hellip;\n","protected":false},"author":2,"featured_media":431250,"comment_status":"","ping_status":"","sticky":false,"template":"","format":"standard","meta":{"footnotes":""},"categories":[9653],"tags":[1111,11,2430,7539,1777,674,1011,27,12,25,4001,7538,801],"class_list":{"0":"post-431249","1":"post","2":"type-post","3":"status-publish","4":"format-standard","5":"has-post-thumbnail","7":"category-saint-etienne","8":"tag-actu","9":"tag-actualites","10":"tag-auvergne-rhone-alpes","11":"tag-edition-loire-sud","12":"tag-eu","13":"tag-europe","14":"tag-fr","15":"tag-france","16":"tag-news","17":"tag-republique-francaise","18":"tag-saint-etienne","19":"tag-saint-etienne-ville","20":"tag-social"},"share_on_mastodon":{"url":"https:\/\/pubeurope.com\/@fr\/115299236257477959","error":""},"_links":{"self":[{"href":"https:\/\/www.europesays.com\/fr\/wp-json\/wp\/v2\/posts\/431249","targetHints":{"allow":["GET"]}}],"collection":[{"href":"https:\/\/www.europesays.com\/fr\/wp-json\/wp\/v2\/posts"}],"about":[{"href":"https:\/\/www.europesays.com\/fr\/wp-json\/wp\/v2\/types\/post"}],"author":[{"embeddable":true,"href":"https:\/\/www.europesays.com\/fr\/wp-json\/wp\/v2\/users\/2"}],"replies":[{"embeddable":true,"href":"https:\/\/www.europesays.com\/fr\/wp-json\/wp\/v2\/comments?post=431249"}],"version-history":[{"count":0,"href":"https:\/\/www.europesays.com\/fr\/wp-json\/wp\/v2\/posts\/431249\/revisions"}],"wp:featuredmedia":[{"embeddable":true,"href":"https:\/\/www.europesays.com\/fr\/wp-json\/wp\/v2\/media\/431250"}],"wp:attachment":[{"href":"https:\/\/www.europesays.com\/fr\/wp-json\/wp\/v2\/media?parent=431249"}],"wp:term":[{"taxonomy":"category","embeddable":true,"href":"https:\/\/www.europesays.com\/fr\/wp-json\/wp\/v2\/categories?post=431249"},{"taxonomy":"post_tag","embeddable":true,"href":"https:\/\/www.europesays.com\/fr\/wp-json\/wp\/v2\/tags?post=431249"}],"curies":[{"name":"wp","href":"https:\/\/api.w.org\/{rel}","templated":true}]}}