{"id":431259,"date":"2025-10-01T13:56:13","date_gmt":"2025-10-01T13:56:13","guid":{"rendered":"https:\/\/www.europesays.com\/fr\/431259\/"},"modified":"2025-10-01T13:56:13","modified_gmt":"2025-10-01T13:56:13","slug":"ivre-il-improvise-des-passes-de-torero-avec-un-glaive-devant-chez-son-ex","status":"publish","type":"post","link":"https:\/\/www.europesays.com\/fr\/431259\/","title":{"rendered":"ivre, il improvise des passes de torero avec un glaive devant chez son ex"},"content":{"rendered":"<p>            Par<br \/>\n        <strong><br \/>\n            <a href=\"https:\/\/actu.fr\/auteur\/lea-pippinato\" title=\"Consulter tous les articles de L\u00e9a Pippinato\" target=\"_blank\" rel=\"noopener\">L\u00e9a Pippinato<\/a><br \/>\n        <\/strong><\/p>\n<p>        Publi\u00e9 le<\/p>\n<p>            1 oct. 2025 \u00e0 10h35        <\/p>\n<p><strong>La nuit du 27 au 28 septembre<\/strong> a \u00e9t\u00e9 marqu\u00e9e par une sc\u00e8ne insolite et inqui\u00e9tante rue Lakanal, dans le quartier des Beaux-Arts \u00e0 Montpellier. Un homme de 57 ans, d\u00e9j\u00e0 condamn\u00e9 pour violences sur son ex-compagne de 53 ans, a \u00e9t\u00e9 interpell\u00e9 par la police alors qu\u2019il r\u00f4dait \u00e0 proximit\u00e9 de son domicile.<\/p>\n<p>    <a href=\"https:\/\/www.google.com\/maps\/embed?pb=!1m18!1m12!1m3!1d23114.090373704526!2d3.8338559999999995!3d43.6011008!2m3!1f0!2f0!3f0!3m2!1i1024!2i768!4f13.1!3m3!1m2!1s0x12b6af0fa20a6fa1%3A0xadaefe5405df2f72!2sRue%20Lakanal%2C%2034090%20Montpellier!5e0!3m2!1sen!2sfr!4v1759258301326!5m2!1sen!2sfr\" title=\"Ouvrie le lien\" target=\"_blank\" rel=\"noopener\">Cliquez ici pour visualiser le contenu<\/a><\/p>\n<p class=\" wall-content\">Le quinquag\u00e9naire n\u2019avait pourtant plus le droit d\u2019approcher la victime depuis une d\u00e9cision de justice. Malgr\u00e9 cette interdiction, les deux anciens conjoints se fr\u00e9quentaient encore. La situation a bascul\u00e9 samedi : la femme a franchi la porte du commissariat pour d\u00e9poser une nouvelle plainte contre son ex-compagnon.<\/p>\n<p>Des menaces inqui\u00e9tantes<\/p>\n<p class=\" wall-content\">Quelques heures plus tard, en pleine nuit, elle a d\u00fb composer le 17. L\u2019homme s\u2019\u00e9tait pr\u00e9sent\u00e9 devant chez elle, alcoolis\u00e9, tambourinant \u00e0 la porte avec une arme blanche. Les policiers nationaux l\u2019ont arr\u00eat\u00e9 \u00e0 proximit\u00e9 du domicile. L\u2019intervention a r\u00e9v\u00e9l\u00e9 la pr\u00e9sence de plusieurs armes. Deux couteaux ont \u00e9t\u00e9 retrouv\u00e9s pr\u00e8s de lui. Dans son v\u00e9hicule, les agents ont mis la main sur un troisi\u00e8me couteau et sur un glaive. L\u2019homme avait \u00e9galement un plaid rouge avec lequel il imitait les gestes d\u2019un torero face \u00e0 son \u00e9p\u00e9e romaine.<\/p>\n<p class=\" wall-content\">D\u00e9f\u00e9r\u00e9 d\u00e8s le lendemain, l\u2019homme a \u00e9t\u00e9 jug\u00e9 en comparution imm\u00e9diate. Le tribunal l\u2019a condamn\u00e9 \u00e0 quatre mois de prison ferme avec mandat de d\u00e9p\u00f4t. Pendant cinq ans, il ne pourra plus poss\u00e9der ni porter d\u2019armes. Son permis de chasse a \u00e9t\u00e9 retir\u00e9 et son glaive confisqu\u00e9. La mesure d\u2019interdiction de contact avec son ex-compagne reste en vigueur.<\/p>\n<p class=\" wall-content\">Personnalisez votre actualit\u00e9 en ajoutant vos villes et m\u00e9dias en favori avec <a href=\"https:\/\/moncompte.actu.fr\" title=\"D\u00e9couvez Mon Actu\" rel=\"nofollow noopener\" data-trk=\"{&quot;cta&quot;:{&quot;action&quot;:&quot;https:\\\/\\\/moncompte.actu.fr&quot;,&quot;category&quot;:&quot;mon compte&quot;,&quot;from&quot;:&quot;article footer&quot;,&quot;name&quot;:&quot;Mon actu&quot;,&quot;type&quot;:&quot;cta&quot;}}\" target=\"_blank\">Mon Actu<\/a>.<\/p>\n","protected":false},"excerpt":{"rendered":"Par L\u00e9a Pippinato Publi\u00e9 le 1 oct. 2025 \u00e0 10h35 La nuit du 27 au 28 septembre a&hellip;\n","protected":false},"author":2,"featured_media":431260,"comment_status":"","ping_status":"","sticky":false,"template":"","format":"standard","meta":{"footnotes":""},"categories":[9599],"tags":[1111,11,1777,674,118,1011,27,303,2208,12,2680,1072,25,798],"class_list":{"0":"post-431259","1":"post","2":"type-post","3":"status-publish","4":"format-standard","5":"has-post-thumbnail","7":"category-montpellier","8":"tag-actu","9":"tag-actualites","10":"tag-eu","11":"tag-europe","12":"tag-faits-divers","13":"tag-fr","14":"tag-france","15":"tag-justice","16":"tag-montpellier","17":"tag-news","18":"tag-occitanie","19":"tag-police","20":"tag-republique-francaise","21":"tag-violences-conjugales"},"share_on_mastodon":{"url":"","error":""},"_links":{"self":[{"href":"https:\/\/www.europesays.com\/fr\/wp-json\/wp\/v2\/posts\/431259","targetHints":{"allow":["GET"]}}],"collection":[{"href":"https:\/\/www.europesays.com\/fr\/wp-json\/wp\/v2\/posts"}],"about":[{"href":"https:\/\/www.europesays.com\/fr\/wp-json\/wp\/v2\/types\/post"}],"author":[{"embeddable":true,"href":"https:\/\/www.europesays.com\/fr\/wp-json\/wp\/v2\/users\/2"}],"replies":[{"embeddable":true,"href":"https:\/\/www.europesays.com\/fr\/wp-json\/wp\/v2\/comments?post=431259"}],"version-history":[{"count":0,"href":"https:\/\/www.europesays.com\/fr\/wp-json\/wp\/v2\/posts\/431259\/revisions"}],"wp:featuredmedia":[{"embeddable":true,"href":"https:\/\/www.europesays.com\/fr\/wp-json\/wp\/v2\/media\/431260"}],"wp:attachment":[{"href":"https:\/\/www.europesays.com\/fr\/wp-json\/wp\/v2\/media?parent=431259"}],"wp:term":[{"taxonomy":"category","embeddable":true,"href":"https:\/\/www.europesays.com\/fr\/wp-json\/wp\/v2\/categories?post=431259"},{"taxonomy":"post_tag","embeddable":true,"href":"https:\/\/www.europesays.com\/fr\/wp-json\/wp\/v2\/tags?post=431259"}],"curies":[{"name":"wp","href":"https:\/\/api.w.org\/{rel}","templated":true}]}}