{"id":431263,"date":"2025-10-01T13:58:11","date_gmt":"2025-10-01T13:58:11","guid":{"rendered":"https:\/\/www.europesays.com\/fr\/431263\/"},"modified":"2025-10-01T13:58:11","modified_gmt":"2025-10-01T13:58:11","slug":"rouen-elles-frappent-un-homme-a-terre-et-crient-penalty-a-chaque-coup","status":"publish","type":"post","link":"https:\/\/www.europesays.com\/fr\/431263\/","title":{"rendered":"Rouen. Elles frappent un homme \u00e0 terre et crient \u00ab\u00a0p\u00e9nalty\u00a0\u00bb \u00e0 chaque coup"},"content":{"rendered":"<p>Dans la nuit du mercredi 1er\u00a0octobre, vers 1h30, les effectifs de police ont \u00e9t\u00e9 appel\u00e9s pour une rixe devant l&rsquo;h\u00f4pital Charles-Nicolle de Rouen. Sur place, des agents de s\u00e9curit\u00e9 se trouvaient d\u00e9j\u00e0 aux c\u00f4t\u00e9s de trois personnes, une quatri\u00e8me avait \u00e9t\u00e9 conduite aux urgences.<\/p>\n<p>Un homme de 40 ans agress\u00e9<\/p>\n<p>La victime, \u00e2g\u00e9e de 40 ans, attendait les soins et\u00a0pr\u00e9sentait l&rsquo;\u0153il gauche enti\u00e8rement tum\u00e9fi\u00e9 et le nez enfonc\u00e9 sur le c\u00f4t\u00e9. Il explique aux policiers\u00a0que plus t\u00f4t dans la soir\u00e9e, il\u00a0a \u00e9t\u00e9 pris \u00e0 partie \u00e0 l&rsquo;arr\u00eat du TEOR, en face de la maternit\u00e9. A l&rsquo;origine, trois jeunes se sont moqu\u00e9s de lui en le filmant. Apr\u00e8s avoir manifest\u00e9 son m\u00e9contentement, il a \u00e9t\u00e9 mis au sol et frapp\u00e9 \u00e0 plusieurs reprises.<\/p>\n<p>Trois jeunes interpell\u00e9s<\/p>\n<p>Un t\u00e9moin de 43 ans a confirm\u00e9 les faits, pr\u00e9cisant que les agresseurs avaient effectu\u00e9 une \u00ab\u00a0balayette\u00a0\u00bb pour le faire chuter, avant que l&rsquo;une des jeunes femmes ne lui ass\u00e8ne des coups de pied au visage en criant \u00ab\u00a0penalty\u00a0\u00bb. Les suspects, un homme de 21 ans, une femme de 23 ans et une mineure de 17 ans, ont \u00e9t\u00e9 interpell\u00e9s et plac\u00e9s en garde \u00e0 vue.<\/p>\n<p style=\"font-weight: bold; color: #002458;\">\u00a0<\/p>\n","protected":false},"excerpt":{"rendered":"Dans la nuit du mercredi 1er\u00a0octobre, vers 1h30, les effectifs de police ont \u00e9t\u00e9 appel\u00e9s pour une rixe&hellip;\n","protected":false},"author":2,"featured_media":431264,"comment_status":"","ping_status":"","sticky":false,"template":"","format":"standard","meta":{"footnotes":""},"categories":[9587],"tags":[1111,11,1777,674,1011,27,12,5161,25,9590],"class_list":{"0":"post-431263","1":"post","2":"type-post","3":"status-publish","4":"format-standard","5":"has-post-thumbnail","7":"category-rouen","8":"tag-actu","9":"tag-actualites","10":"tag-eu","11":"tag-europe","12":"tag-fr","13":"tag-france","14":"tag-news","15":"tag-normandie","16":"tag-republique-francaise","17":"tag-rouen"},"share_on_mastodon":{"url":"https:\/\/pubeurope.com\/@fr\/115299267795780693","error":""},"_links":{"self":[{"href":"https:\/\/www.europesays.com\/fr\/wp-json\/wp\/v2\/posts\/431263","targetHints":{"allow":["GET"]}}],"collection":[{"href":"https:\/\/www.europesays.com\/fr\/wp-json\/wp\/v2\/posts"}],"about":[{"href":"https:\/\/www.europesays.com\/fr\/wp-json\/wp\/v2\/types\/post"}],"author":[{"embeddable":true,"href":"https:\/\/www.europesays.com\/fr\/wp-json\/wp\/v2\/users\/2"}],"replies":[{"embeddable":true,"href":"https:\/\/www.europesays.com\/fr\/wp-json\/wp\/v2\/comments?post=431263"}],"version-history":[{"count":0,"href":"https:\/\/www.europesays.com\/fr\/wp-json\/wp\/v2\/posts\/431263\/revisions"}],"wp:featuredmedia":[{"embeddable":true,"href":"https:\/\/www.europesays.com\/fr\/wp-json\/wp\/v2\/media\/431264"}],"wp:attachment":[{"href":"https:\/\/www.europesays.com\/fr\/wp-json\/wp\/v2\/media?parent=431263"}],"wp:term":[{"taxonomy":"category","embeddable":true,"href":"https:\/\/www.europesays.com\/fr\/wp-json\/wp\/v2\/categories?post=431263"},{"taxonomy":"post_tag","embeddable":true,"href":"https:\/\/www.europesays.com\/fr\/wp-json\/wp\/v2\/tags?post=431263"}],"curies":[{"name":"wp","href":"https:\/\/api.w.org\/{rel}","templated":true}]}}