{"id":431265,"date":"2025-10-01T13:59:12","date_gmt":"2025-10-01T13:59:12","guid":{"rendered":"https:\/\/www.europesays.com\/fr\/431265\/"},"modified":"2025-10-01T13:59:12","modified_gmt":"2025-10-01T13:59:12","slug":"un-pere-de-famille-prend-le-pretexte-des-mauvaises-notes-pour-frapper-sa-fille-en-pleine-rue","status":"publish","type":"post","link":"https:\/\/www.europesays.com\/fr\/431265\/","title":{"rendered":"Un p\u00e8re de famille prend le pr\u00e9texte des mauvaises notes pour frapper sa fille en pleine rue"},"content":{"rendered":"<p>Les faits se sont d\u00e9roul\u00e9s le 20\u00a0ao\u00fbt dernier \u00e0 Sotteville-l\u00e8s-Rouen (<a href=\"https:\/\/www.20minutes.fr\/dossier\/seine_maritime-1\" target=\"_blank\" class=\"c-link c-link--is-underlined\" rel=\"noopener\">Seine-Maritime<\/a>). Un p\u00e8re de famille de 45 ans a violent\u00e9 sa fille de 17 ans, \u00e0 qui il reprochait une attitude d\u00e9sinvolte et de mauvaises notes \u00e0 l\u2019\u00e9cole. Il \u00e9tait jug\u00e9 devant le tribunal de Rouen cette semaine, selon <a href=\"https:\/\/actu.fr\/normandie\/rouen_76540\/il-frappe-sa-fille-en-pleine-rue-a-cause-de-ses-mauvaises-notes-un-pere-de-famille-condamne-a-rouen_63231929.html\" target=\"_blank\" class=\"c-link c-link--is-underlined\" rel=\"noopener\">Actu.fr<\/a>.<\/p>\n<p>La jeune fille se trouvait dans un centre a\u00e9r\u00e9 de Rouen, quand elle a appris que son p\u00e8re \u00e9tait en route pour la conduire chez sa grand-m\u00e8re. Une fois arriv\u00e9 devant la maison, situ\u00e9e \u00e0 Sotteville-l\u00e8s-Rouen, il lui a ass\u00e9n\u00e9 de violents coups de parapluie, des gifles et un coup de poing. C\u2019est une commer\u00e7ante, t\u00e9moin de la sc\u00e8ne, qui a alert\u00e9 la <a href=\"https:\/\/www.20minutes.fr\/dossier\/police\" target=\"_blank\" class=\"c-link c-link--is-underlined\" rel=\"noopener\">police<\/a>.<\/p>\n<p>Prison avec sursis pour le p\u00e8re violent<\/p>\n<p>Pr\u00e9sent\u00e9 devant la justice cette semaine \u00e0 Rouen et reconnu coupable, <a href=\"https:\/\/www.20minutes.fr\/justice\/4174942-20250924-yvelines-couple-ecope-prison-ferme-agression-pere-fille\" target=\"_blank\" class=\"c-link c-link--is-underlined\" rel=\"noopener\">le p\u00e8re a regrett\u00e9 ses actes \u00ab\u00a0graves et inadmissibles\u00a0\u00bb <\/a>selon l\u2019avocate de la d\u00e9fense. Cette derni\u00e8re a \u00e9galement estim\u00e9 qu\u2019aucun \u00e9l\u00e9ment n\u2019\u00e9tablissait avec certitude que des violences avaient \u00e9t\u00e9 perp\u00e9tr\u00e9es avec le parapluie.<\/p>\n<\/p>\n<p>Le p\u00e8re de la jeune fille a tout de m\u00eame \u00e9cop\u00e9 de 10 mois de <a href=\"https:\/\/www.20minutes.fr\/dossier\/prison\" target=\"_blank\" class=\"c-link c-link--is-underlined\" rel=\"noopener\">prison<\/a> avec sursis, d\u2019une interdiction de d\u00e9tenir une arme pendant deux ans, d\u2019une interdiction d\u2019entrer en contact avec la victime et de para\u00eetre \u00e0 son domicile. Il devra aussi indemniser sa fille \u00e0 hauteur de 1.200\u00a0euros.<\/p>\n","protected":false},"excerpt":{"rendered":"Les faits se sont d\u00e9roul\u00e9s le 20\u00a0ao\u00fbt dernier \u00e0 Sotteville-l\u00e8s-Rouen (Seine-Maritime). Un p\u00e8re de famille de 45 ans&hellip;\n","protected":false},"author":2,"featured_media":431266,"comment_status":"","ping_status":"","sticky":false,"template":"","format":"standard","meta":{"footnotes":""},"categories":[9587],"tags":[1111,47,11,1777,674,1011,27,303,12,5161,25,9590,5163,797],"class_list":{"0":"post-431265","1":"post","2":"type-post","3":"status-publish","4":"format-standard","5":"has-post-thumbnail","7":"category-rouen","8":"tag-actu","9":"tag-actualite","10":"tag-actualites","11":"tag-eu","12":"tag-europe","13":"tag-fr","14":"tag-france","15":"tag-justice","16":"tag-news","17":"tag-normandie","18":"tag-republique-francaise","19":"tag-rouen","20":"tag-seine-maritime","21":"tag-violences-faites-aux-femmes"},"share_on_mastodon":{"url":"https:\/\/pubeurope.com\/@fr\/115299271525347249","error":""},"_links":{"self":[{"href":"https:\/\/www.europesays.com\/fr\/wp-json\/wp\/v2\/posts\/431265","targetHints":{"allow":["GET"]}}],"collection":[{"href":"https:\/\/www.europesays.com\/fr\/wp-json\/wp\/v2\/posts"}],"about":[{"href":"https:\/\/www.europesays.com\/fr\/wp-json\/wp\/v2\/types\/post"}],"author":[{"embeddable":true,"href":"https:\/\/www.europesays.com\/fr\/wp-json\/wp\/v2\/users\/2"}],"replies":[{"embeddable":true,"href":"https:\/\/www.europesays.com\/fr\/wp-json\/wp\/v2\/comments?post=431265"}],"version-history":[{"count":0,"href":"https:\/\/www.europesays.com\/fr\/wp-json\/wp\/v2\/posts\/431265\/revisions"}],"wp:featuredmedia":[{"embeddable":true,"href":"https:\/\/www.europesays.com\/fr\/wp-json\/wp\/v2\/media\/431266"}],"wp:attachment":[{"href":"https:\/\/www.europesays.com\/fr\/wp-json\/wp\/v2\/media?parent=431265"}],"wp:term":[{"taxonomy":"category","embeddable":true,"href":"https:\/\/www.europesays.com\/fr\/wp-json\/wp\/v2\/categories?post=431265"},{"taxonomy":"post_tag","embeddable":true,"href":"https:\/\/www.europesays.com\/fr\/wp-json\/wp\/v2\/tags?post=431265"}],"curies":[{"name":"wp","href":"https:\/\/api.w.org\/{rel}","templated":true}]}}