{"id":431269,"date":"2025-10-01T14:03:21","date_gmt":"2025-10-01T14:03:21","guid":{"rendered":"https:\/\/www.europesays.com\/fr\/431269\/"},"modified":"2025-10-01T14:03:21","modified_gmt":"2025-10-01T14:03:21","slug":"pourquoi-les-portes-de-lhotel-de-ville-de-rennes-ont-elles-ete-retirees","status":"publish","type":"post","link":"https:\/\/www.europesays.com\/fr\/431269\/","title":{"rendered":"Pourquoi les portes de l\u2019H\u00f4tel de Ville de Rennes ont-elles \u00e9t\u00e9 retir\u00e9es ?"},"content":{"rendered":"<p><strong>\u00ab\u00a0Elles ont vu passer des g\u00e9n\u00e9rations de Rennaises et de Rennais venus se dire oui.\u00a0\u00bb<\/strong> Les portes des mariages de l\u2019H\u00f4tel de Ville de Rennes ont \u00e9t\u00e9 retir\u00e9es, mercredi 1er\u00a0octobre 2025 au matin. L\u2019annonce a \u00e9t\u00e9 faite par <a href=\"https:\/\/rennes.maville.com\/actu\/actudet_-entretien.-nathalie-appere-consternee-mais-n-appelle-pas-a-manifester-_7-6450858_actu.Htm\" target=\"_blank\" rel=\"noopener\">la maire de Rennes Nathalie App\u00e9r\u00e9<\/a> sur son <a href=\"https:\/\/www.instagram.com\/appere_nathalie\/\" rel=\"nofollow noopener\" target=\"_blank\">compte Instagram<\/a>.<\/p>\n<p>\t<img decoding=\"async\" src=\"https:\/\/www.europesays.com\/fr\/wp-content\/uploads\/2025\/10\/P35494921D7000223G_px_640_.jpg\" alt=\"photo le message post\u00e9 par nathalie app\u00e9r\u00e9 sur son compte instagram.  \u00a9  capture d\u2019\u00e9cran instagram\" width=\"640\" title=\" Le message post\u00e9 par Nathalie App\u00e9r\u00e9 sur son compte Instagram.   Capture d\u2019\u00e9cran Instagram \"\/><\/p>\n<p class=\"elmt-legende\"> Le message post\u00e9 par Nathalie App\u00e9r\u00e9 sur son compte Instagram.   Capture d\u2019\u00e9cran Instagram <\/p>\n<p>Un mois de r\u00e9novation<\/p>\n<p>L\u2019\u00e9lue pr\u00e9cise que les portes seront restaur\u00e9es <strong>\u00ab\u00a0sous la supervision des architectes des b\u00e2timents de France\u00a0\u00bb<\/strong>. <strong>\u00ab\u00a0Un mois de travail pour retrouver toute leur qualit\u00e9 et leur \u00e9clat d\u2019origine. Et continuer \u00e0 faire vivre ce patrimoine cher \u00e0 toutes et \u00e0 tous\u00a0\u00bb<\/strong>, indique encore l\u00e9dile de la capitale bretonne.<\/p>\n<p>En attendant, c\u2019est une entr\u00e9e en bois provisoire qui est en train d\u2019\u00eatre mise en place.<\/p>\n<p>\u00a0<\/p>\n<p>\t\t<script async src=\"\/\/www.instagram.com\/embed.js\"><\/script><\/p>\n","protected":false},"excerpt":{"rendered":"\u00ab\u00a0Elles ont vu passer des g\u00e9n\u00e9rations de Rennaises et de Rennais venus se dire oui.\u00a0\u00bb Les portes des&hellip;\n","protected":false},"author":2,"featured_media":431270,"comment_status":"","ping_status":"","sticky":false,"template":"","format":"standard","meta":{"footnotes":""},"categories":[2821],"tags":[1111,11,829,2883,1777,674,1011,27,190,12,55939,3761,3086,584,25,24984,4824],"class_list":{"0":"post-431269","1":"post","2":"type-post","3":"status-publish","4":"format-standard","5":"has-post-thumbnail","7":"category-rennes","8":"tag-actu","9":"tag-actualites","10":"tag-bretagne","11":"tag-ete","12":"tag-eu","13":"tag-europe","14":"tag-fr","15":"tag-france","16":"tag-hotel","17":"tag-news","18":"tag-ont-elles","19":"tag-portes","20":"tag-redon","21":"tag-rennes","22":"tag-republique-francaise","23":"tag-retirees","24":"tag-ville"},"share_on_mastodon":{"url":"https:\/\/pubeurope.com\/@fr\/115299287815370483","error":""},"_links":{"self":[{"href":"https:\/\/www.europesays.com\/fr\/wp-json\/wp\/v2\/posts\/431269","targetHints":{"allow":["GET"]}}],"collection":[{"href":"https:\/\/www.europesays.com\/fr\/wp-json\/wp\/v2\/posts"}],"about":[{"href":"https:\/\/www.europesays.com\/fr\/wp-json\/wp\/v2\/types\/post"}],"author":[{"embeddable":true,"href":"https:\/\/www.europesays.com\/fr\/wp-json\/wp\/v2\/users\/2"}],"replies":[{"embeddable":true,"href":"https:\/\/www.europesays.com\/fr\/wp-json\/wp\/v2\/comments?post=431269"}],"version-history":[{"count":0,"href":"https:\/\/www.europesays.com\/fr\/wp-json\/wp\/v2\/posts\/431269\/revisions"}],"wp:featuredmedia":[{"embeddable":true,"href":"https:\/\/www.europesays.com\/fr\/wp-json\/wp\/v2\/media\/431270"}],"wp:attachment":[{"href":"https:\/\/www.europesays.com\/fr\/wp-json\/wp\/v2\/media?parent=431269"}],"wp:term":[{"taxonomy":"category","embeddable":true,"href":"https:\/\/www.europesays.com\/fr\/wp-json\/wp\/v2\/categories?post=431269"},{"taxonomy":"post_tag","embeddable":true,"href":"https:\/\/www.europesays.com\/fr\/wp-json\/wp\/v2\/tags?post=431269"}],"curies":[{"name":"wp","href":"https:\/\/api.w.org\/{rel}","templated":true}]}}