{"id":43127,"date":"2025-04-22T04:48:10","date_gmt":"2025-04-22T04:48:10","guid":{"rendered":"https:\/\/www.europesays.com\/fr\/43127\/"},"modified":"2025-04-22T04:48:10","modified_gmt":"2025-04-22T04:48:10","slug":"a-villeurbanne-cette-place-fait-peau-neuve","status":"publish","type":"post","link":"https:\/\/www.europesays.com\/fr\/43127\/","title":{"rendered":"\u00e0 Villeurbanne, cette place fait peau neuve"},"content":{"rendered":"<p>Apr\u00e8s la concertation du 11\u00a0d\u00e9cembre, la M\u00e9tropole et la Ville ont propos\u00e9 le sc\u00e9nario retenu pour l\u2019am\u00e9nagement de la Place de la Paix, prenant en compte les remarques des habitants. Ceux-ci ont \u00e0 nouveau pu faire part de leurs observations, et aussi choisir l\u2019aire de jeux et le mobilier qui seront mis en place. La plupart des r\u00e9actions sont tr\u00e8s positives.<\/p>\n<p>Choisir le mobilier<\/p>\n<p>Quels mobiliers urbains\u00a0? Des paysagistes consultent les habitants comme Xavier, qui s\u2019interroge\u00a0: \u00ab\u00a0L\u2019aire de jeux des petits sera r\u00e9am\u00e9nag\u00e9e, mais il&#8230;<\/p>\n","protected":false},"excerpt":{"rendered":"Apr\u00e8s la concertation du 11\u00a0d\u00e9cembre, la M\u00e9tropole et la Ville ont propos\u00e9 le sc\u00e9nario retenu pour l\u2019am\u00e9nagement de&hellip;\n","protected":false},"author":2,"featured_media":43128,"comment_status":"","ping_status":"","sticky":false,"template":"","format":"standard","meta":{"footnotes":""},"categories":[1889],"tags":[1111,11,2430,4749,33,2757,1777,674,1011,27,2428,12,25,104,6345,6346],"class_list":{"0":"post-43127","1":"post","2":"type-post","3":"status-publish","4":"format-standard","5":"has-post-thumbnail","7":"category-lyon","8":"tag-actu","9":"tag-actualites","10":"tag-auvergne-rhone-alpes","11":"tag-btp-et-chantiers","12":"tag-economie","13":"tag-edition-lyon-villeurbanne","14":"tag-eu","15":"tag-europe","16":"tag-fr","17":"tag-france","18":"tag-lyon","19":"tag-news","20":"tag-republique-francaise","21":"tag-societe","22":"tag-villeurbanne","23":"tag-villeurbanne-bassin"},"share_on_mastodon":{"url":"https:\/\/pubeurope.com\/@fr\/114379810659638094","error":""},"_links":{"self":[{"href":"https:\/\/www.europesays.com\/fr\/wp-json\/wp\/v2\/posts\/43127","targetHints":{"allow":["GET"]}}],"collection":[{"href":"https:\/\/www.europesays.com\/fr\/wp-json\/wp\/v2\/posts"}],"about":[{"href":"https:\/\/www.europesays.com\/fr\/wp-json\/wp\/v2\/types\/post"}],"author":[{"embeddable":true,"href":"https:\/\/www.europesays.com\/fr\/wp-json\/wp\/v2\/users\/2"}],"replies":[{"embeddable":true,"href":"https:\/\/www.europesays.com\/fr\/wp-json\/wp\/v2\/comments?post=43127"}],"version-history":[{"count":0,"href":"https:\/\/www.europesays.com\/fr\/wp-json\/wp\/v2\/posts\/43127\/revisions"}],"wp:featuredmedia":[{"embeddable":true,"href":"https:\/\/www.europesays.com\/fr\/wp-json\/wp\/v2\/media\/43128"}],"wp:attachment":[{"href":"https:\/\/www.europesays.com\/fr\/wp-json\/wp\/v2\/media?parent=43127"}],"wp:term":[{"taxonomy":"category","embeddable":true,"href":"https:\/\/www.europesays.com\/fr\/wp-json\/wp\/v2\/categories?post=43127"},{"taxonomy":"post_tag","embeddable":true,"href":"https:\/\/www.europesays.com\/fr\/wp-json\/wp\/v2\/tags?post=43127"}],"curies":[{"name":"wp","href":"https:\/\/api.w.org\/{rel}","templated":true}]}}