{"id":431271,"date":"2025-10-01T14:04:27","date_gmt":"2025-10-01T14:04:27","guid":{"rendered":"https:\/\/www.europesays.com\/fr\/431271\/"},"modified":"2025-10-01T14:04:27","modified_gmt":"2025-10-01T14:04:27","slug":"les-compagnons-du-vent-specialistes-de-la-vmc-en-ille-et-vilaine-2","status":"publish","type":"post","link":"https:\/\/www.europesays.com\/fr\/431271\/","title":{"rendered":"Les Compagnons du Vent, sp\u00e9cialistes de la VMC en Ille-et-Vilaine"},"content":{"rendered":"<p>Experts en installation et entretien de VMC en Bretagne, les Compagnons du Vents sont pr\u00e9sents en Ille-et-Vilaine, avec l\u2019ouverture r\u00e9cente d\u2019une agence \u00e0 Br\u00e9c\u00e9. Isabelle Lars, \u00e0 la t\u00eate de l\u2019entreprise labellis\u00e9e RGE avec son \u00e9poux, rappelle les enjeux de la ventilation dans une maison.<\/p>\n<p>Et en octobre, pendant le mois de la Ventilation, les Compagnons du Vent doublent le montant de la prime CEE !<\/p>\n<p>Le sp\u00e9cialiste de la ventilation en Bretagne s\u2019implante pr\u00e8s de Rennes<br \/>\nPourriez-vous nous pr\u00e9senter les Compagnons du Vent ?<\/p>\n<p><strong>Isabelle LARS :<\/strong> Il s\u2019agit d\u2019une entreprise que nous avons cr\u00e9\u00e9e en 2019 \u00e0 Guipavas, dans le Finist\u00e8re, avec mon \u00e9poux. Nous sommes sp\u00e9cialis\u00e9s dans le domaine de la ventilation m\u00e9canique contr\u00f4l\u00e9e, dite VMC. Nous intervenons principalement aupr\u00e8s des particuliers, mais aussi des b\u00e2timents collectifs : immeubles d\u2019habitation, bureaux, \u00e9coles, collectivit\u00e9s locales, industrie, etc. \u00a0<\/p>\n<p>Pourquoi avoir cr\u00e9\u00e9 une entreprise sp\u00e9cialis\u00e9e dans la VMC ?<\/p>\n<p>Nous sommes partis d\u2019un constat tr\u00e8s simple : la VMC est un \u00e9l\u00e9ment de plus en plus essentiel au sein des maisons et pourtant, il n\u2019existe pas de sp\u00e9cialiste dans le b\u00e2timent. C&rsquo;est une activit\u00e9 qui est souvent exerc\u00e9e de fa\u00e7on annexe par des \u00e9lectriciens ou des plombiers, mais pas par un professionnel de ce syst\u00e8me. De fait, il n\u2019y a pas d\u2019interlocuteur d\u00e9di\u00e9, notamment pour la maintenance. C&rsquo;est ainsi que nous avons commenc\u00e9 \u00e0 proposer des prestations d\u2019entretien et de d\u00e9pannage de VMC. Face au succ\u00e8s et aux retours de nos clients, nous avons \u00e9largi notre expertise \u00e0 l\u2019installation.<\/p>\n<p>Les Compagnons du Vent sont d\u00e9sormais pr\u00e9sents en Ille-et-Vilaine ?<\/p>\n<p>Tout \u00e0 fait. Nous sommes d\u00e9j\u00e0 bien implant\u00e9s dans le Finist\u00e8re et le Morbihan avec nos agences de Guipavas (29) et de Plouay (56). Mais nous venons de franchir un nouveau cap avec l\u2019ouverture de notre agence en Ille-et-Vilaine, \u00e0 Br\u00e9c\u00e9, dans la Z.A. de la Turbani\u00e8re. Cette nouvelle agence nous permet non seulement d\u2019intervenir rapidement sur la m\u00e9tropole rennaise, mais aussi \u00e0 Saint-Malo, Vitr\u00e9, Foug\u00e8res et dans tout le d\u00e9partement bretillien.<\/p>\n<p><img loading=\"lazy\" decoding=\"async\" style=\"display: block; margin-left: auto; margin-right: auto;\" src=\"https:\/\/www.europesays.com\/fr\/wp-content\/uploads\/2025\/10\/P35484787D6928826G.jpg\" alt=\"\" width=\"550\" height=\"657\"\/><\/p>\n<p class=\"elmt-legende\">Une entreprise bretonne sp\u00e9cialis\u00e9e dans l&rsquo;installation de syst\u00e8mes de ventilation en Bretagne \u00a9 Les Compagnons du Vent<\/p>\n<p>Installation de VMC en Ille-et-Vilaine : un air de qualit\u00e9 dans un logement bien isol\u00e9<br \/>\nPourquoi est-il important d\u2019installer une VMC ?<\/p>\n<p>De nos jours, les maisons sont de mieux en mieux isol\u00e9es, \u00e0 la fois dans les constructions neuves et dans le cas des travaux de r\u00e9novation thermique et \u00e9nerg\u00e9tique. Lorsqu&rsquo;une maison devient \u00e9tanche \u00e0 l\u2019air, elle ne peut plus \u00e9vacuer l\u2019humidit\u00e9 g\u00e9n\u00e9r\u00e9e \u00e0 l\u2019int\u00e9rieur (air expir\u00e9, vapeurs de cuisine, des salles d\u2019eau, etc.). Cela peut entra\u00eener de nombreuses probl\u00e9matiques pour la sant\u00e9 de la maison et celle de ses occupants : moisissures, allergies, etc. Installer une VMC permet de s\u2019en pr\u00e9munir, tout en purifiant l\u2019air int\u00e9rieur de la maison gr\u00e2ce \u00e0 l&rsquo;\u00e9vacuation des polluants tels que les compos\u00e9s organiques volatils (COV), le pollen et le radon, un gaz indolore et incolore dangereux pour la sant\u00e9 et naturellement pr\u00e9sent dans les sols en Bretagne.<\/p>\n<p>Aujourd&rsquo;hui, il n\u2019existe pas de construction neuve qui n&rsquo;int\u00e8gre pas de VMC. Lorsqu&rsquo;on r\u00e9nove une maison ancienne, il faut imp\u00e9rativement coupler l\u2019isolation avec l\u2019installation d\u2019une VMC. En fait, selon les pr\u00e9conisations de l\u2019ADEME (Agence de la transition \u00e9cologique), la ventilation arrive en deuxi\u00e8me place, derri\u00e8re l\u2019isolation et devant le chauffage, dans l\u2019ordre de priorit\u00e9 des travaux \u00e0 privil\u00e9gier dans le cadre d\u2019une r\u00e9novation \u00e9nerg\u00e9tique !<\/p>\n<p>Quels types de VMC installez-vous ?<\/p>\n<p>Nous installons des syst\u00e8mes de VMC simple flux et double flux. La VMC simple flux capte l\u2019air vici\u00e9 \u00e0 l\u2019int\u00e9rieur de la maison pour l\u2019\u00e9vacuer vers l\u2019ext\u00e9rieur et le remplacer par de l\u2019air ext\u00e9rieur. L&rsquo;inconv\u00e9nient, c\u2019est qu&rsquo;on perd un peu de chaleur pr\u00e9sente dans l\u2019air int\u00e9rieur expuls\u00e9. La particularit\u00e9 de la VMC double flux, c\u2019est qu\u2019avant d\u2019\u00e9vacuer l\u2019air vici\u00e9, elle r\u00e9cup\u00e8re les calories pr\u00e9sentes dans cet air \u2013 \u00e0 savoir la chaleur produite \u2013 pour pr\u00e9chauffer l\u2019air frais entrant. Ainsi, en plus de profiter d\u2019une maison bien ventil\u00e9e et d\u2019une meilleure qualit\u00e9 d\u2019air \u00e0 l\u2019int\u00e9rieur, on peut faire encore plus d\u2019\u00e9conomies d\u2019\u00e9nergie en r\u00e9duisant la pression sur le syst\u00e8me de chauffage.<\/p>\n<p>En alternative, lorsqu\u2019il n\u2019est pas possible d\u2019installer une VMC, nous proposons des syst\u00e8mes de ventilation par insufflation, appel\u00e9s VPH ou VMI. C\u2019est une bonne alternative pour profiter d\u2019une ventilation efficace lorsque la VMC n\u2019est pas envisageable.<\/p>\n<p>Comment se d\u00e9roule l\u2019installation de VMC avec les Compagnons du Vent ?<\/p>\n<p>Nous proposons une prestation globale qui comprend les \u00e9ventuels per\u00e7ages, les sorties en toiture, les coffrages en placo ainsi que tous les branchements n\u00e9cessaires. C&rsquo;est une installation cl\u00e9 en main !<\/p>\n<p><img loading=\"lazy\" decoding=\"async\" src=\"https:\/\/www.europesays.com\/fr\/wp-content\/uploads\/2025\/10\/P35484788D6928826G.jpg\" alt=\"\" width=\"640\" height=\"427\"\/><\/p>\n<p class=\"elmt-legende\">Installation de VMC en Ille-et-Vilaine : Rennes, Redon, Vitr\u00e9, Foug\u00e8res, Saint-Malo&#8230; \u00a9 Les Compagnons du Vent<\/p>\n<p>Entretien de VMC \u00e0 Rennes, Vitr\u00e9, Saint-Malo&#8230; Conseils et expertise des Compagnons du Vent<br \/>\nPourquoi faut-il entretenir sa VMC ?<\/p>\n<p>Avec le temps, les poussi\u00e8res, les graisses et l\u2019humidit\u00e9 s\u2019accumulent dans le syst\u00e8me, ce qui peut endommager le moteur, provoquer une surchauffe et entra\u00eener un risque d\u2019incendie. De plus, une VMC mal entretenue perd en performance et assure une ventilation moins efficace. Un bon entretien permet donc \u00e0 la fois de pr\u00e9server la s\u00e9curit\u00e9 du logement et d\u2019optimiser le fonctionnement de l\u2019installation.<\/p>\n<p>\u00c0 quelle fr\u00e9quence recommandez-vous d\u2019entretenir sa VMC ?<\/p>\n<p>Conform\u00e9ment aux recommandations en vigueur, nous conseillons d\u2019effectuer l\u2019entretien de la VMC tous les trois ans pour une VMC simple flux, tous les ans pour une VMC double flux et une ventilation par insufflation, en raison du filtre \u00e0 remplacer chaque ann\u00e9e.<\/p>\n<p>Que comprend l\u2019entretien de VMC par les Compagnons du Vent ?<\/p>\n<p>Nous effectuons un entretien complet qui comprend notamment le nettoyage des bouches d\u2019extraction, des gaines, du moteur, ainsi que le remplacement des filtres.<\/p>\n<p><img loading=\"lazy\" decoding=\"async\" style=\"display: block; margin-left: auto; margin-right: auto;\" src=\"https:\/\/www.europesays.com\/fr\/wp-content\/uploads\/2025\/10\/P35413026D6928826G.jpg\" alt=\"\" width=\"550\" height=\"733\"\/><\/p>\n<p>Les Compagnons du Vent, installateur de VMC labellis\u00e9 RGE en Bretagne<br \/>\nPourquoi faire confiance aux Compagnons du Vent pour l\u2019installation de sa VMC ?<\/p>\n<p>Tout d\u2019abord parce que nous sommes de v\u00e9ritables sp\u00e9cialistes de la ventilation. Nous avons un vrai savoir-faire, quel que soit le type de ventilation. Nos techniciens sont sp\u00e9cialis\u00e9s et form\u00e9s sur ce domaine qui est notre c\u0153ur de m\u00e9tier. De plus, nous veillons \u00e0 d\u00e9velopper une relation de confiance et de proximit\u00e9 avec nos clients. Cela passe notamment par de la technique, de la p\u00e9dagogie et puis, bien s\u00fbr, la qualit\u00e9 de service. Nous sommes notamment labellis\u00e9s RGE (Reconnu Garant de l\u2019Environnement).<\/p>\n<p>La certification RGE, qu\u2019est-ce que cela veut dire ?<\/p>\n<p>C&rsquo;est un label qui atteste de la qualit\u00e9 de notre savoir-faire et de notre engagement en faveur de la performance \u00e9nerg\u00e9tique. De plus, cette certification permet \u00e0 nos clients de b\u00e9n\u00e9ficier d\u2019aides financi\u00e8res pour leurs travaux de ventilation, telles que MaPrimeR\u00e9nov et les primes CEE (Certificats d\u2019\u00c9conomies d\u2019\u00c9nergie).<\/p>\n<p><img loading=\"lazy\" decoding=\"async\" style=\"display: block; margin-left: auto; margin-right: auto;\" src=\"https:\/\/www.europesays.com\/fr\/wp-content\/uploads\/2025\/10\/P35413013D6928826G.jpg\" alt=\"\" width=\"550\" height=\"732\"\/><\/p>\n<p class=\"elmt-legende\">Un partenaire de confiance pour l&rsquo;installation et l&rsquo;entretien de syst\u00e8mes de ventilation en Bretagne \u00a9 Les Compagnons du Vent<\/p>\n<p>Du 1er au 31 octobre, c\u2019est le Mois de la Ventilation chez les Compagnons du Vent<br \/>\nEn octobre, les Compagnons du Vent organisent le \u00ab Mois de la ventilation \u00bb. Pouvez-vous nous en dire plus sur cette op\u00e9ration sp\u00e9ciale ?<\/p>\n<p>Comme chaque ann\u00e9e, du 1er au 31 octobre, nous doublons le montant de la prime CEE pour tout devis d\u2019installation de VMC sign\u00e9 durant ce mois. Il faut savoir que les primes CEE peuvent \u00eatre accord\u00e9es \u00e0 tous les foyers, sans conditions de ressources. Leur montant varie en fonction des \u00e9conomies r\u00e9alis\u00e9es. C&rsquo;est l\u2019occasion de franchir le pas pour profiter d\u2019une ventilation performante et de qualit\u00e9 dans sa maison, tout en ma\u00eetrisant son budget !<\/p>\n<p>Infos pratiques<\/p>\n<p><strong>Les Compagnons du Vent<\/strong><\/p>\n<\/p>\n<p>\u00a0<\/p>\n","protected":false},"excerpt":{"rendered":"Experts en installation et entretien de VMC en Bretagne, les Compagnons du Vents sont pr\u00e9sents en Ille-et-Vilaine, avec&hellip;\n","protected":false},"author":2,"featured_media":431149,"comment_status":"","ping_status":"","sticky":false,"template":"","format":"standard","meta":{"footnotes":""},"categories":[2821],"tags":[1111,11,829,55933,1777,674,1011,27,848,12,584,25,5339,7919,55934],"class_list":{"0":"post-431271","1":"post","2":"type-post","3":"status-publish","4":"format-standard","5":"has-post-thumbnail","7":"category-rennes","8":"tag-actu","9":"tag-actualites","10":"tag-bretagne","11":"tag-compagnons","12":"tag-eu","13":"tag-europe","14":"tag-fr","15":"tag-france","16":"tag-ille-et-vilaine","17":"tag-news","18":"tag-rennes","19":"tag-republique-francaise","20":"tag-specialistes","21":"tag-vent","22":"tag-vmc"},"share_on_mastodon":{"url":"https:\/\/pubeurope.com\/@fr\/115299291399346418","error":""},"_links":{"self":[{"href":"https:\/\/www.europesays.com\/fr\/wp-json\/wp\/v2\/posts\/431271","targetHints":{"allow":["GET"]}}],"collection":[{"href":"https:\/\/www.europesays.com\/fr\/wp-json\/wp\/v2\/posts"}],"about":[{"href":"https:\/\/www.europesays.com\/fr\/wp-json\/wp\/v2\/types\/post"}],"author":[{"embeddable":true,"href":"https:\/\/www.europesays.com\/fr\/wp-json\/wp\/v2\/users\/2"}],"replies":[{"embeddable":true,"href":"https:\/\/www.europesays.com\/fr\/wp-json\/wp\/v2\/comments?post=431271"}],"version-history":[{"count":0,"href":"https:\/\/www.europesays.com\/fr\/wp-json\/wp\/v2\/posts\/431271\/revisions"}],"wp:featuredmedia":[{"embeddable":true,"href":"https:\/\/www.europesays.com\/fr\/wp-json\/wp\/v2\/media\/431149"}],"wp:attachment":[{"href":"https:\/\/www.europesays.com\/fr\/wp-json\/wp\/v2\/media?parent=431271"}],"wp:term":[{"taxonomy":"category","embeddable":true,"href":"https:\/\/www.europesays.com\/fr\/wp-json\/wp\/v2\/categories?post=431271"},{"taxonomy":"post_tag","embeddable":true,"href":"https:\/\/www.europesays.com\/fr\/wp-json\/wp\/v2\/tags?post=431271"}],"curies":[{"name":"wp","href":"https:\/\/api.w.org\/{rel}","templated":true}]}}