{"id":431272,"date":"2025-10-01T14:05:10","date_gmt":"2025-10-01T14:05:10","guid":{"rendered":"https:\/\/www.europesays.com\/fr\/431272\/"},"modified":"2025-10-01T14:05:10","modified_gmt":"2025-10-01T14:05:10","slug":"elle-a-ete-vue-pour-la-derniere-fois-dans-le-secteur-du-heyritz","status":"publish","type":"post","link":"https:\/\/www.europesays.com\/fr\/431272\/","title":{"rendered":"elle a \u00e9t\u00e9 vue pour la derni\u00e8re fois dans le secteur du Heyritz"},"content":{"rendered":"<p>            Par<br \/>\n        <strong><br \/>\n            <a href=\"https:\/\/actu.fr\/auteur\/ivan-capecchi\" title=\"Consulter tous les articles de Ivan CAPECCHI\" rel=\"nofollow noopener\" target=\"_blank\">Ivan CAPECCHI<\/a><br \/>\n        <\/strong><\/p>\n<p>        Publi\u00e9 le<\/p>\n<p>            1 oct. 2025 \u00e0 14h02        <\/p>\n<p>Ce mercredi, la police du <a href=\"https:\/\/actu.fr\/grand-est\/bas-rhin_67\" rel=\"nofollow noopener\" target=\"_blank\">Bas-Rhin<\/a> a diffus\u00e9 un <a href=\"https:\/\/actu.fr\/tag\/appel-a-temoins\" rel=\"nofollow noopener\" target=\"_blank\">appel \u00e0 t\u00e9moins<\/a> dans le cadre de la <a href=\"https:\/\/actu.fr\/tag\/disparition\" rel=\"nofollow noopener\" target=\"_blank\">disparition inqui\u00e9tante<\/a> d\u2019<strong>Estelle Lapp<\/strong>, qui n\u2019a plus donn\u00e9 signe de vie depuis le 29 septembre 2025. Elle a \u00e9t\u00e9 aper\u00e7ue pour la derni\u00e8re fois dans le secteur du <strong>Heyritz<\/strong>, \u00e0 <strong>Strasbourg<\/strong>.<\/p>\n<p>En cas d\u2019information, contactez la police<\/p>\n<p class=\" wall-content\">\u00c0 ce moment-l\u00e0, elle portait un<strong> jean bleu<\/strong> et une <strong>veste marron<\/strong>.<\/p>\n<p class=\" wall-content\">Estelle Lapp a <strong>50 ans<\/strong>, des <strong>cheveux gris<\/strong> et <strong>mesure 1,70 m<\/strong>. Elle est<strong> de corpulence mince<\/strong>.<\/p>\n<p class=\" wall-content\">En cas d\u2019information, contactez la <a href=\"https:\/\/actu.fr\/tag\/police\" rel=\"nofollow noopener\" target=\"_blank\">police<\/a> au 03 90 23 15 23.<\/p>\n<p class=\" wall-content\">Personnalisez votre actualit\u00e9 en ajoutant vos villes et m\u00e9dias en favori avec <a href=\"https:\/\/moncompte.actu.fr\" title=\"D\u00e9couvez Mon Actu\" rel=\"nofollow noopener\" data-trk=\"{&quot;cta&quot;:{&quot;action&quot;:&quot;https:\\\/\\\/moncompte.actu.fr&quot;,&quot;category&quot;:&quot;mon compte&quot;,&quot;from&quot;:&quot;article footer&quot;,&quot;name&quot;:&quot;Mon actu&quot;,&quot;type&quot;:&quot;cta&quot;}}\" target=\"_blank\">Mon Actu<\/a>.<\/p>\n","protected":false},"excerpt":{"rendered":"Par Ivan CAPECCHI Publi\u00e9 le 1 oct. 2025 \u00e0 14h02 Ce mercredi, la police du Bas-Rhin a diffus\u00e9&hellip;\n","protected":false},"author":2,"featured_media":431273,"comment_status":"","ping_status":"","sticky":false,"template":"","format":"standard","meta":{"footnotes":""},"categories":[2820],"tags":[1111,11,4260,3676,1777,674,118,1011,27,775,12,1072,25,640],"class_list":{"0":"post-431272","1":"post","2":"type-post","3":"status-publish","4":"format-standard","5":"has-post-thumbnail","7":"category-strasbourg","8":"tag-actu","9":"tag-actualites","10":"tag-appel-a-temoins","11":"tag-disparition-inquietante","12":"tag-eu","13":"tag-europe","14":"tag-faits-divers","15":"tag-fr","16":"tag-france","17":"tag-grand-est","18":"tag-news","19":"tag-police","20":"tag-republique-francaise","21":"tag-strasbourg"},"share_on_mastodon":{"url":"https:\/\/pubeurope.com\/@fr\/115299295506936928","error":""},"_links":{"self":[{"href":"https:\/\/www.europesays.com\/fr\/wp-json\/wp\/v2\/posts\/431272","targetHints":{"allow":["GET"]}}],"collection":[{"href":"https:\/\/www.europesays.com\/fr\/wp-json\/wp\/v2\/posts"}],"about":[{"href":"https:\/\/www.europesays.com\/fr\/wp-json\/wp\/v2\/types\/post"}],"author":[{"embeddable":true,"href":"https:\/\/www.europesays.com\/fr\/wp-json\/wp\/v2\/users\/2"}],"replies":[{"embeddable":true,"href":"https:\/\/www.europesays.com\/fr\/wp-json\/wp\/v2\/comments?post=431272"}],"version-history":[{"count":0,"href":"https:\/\/www.europesays.com\/fr\/wp-json\/wp\/v2\/posts\/431272\/revisions"}],"wp:featuredmedia":[{"embeddable":true,"href":"https:\/\/www.europesays.com\/fr\/wp-json\/wp\/v2\/media\/431273"}],"wp:attachment":[{"href":"https:\/\/www.europesays.com\/fr\/wp-json\/wp\/v2\/media?parent=431272"}],"wp:term":[{"taxonomy":"category","embeddable":true,"href":"https:\/\/www.europesays.com\/fr\/wp-json\/wp\/v2\/categories?post=431272"},{"taxonomy":"post_tag","embeddable":true,"href":"https:\/\/www.europesays.com\/fr\/wp-json\/wp\/v2\/tags?post=431272"}],"curies":[{"name":"wp","href":"https:\/\/api.w.org\/{rel}","templated":true}]}}