{"id":431274,"date":"2025-10-01T14:06:17","date_gmt":"2025-10-01T14:06:17","guid":{"rendered":"https:\/\/www.europesays.com\/fr\/431274\/"},"modified":"2025-10-01T14:06:17","modified_gmt":"2025-10-01T14:06:17","slug":"on-fait-quoi-ce-week-end-karaoke-gastronomie-soiree-au-star-st-exupery-nos-idees-de-sorties-a-strasbourg","status":"publish","type":"post","link":"https:\/\/www.europesays.com\/fr\/431274\/","title":{"rendered":"On fait quoi ce week-end. Karaok\u00e9, gastronomie, soir\u00e9e au Star St-Exup\u00e9ry&#8230; nos id\u00e9es de sorties\u00a0\u00e0 Strasbourg"},"content":{"rendered":"<p>  Journ\u00e9e mondiale des animaux\u00a0: rencontre avec la dessinatrice Coco<\/p>\n<p>C\u2019est une rencontre exceptionnelle en deux temps avec <a href=\"https:\/\/www.dna.fr\/faits-divers-justice\/2025\/01\/07\/attentat-de-charlie-hebdo-la-dessinatrice-coco-a-peur-que-les-jeunes-generations-oublient\" target=\"_blank\" rel=\"noopener\">la dessinatrice Coco<\/a> qui est propos\u00e9e ce samedi 4\u00a0octobre dans le cadre de la Journ\u00e9e mondiale des animaux au pavillon Jos\u00e9phine \u00e0 Strasbourg.<\/p>\n<p>\u00c0 14\u00a0h, Coco illustrera en direct une table ronde sur le loup avec Ricardo Simon et Thomas Pfeiffer. Les \u00e9changes permettront de faire le point sur la pr\u00e9sence, en Alsace et en France, de cette esp\u00e8ce embl\u00e9matique. Ce sera aussi l\u2019occasion pour Thomas Pfeiffer d\u2018\u00e9voquer son projet de cr\u00e9ation d\u2019une Maison du loup en Alsace, afin d\u2019informer de fa\u00e7on ludique sur les enjeux de la r\u00e9apparition du canid\u00e9.<\/p>\n<p>\u00c0 15\u00a0h\u00a030, place \u00e0 une interview de Coco par Julie Merckling, autour de l\u2019ouvrage Pauvres b\u00eates\u00a0! &#8211; Voyage au c\u0153ur de la condition animale (Les \u00c9chapp\u00e9s). Ce roman graphique r\u00e9unit des reportages dessin\u00e9s lors d\u2019une s\u00e9rie d\u2019enqu\u00eates sur la condition animale. Dans une veine inspir\u00e9e notamment de Cabu, <a href=\"https:\/\/www.dna.fr\/culture-loisirs\/2025\/01\/25\/coco-joly-springora-et-devillers-les-femmes-engagees-font-vibrer-les-bibliotheques-ideales\" target=\"_blank\" rel=\"noopener\">l\u2019artiste met son crayon au service de la cause,<\/a> pour d\u00e9noncer la maltraitance et le rapport de domination, tout en rendant hommage aux acteurs qui se mobilisent pour le respect de la dignit\u00e9 animale. La rencontre sera suivie d\u2019une s\u00e9ance de d\u00e9dicace.<\/p>\n<p class=\"note\">Samedi 4\u00a0octobre \u00e0 partir de 14\u00a0h, pavillon Jos\u00e9phine, parc de l\u2019Orangerie, avenue de l\u2019Europe \u00e0 Strasbourg. Entr\u00e9e libre dans la limite des places disponibles. Programme complet de la journ\u00e9e sur sinestrasbourg.org<\/p>\n<p>        &#13;<br \/>\n          <a href=\"https:\/\/cdn-s-www.dna.fr\/images\/71645c89-b54f-497a-a0ce-64cc4aaa8366\/NW_raw\/photo-philippe-dossmann-1705317597.jpg\" title=\"Photo Philippe Dossmann\" class=\"chocolat-image GA-tracking\" data-ga_type=\"click\" data-ga_category=\"D\u00e9tail\" data-ga_action=\"zoomer\" data-ga_label=\"agrandir image\" target=\"_blank\" rel=\"noopener\">&#13;<br \/>\n            <img loading=\"lazy\" decoding=\"async\" src=\"https:\/\/www.europesays.com\/fr\/wp-content\/uploads\/2025\/10\/photo-philippe-dossmann-1705317597.jpg\" alt=\"Photo Philippe Dossmann\"\/>&#13;<br \/>\n          <\/a>&#13;<br \/>\n          &#13;<\/p>\n<p class=\"insetTitle\">C\u00e9l\u00e9brations pour la fermeture du Star Saint-Exup\u00e9ry<\/p>\n<p>Le dimanche 5 octobre, le cin\u00e9ma Star St-Exup\u00e9ry propose, de 18h30 \u00e0 minuit, de c\u00e9l\u00e9brer <a href=\"https:\/\/www.dna.fr\/culture-loisirs\/2025\/04\/28\/le-grand-relooking-du-star-saint-ex-et-du-bar-du-7e-art-a-partir-d-octobre\" target=\"_blank\" rel=\"noopener\">la fermeture du lieu pour travaux<\/a>\u00a0pendant 18 mois.<\/p>\n<p>D\u00e8s 18h30 : un moment autour d\u2019un verre de l\u2019amiti\u00e9, pour partager ses souvenirs au Saint-Exup\u00e9ry. Puis \u00e0 20h : projection de film The Party de Blake Edwards en VOST (Dur\u00e9e : 1h39) Et pour finir \u00e0 22h, un moment Musique &amp; Bulles, pour cl\u00f4turer la soir\u00e9e dans une ambiance festive et p\u00e9tillante !<\/p>\n<p class=\"note\">Cin\u00e9ma Star St-Exup\u00e9ry, 18 rue du 22-Novembre, Strasbourg.<\/p>\n<p>  Le salon Mer &amp; vigne \u00a0: la gastronomie version circuits courts<\/p>\n<p>\u00ab\u00a0Le meilleur de la gastronomie fran\u00e7aise en direct\u00a0!\u00a0\u00bb C\u2019est la promesse du <a href=\"https:\/\/www.dna.fr\/leclub\/avantages-exclusifs\/e-le-salon-mer-et-vigne-arrive-a-strasbourg\" target=\"_blank\" rel=\"noopener\">salon gastronomique Mer &amp; vigne<\/a>, dont la 22e \u00e9dition pose ses tentations et ses savoir-faire<a href=\"https:\/\/www.dna.fr\/culture-loisirs\/2025\/09\/29\/orelsan-passera-par-le-zenith-de-strasbourg-le-29-janvier-2026\" target=\"_blank\" rel=\"noopener\"> au Z\u00e9nith de Strasbourg<\/a> du vendredi\u00a03 au lundi 6\u00a0octobre inclus.<\/p>\n<p>Plus de 100 stands, dont 80\u00a0% de producteurs et d\u2019artisans locaux, seront au rendez-vous. Artisans, \u00e9leveurs, vignerons et transformateurs mettront en avant l\u2019excellence \u00e0 la fran\u00e7aise, avec, en invit\u00e9s d\u2019honneur, des produits grecs, italiens, malgaches, espagnols et portugais.<\/p>\n<p>Vanille de Madagascar\u00a0; vins argentins, rhums, cognac et champagne (\u00e0 consommer avec mod\u00e9ration)\u00a0; tartinables proven\u00e7aux\u00a0; condiments au citron noir perse\u00a0; foie gras des Pyr\u00e9n\u00e9es\u00a0; huiles d\u2019olive portugaises, italiennes et grecques\u00a0; v\u00e9ritable charcuterie corse et autres jambons Bellota figurent au rang des p\u00e9pites annonc\u00e9es.<\/p>\n<p>Hu\u00eetres du bassin d\u2019Arcachon, cr\u00eapes et galettes bretonnes, sp\u00e9cialit\u00e9s de poisson, paella, taureau de Camargue, plats s\u00e9n\u00e9galais, ravioles\u2026 Six espaces de restauration accueilleront les visiteurs en service continu. De quoi repartir repus, tout en faisant le plein de victuailles pour l\u2019hiver.<\/p>\n<p class=\"note\">Salon gastronomique Mer &amp; Vigne, du 3 au 6\u00a0octobre au Z\u00e9nith de Strasbourg, 1, all\u00e9e du Z\u00e9nith \u00e0 Eckbolsheim\u00a0; vendredi\u00a03 de 11\u00a0h \u00e0 22\u00a0h, samedi\u00a04 de 10\u00a0h \u00e0 21\u00a0h, dimanche\u00a05 de 10\u00a0h \u00e0 20\u00a0h et lundi\u00a06 de 10\u00a0h \u00e0 18\u00a0h. Verre Inao 3\u00a0\u20ac (5\u00a0\u20ac les deux). Plus d\u2019informations\u00a0: www.mer-et-vigne.fr<\/p>\n<p>        &#13;<br \/>\n          <a href=\"https:\/\/cdn-s-www.dna.fr\/images\/a2dc9b59-117d-4069-a72e-c5a5837f3b9a\/NW_raw\/photo-archives-alice-kawaciw-1759320689.jpg\" title=\"Photo archives Alice Kawaciw\" class=\"chocolat-image GA-tracking\" data-ga_type=\"click\" data-ga_category=\"D\u00e9tail\" data-ga_action=\"zoomer\" data-ga_label=\"agrandir image\" target=\"_blank\" rel=\"noopener\">&#13;<br \/>\n            <img loading=\"lazy\" decoding=\"async\" src=\"https:\/\/www.europesays.com\/fr\/wp-content\/uploads\/2025\/10\/photo-archives-alice-kawaciw-1759320689.jpg\" alt=\"Photo archives Alice Kawaciw\"\/>&#13;<br \/>\n          <\/a>&#13;<br \/>\n          &#13;<\/p>\n<p class=\"insetTitle\">Un marathon de dessin du mod\u00e8le vivant aux Bateliers<\/p>\n<p>Le <a href=\"https:\/\/www.dna.fr\/culture-loisirs\/2023\/09\/06\/aux-bateliers-une-frequentation-estivale-record-et-des-portes-ouvertes-ce-samedi\" target=\"_blank\" rel=\"noopener\">centre cr\u00e9atif et culturel des Bateliers<\/a> 3, rue Munch \u00e0 Strasbourg, organise ces samedi 4 et dimanche 5 octobre de 10 h \u00e0 13 h et de 14 h 30 \u00e0 17 h 30 son\u00a0troisi\u00e8me Marathon de dessin du mod\u00e8le vivant.<\/p>\n<p>Une dizaine de mod\u00e8les, hommes et femmes, poseront nus dans deux espaces de poses (rapides ou longues). Les artistes int\u00e9ress\u00e9s, invit\u00e9s \u00e0 venir avec leur mat\u00e9riel, peuvent s\u2019inscrire aupr\u00e8s de juliette@lesbateliers.com<\/p>\n<p class=\"note\">Tarifs : 25 \u20ac la journ\u00e9e pour les membres et les \u00e9tudiants, 40 \u20ac (70 \u20ac pour deux jours) pour les autres.<\/p>\n<p>  &#13;<br \/>\n      <a href=\"https:\/\/cdn-s-www.dna.fr\/images\/fd64b197-0334-4c17-b954-230363b9b037\/NW_raw\/photo-illustration-romeo-boetzle-1754326358.jpg\" title=\"Photo illustration Rom\u00e9o Boetzl\u00e9\" class=\"chocolat-image GA-tracking\" data-ga_type=\"click\" data-ga_category=\"D\u00e9tail\" data-ga_action=\"zoomer\" data-ga_label=\"agrandir image\" target=\"_blank\" rel=\"noopener\">&#13;<br \/>\n          <img loading=\"lazy\" decoding=\"async\" src=\"https:\/\/www.europesays.com\/fr\/wp-content\/uploads\/2025\/10\/photo-illustration-romeo-boetzle-1754326358.jpg\" data-mobile=\"NW_listC_M|1754326358\" data-base=\"NW_listC|1754326358\" alt=\"Photo illustration Rom\u00e9o Boetzl\u00e9\"\/>&#13;<br \/>\n      <\/a>&#13;<\/p>\n<p>Photo illustration Rom\u00e9o Boetzl\u00e9<\/p>\n<p>&#13;<\/p>\n<p>  Le karaok\u00e9 de la saucisse<\/p>\n<p>Ce samedi 4 octobre, de 20h \u00e0 23h55, venez chanter au karaok\u00e9 saucisse, un karaok\u00e9 tout ce qu\u2019il y\u2019a de plus traditionnel, \u00e0 part que quelques saucisses se sont gliss\u00e9es dans les paroles.<\/p>\n<p>Le Boum Baby Gang s\u2019occupera des chor\u00e9graphies. Toute la soir\u00e9e, en plus du bar, l\u2019\u00e9quipe de La Grenze pr\u00e9parera des saucisses au barbecue. \u00c0 19 h : concert de la Fanfare de Meufs.<\/p>\n<p class=\"note\">La Grenze, 23 rue Georges-Wodli, Strasbourg.<\/p>\n","protected":false},"excerpt":{"rendered":"Journ\u00e9e mondiale des animaux\u00a0: rencontre avec la dessinatrice Coco C\u2019est une rencontre exceptionnelle en deux temps avec la&hellip;\n","protected":false},"author":2,"featured_media":431275,"comment_status":"","ping_status":"","sticky":false,"template":"","format":"standard","meta":{"footnotes":""},"categories":[2820],"tags":[1111,11,6211,1687,2880,1777,674,107,1011,27,1661,775,2410,12,2661,5486,25,640,2879],"class_list":{"0":"post-431274","1":"post","2":"type-post","3":"status-publish","4":"format-standard","5":"has-post-thumbnail","7":"category-strasbourg","8":"tag-actu","9":"tag-actualites","10":"tag-conference","11":"tag-culture-loisirs","12":"tag-edition-strasbourg","13":"tag-eu","14":"tag-europe","15":"tag-fil-info","16":"tag-fr","17":"tag-france","18":"tag-gastronomie","19":"tag-grand-est","20":"tag-livres-bd","21":"tag-news","22":"tag-patrimoine-culturel","23":"tag-rencontre","24":"tag-republique-francaise","25":"tag-strasbourg","26":"tag-strasbourg-ville"},"share_on_mastodon":{"url":"https:\/\/pubeurope.com\/@fr\/115299299236306690","error":""},"_links":{"self":[{"href":"https:\/\/www.europesays.com\/fr\/wp-json\/wp\/v2\/posts\/431274","targetHints":{"allow":["GET"]}}],"collection":[{"href":"https:\/\/www.europesays.com\/fr\/wp-json\/wp\/v2\/posts"}],"about":[{"href":"https:\/\/www.europesays.com\/fr\/wp-json\/wp\/v2\/types\/post"}],"author":[{"embeddable":true,"href":"https:\/\/www.europesays.com\/fr\/wp-json\/wp\/v2\/users\/2"}],"replies":[{"embeddable":true,"href":"https:\/\/www.europesays.com\/fr\/wp-json\/wp\/v2\/comments?post=431274"}],"version-history":[{"count":0,"href":"https:\/\/www.europesays.com\/fr\/wp-json\/wp\/v2\/posts\/431274\/revisions"}],"wp:featuredmedia":[{"embeddable":true,"href":"https:\/\/www.europesays.com\/fr\/wp-json\/wp\/v2\/media\/431275"}],"wp:attachment":[{"href":"https:\/\/www.europesays.com\/fr\/wp-json\/wp\/v2\/media?parent=431274"}],"wp:term":[{"taxonomy":"category","embeddable":true,"href":"https:\/\/www.europesays.com\/fr\/wp-json\/wp\/v2\/categories?post=431274"},{"taxonomy":"post_tag","embeddable":true,"href":"https:\/\/www.europesays.com\/fr\/wp-json\/wp\/v2\/tags?post=431274"}],"curies":[{"name":"wp","href":"https:\/\/api.w.org\/{rel}","templated":true}]}}