{"id":431278,"date":"2025-10-01T14:08:12","date_gmt":"2025-10-01T14:08:12","guid":{"rendered":"https:\/\/www.europesays.com\/fr\/431278\/"},"modified":"2025-10-01T14:08:12","modified_gmt":"2025-10-01T14:08:12","slug":"un-adolescent-de-17-ans-blesse-par-balle-dans-le-quartier-sensible-des-moulins","status":"publish","type":"post","link":"https:\/\/www.europesays.com\/fr\/431278\/","title":{"rendered":"un adolescent de 17 ans bless\u00e9 par balle dans le quartier sensible des Moulins"},"content":{"rendered":"<p>Touch\u00e9 \u00e0 la cuisse, le jeune homme a \u00e9t\u00e9 transport\u00e9 \u00e0 l\u2019h\u00f4pital sans que son pronostic vital ne soit engag\u00e9. Une enqu\u00eate est en cours pour tenter de retrouver le tireur, toujours en fuite.<\/p>\n<p class=\"fig-paragraph\">Un jeune homme de 17 a \u00e9t\u00e9 bless\u00e9 par balle mardi soir dans le quartier sensible des\u00a0<a href=\"http:\/\/www.lefigaro.fr\/nice\/nice-un-jeune-homme-blesse-par-balle-dans-le-quartier-sensible-des-moulins-20250813\" data-fig-type=\"NewsFlash\" data-gtm-custom-categorie=\"navigation\" data-gtm-custom-action=\"crossclick\" data-gtm-custom-label=\"Contextuel\" data-gtm-event=\"customEventSPE\" data-fig-domain=\"LEFIGARO\" target=\"_blank\" rel=\"noopener\">Moulins<\/a>, \u00e0 Nice (Alpes-Maritimes). L\u2019incident s\u2019est produit aux alentours de 22 heures, \u00e0 proximit\u00e9 de la place centrale des Amaryllis. La victime a \u00e9t\u00e9 touch\u00e9e \u00e0 la cuisse, travers\u00e9e par une balle de petit calibre, selon une source polici\u00e8re ; la blessure a provoqu\u00e9 deux plaies, mais pas d\u2019h\u00e9morragie.<\/p>\n<p class=\"fig-body-link\">\n            \u00c0 lire aussi<br \/>\n        <a class=\"fig-body-link__link\" href=\"http:\/\/www.lefigaro.fr\/nice\/homme-egorge-dans-le-quartier-des-moulins-a-nice-un-suspect-interpelle-en-italie-20250603\" data-fig-type=\"NewsFlash\" data-gtm-custom-categorie=\"navigation\" data-gtm-custom-action=\"crossclick\" data-gtm-custom-label=\"Contextuel\" data-gtm-event=\"customEventSPE\" data-fig-domain=\"LEFIGARO\" target=\"_blank\" rel=\"noopener\">Homme \u00e9gorg\u00e9 dans le quartier des Moulins \u00e0 Nice\u00a0: un suspect interpell\u00e9 en Italie<br \/>\n    <\/a>\n<\/p>\n<p class=\"fig-paragraph\">Une cinquantaine de personnes \u00e9taient pr\u00e9sentes sur place, dans une ambiance calme. L\u2019adolescent a \u00e9t\u00e9 transport\u00e9 \u00e0 l\u2019h\u00f4pital Lenval, sans que son pronostic vital ne soit engag\u00e9. Le jeune homme, connu d\u00e9favorablement des services de police pour\u00a0<a href=\"http:\/\/www.lefigaro.fr\/nice\/operation-dame-blanche-comment-la-police-nicoise-a-demantele-un-trafic-de-stupefiants-20250917\" data-fig-type=\"NewsFlash\" data-gtm-custom-categorie=\"navigation\" data-gtm-custom-action=\"crossclick\" data-gtm-custom-label=\"Contextuel\" data-gtm-event=\"customEventSPE\" data-fig-domain=\"LEFIGARO\" target=\"_blank\" rel=\"noopener\">trafic de stup\u00e9fiants<\/a>, n\u2019a pas fait l\u2019objet d\u2019une garde \u00e0 vue.<\/p>\n<p>                                    <a class=\"fig-a11y-skip a11y-hidden\" href=\"#fig-a11y-skip-main-inarticle\"><br \/>\n        Passer la publicit\u00e9<br \/>\n    <\/a><\/p>\n<p>Tireur en fuite<\/p>\n<p class=\"fig-paragraph\">Les circonstances demeurent pour l\u2019instant tr\u00e8s floues autour de l\u2019auteur du tir et l\u2019enqu\u00eate, confi\u00e9e au service local de police judiciaire, n\u2019a d\u00e9but\u00e9 que ce mercredi matin. Aucune douille ou autre \u00e9l\u00e9ment particulier n\u2019a \u00e9t\u00e9 d\u00e9couvert ; le tireur est toujours en fuite.<\/p>\n<p class=\"fig-paragraph\">Dans la foul\u00e9e, le d\u00e9put\u00e9 ni\u00e7ois\u00a0<a href=\"http:\/\/www.lefigaro.fr\/nice\/municipales-2026-a-nice-christian-estrosi-et-eric-ciotti-ont-choisi-leurs-directeurs-de-campagne-20250916\" data-fig-type=\"NewsFlash\" data-gtm-custom-categorie=\"navigation\" data-gtm-custom-action=\"crossclick\" data-gtm-custom-label=\"Contextuel\" data-gtm-event=\"customEventSPE\" data-fig-domain=\"LEFIGARO\" target=\"_blank\" rel=\"noopener\">\u00c9ric Ciotti<\/a>\u00a0a r\u00e9agi sur le r\u00e9seau social X, d\u00e9non\u00e7ant une \u00abtrop longue liste\u00bb de bless\u00e9s par arme \u00e0 feu dans la ville. \u00abNous ne pouvons pas nous habituer \u00e0 cette situation\u00a0!\u00bb, a-t-il \u00e9crit.<\/p>\n","protected":false},"excerpt":{"rendered":"Touch\u00e9 \u00e0 la cuisse, le jeune homme a \u00e9t\u00e9 transport\u00e9 \u00e0 l\u2019h\u00f4pital sans que son pronostic vital ne&hellip;\n","protected":false},"author":2,"featured_media":431279,"comment_status":"","ping_status":"","sticky":false,"template":"","format":"standard","meta":{"footnotes":""},"categories":[2819],"tags":[1111,11,2898,2829,2971,2972,2973,2974,1777,674,2975,1011,27,2969,2970,2987,2980,12,2401,2897,2976,2977,2978,2985,2986,2979,2981,2982,2983,2984,2991,2992,2993,2994,2996,2997,2998,2999,3000,3001,3002,2995,3003,3004,3005,3007,2268,882,25,2988,2989,2990,2968,3006],"class_list":{"0":"post-431278","1":"post","2":"type-post","3":"status-publish","4":"format-standard","5":"has-post-thumbnail","7":"category-nice","8":"tag-actu","9":"tag-actualites","10":"tag-alpes-maritimes","11":"tag-baumettes","12":"tag-carabacel","13":"tag-caucade","14":"tag-cimiez","15":"tag-cremat","16":"tag-eu","17":"tag-europe","18":"tag-fabron","19":"tag-fr","20":"tag-france","21":"tag-larenas","22":"tag-lariane","23":"tag-le-ray","24":"tag-lingostiere","25":"tag-news","26":"tag-nice","27":"tag-nice-cote-dazur","28":"tag-nice-gairaut","29":"tag-nice-gambetta","30":"tag-nice-jean-medecin","31":"tag-nice-le-piol","32":"tag-nice-le-port","33":"tag-nice-liberation","34":"tag-nice-magnan","35":"tag-nice-mantega-mont-boron","36":"tag-nice-pasteur","37":"tag-nice-pessicart","38":"tag-nice-rue-de-france","39":"tag-nice-saint-antoine","40":"tag-nice-saint-augustin","41":"tag-nice-saint-isidore","42":"tag-nice-saint-maurice","43":"tag-nice-saint-pancrace","44":"tag-nice-saint-philippe","45":"tag-nice-saint-pierre-de-feric","46":"tag-nice-saint-roch","47":"tag-nice-saint-roman-de-bellet","48":"tag-nice-saint-sylvestre","49":"tag-nice-sainte-marguerite","50":"tag-nice-thiers","51":"tag-nice-ventabrun","52":"tag-nice-vernier","53":"tag-nice-vinaigrier","54":"tag-ogc-nice","55":"tag-provence-alpes-cote-dazur","56":"tag-republique-francaise","57":"tag-rimiez","58":"tag-riquier","59":"tag-roquebilliere","60":"tag-sud-est","61":"tag-vieux-nice"},"share_on_mastodon":{"url":"","error":"Validation failed: Text character limit of 500 exceeded"},"_links":{"self":[{"href":"https:\/\/www.europesays.com\/fr\/wp-json\/wp\/v2\/posts\/431278","targetHints":{"allow":["GET"]}}],"collection":[{"href":"https:\/\/www.europesays.com\/fr\/wp-json\/wp\/v2\/posts"}],"about":[{"href":"https:\/\/www.europesays.com\/fr\/wp-json\/wp\/v2\/types\/post"}],"author":[{"embeddable":true,"href":"https:\/\/www.europesays.com\/fr\/wp-json\/wp\/v2\/users\/2"}],"replies":[{"embeddable":true,"href":"https:\/\/www.europesays.com\/fr\/wp-json\/wp\/v2\/comments?post=431278"}],"version-history":[{"count":0,"href":"https:\/\/www.europesays.com\/fr\/wp-json\/wp\/v2\/posts\/431278\/revisions"}],"wp:featuredmedia":[{"embeddable":true,"href":"https:\/\/www.europesays.com\/fr\/wp-json\/wp\/v2\/media\/431279"}],"wp:attachment":[{"href":"https:\/\/www.europesays.com\/fr\/wp-json\/wp\/v2\/media?parent=431278"}],"wp:term":[{"taxonomy":"category","embeddable":true,"href":"https:\/\/www.europesays.com\/fr\/wp-json\/wp\/v2\/categories?post=431278"},{"taxonomy":"post_tag","embeddable":true,"href":"https:\/\/www.europesays.com\/fr\/wp-json\/wp\/v2\/tags?post=431278"}],"curies":[{"name":"wp","href":"https:\/\/api.w.org\/{rel}","templated":true}]}}