{"id":431280,"date":"2025-10-01T14:09:10","date_gmt":"2025-10-01T14:09:10","guid":{"rendered":"https:\/\/www.europesays.com\/fr\/431280\/"},"modified":"2025-10-01T14:09:10","modified_gmt":"2025-10-01T14:09:10","slug":"lenseignement-catholique-prive-signe-un-protocole-une-premiere-en-loire-atlantique","status":"publish","type":"post","link":"https:\/\/www.europesays.com\/fr\/431280\/","title":{"rendered":"l&rsquo;enseignement catholique priv\u00e9 signe un protocole, une premi\u00e8re en Loire-Atlantique"},"content":{"rendered":"<p>            Par<br \/>\n        <strong><br \/>\n            <a href=\"https:\/\/actu.fr\/auteur\/thomas-bernard\" title=\"Consulter tous les articles de Thomas Bernard\" target=\"_blank\" rel=\"noopener\">Thomas Bernard<\/a><br \/>\n        <\/strong><\/p>\n<p>        Publi\u00e9 le<\/p>\n<p>            1 oct. 2025 \u00e0 16h07        <\/p>\n<p>En Loire-Atlantique, 103\u2009496\u00a0\u00e9l\u00e8ves \u00e9taient <a href=\"https:\/\/www.ec44.fr\/\" target=\"_blank\" rel=\"noopener\">scolaris\u00e9s dans un \u00e9tablissement catholique priv\u00e9<\/a> lors de\u00a0l\u2019ann\u00e9e scolaire 2024-2025. \u00c0 l\u2019instar de l\u2019\u00e9cole publique, l\u2019enseignement catholique est concern\u00e9 par des faits de violence en milieu \u00e9ducatif. <strong>48 signalements ont \u00e9t\u00e9 recens\u00e9s dans les \u00e9tablissements catholiques priv\u00e9s du d\u00e9partement.<\/strong><\/p>\n<p class=\" wall-content\">Apr\u00e8s un travail men\u00e9 depuis plus de deux ans, la direction d\u00e9partementale de l\u2019enseignement catholique (DDEC 44) et le tribunal de Nantes ont officialis\u00e9 la signature <strong>\u00ab\u2009d\u2019un protocole relatif \u00e0 la pr\u00e9vention et au traitement de la d\u00e9linquance et des situations de danger en milieu scolaire dans les \u00e9tablissements priv\u00e9s catholiques du 44\u2009\u00bb<\/strong>. Le premier\u00a0texte du genre\u00a0pour l\u2019enseignement catholique dans le d\u00e9partement.<\/p>\n<p class=\" wall-content\">Cette convention renforce la coop\u00e9ration entre les \u00e9tablissements priv\u00e9s catholiques du 44, les forces de s\u00e9curit\u00e9s int\u00e9rieures (police et gendarmerie) et le parquet. Les divers acteurs ont pr\u00e9sent\u00e9 les contours de ce document normatif, lors d\u2019une conf\u00e9rence de presse organis\u00e9e ce mercredi 1er\u00a0octobre 2025.<\/p>\n<p>Pr\u00e9vention, sanction et protection<\/p>\n<p class=\" wall-content\">En construction depuis plus de 24\u00a0mois, cette convention intervient quelques mois apr\u00e8s le drame de <a href=\"https:\/\/actu.fr\/pays-de-la-loire\/nantes_44109\/attaque-au-couteau-dans-un-lycee-de-nantes-un-eleve-tue-et-plusieurs-autres-blesses_62552746.html\" target=\"_blank\" rel=\"noopener\">Notre-Dame de Toutes Aides \u00e0 Nantes<\/a> ou bien <a href=\"https:\/\/actu.fr\/pays-de-la-loire\/nantes_44109\/abus-sexuels-a-saint-stanislas-87-temoignages-recus-en-moins-d-un-mois-et-une-plainte-deposee_63206459.html\" target=\"_blank\" rel=\"noopener\">les r\u00e9v\u00e9lations d\u2019abus sexuels au lyc\u00e9e Saint-Stanislas<\/a> qui ont secou\u00e9 l\u2019enseignement catholique.<\/p>\n<p class=\" wall-content\">Le protocole prend en consid\u00e9ration <strong>plusieurs situations<\/strong> en milieu scolaire\u2009: les violences sexuelles, le harc\u00e8lement, la drogue, le danger des r\u00e9seaux sociaux, les violences intrafamiliales, mais d\u00e9tecte aussi <a href=\"https:\/\/actu.fr\/pays-de-la-loire\/nantes_44109\/sante-mentale-une-nouvelle-unite-du-chu-de-nantes-est-dediee-aux-jeunes-en-souffrance_63147634.html\" target=\"_blank\" rel=\"noopener\">des jeunes en d\u00e9tresse sur le plan de la sant\u00e9 mentale<\/a>. Le document permet de r\u00e9capituler les d\u00e9marches \u00e0 suivre pour les chefs d\u2019\u00e9tablissement.<\/p>\n<p class=\" wall-content\">Le protocole vise \u00e0<strong> prot\u00e9ger les \u00e9l\u00e8ves, mais aussi les enseignants qui peuvent \u00eatre victimes de violences<\/strong>. Les situations o\u00f9 le mineur est l\u2019auteur des faits sont aussi trait\u00e9es \u00ab\u2009avec la sp\u00e9cificit\u00e9 de la justice des mineurs\u2009\u00bb.<\/p>\n<p class=\" wall-content\">\u00abOn ne traite pas un acte de d\u00e9linquance commis par un mineur comme on le fait pour un majeur.<strong> C\u2019est une sp\u00e9cificit\u00e9 de notre droit et j\u2019esp\u00e8re que cela restera comme \u00e7a\u2009\u00bb<\/strong>, pr\u00e9cise <a href=\"https:\/\/actu.fr\/pays-de-la-loire\/nantes_44109\/portrait-qui-est-antoine-leroy-ce-procureur-venu-du-sud-pour-s-installer-a-nantes_62672358.html\" target=\"_blank\" rel=\"noopener\">Antoine Leroy, procureur de Nantes<\/a>.<\/p>\n<p>Votre r\u00e9gion, votre actu !<\/p>\n<p>Recevez chaque jour les infos qui comptent pour vous.<\/p>\n<p>\t<a href=\"https:\/\/actu.fr\/newsletter\" class=\"ac-btn ac-btn--corner ac-btn--medium ac-btn--blue800\" target=\"_blank\" rel=\"noopener\">S&rsquo;incrire<\/a><\/p>\n<p>    <img   decoding=\"async\" loading=\"lazy\" src=\"https:\/\/www.europesays.com\/fr\/wp-content\/uploads\/2025\/10\/protocole-etablissement-catholique-prive-nantes-960x640.jpeg\" alt=\"Le protocole a \u00e9t\u00e9 pr\u00e9sent\u00e9 aux chefs d'\u00e9tablissements catholiques priv\u00e9s, r\u00e9unis \u00e0 Nantes, mercredi 1er octobre 2025.\" width=\"960\" height=\"640\"\/><br \/>\n    Le protocole a \u00e9t\u00e9 pr\u00e9sent\u00e9 aux chefs d\u2019\u00e9tablissements catholiques priv\u00e9s, r\u00e9unis \u00e0 Nantes, mercredi 1er\u00a0octobre 2025. (\u00a9Thomas Bernard \/ actu Nantes)<\/p>\n<p class=\" wall-content\">\u00ab\u2009Ce programme est fond\u00e9 sur trois piliers\u2009: <strong>la pr\u00e9vention, le traitement de la d\u00e9linquance et la protection des mineurs en danger\u2009\u00bb<\/strong>, pr\u00e9sente Fr\u00e9d\u00e9ric Delemazure, directeur de l\u2019Enseignement catholique du 44.<\/p>\n<p class=\" wall-content\">Le parquet de Nantes salue la part accord\u00e9e \u00e0 la pr\u00e9vention dans ce protocole. \u00ab\u2009Plus il y a de pr\u00e9vention moins nous avons besoin d\u2019intervenir pour faire de l\u2019aide \u00e9ducative ou de la r\u00e9pression\u2009\u00bb, glisse Antoine Leroy. <strong>\u00ab\u2009La loi prot\u00e8ge, l\u2019\u00e9ducation fait grandir.<\/strong> L\u2019un ne va pas sans l\u2019autre\u2009\u00bb, poursuit Fr\u00e9d\u00e9ric Delemazure.<\/p>\n<p>\u00ab\u2009Un outil de travail pour les chefs d\u2019\u00e9tablissement\u2009\u00bb<\/p>\n<p class=\" wall-content\">\u00ab\u2009Ce protocole n\u2019est pas un texte juridique\u2009: c\u2019est <strong>un outil de travail<\/strong> pour les chefs d\u2019\u00e9tablissement\u2009\u00bb, r\u00e9sume Fr\u00e9d\u00e9ric Delemazure. Auparavant, les faits de violences \u00e9taient signal\u00e9s, mais le processus n\u2019\u00e9tait pas \u00ab\u2009protocolis\u00e9\u2009\u00bb. \u00ab\u2009Cela nous permettra probablement de moins passer \u00e0 c\u00f4t\u00e9 d\u2019\u00e9v\u00e9nements\u2009\u00bb, confie Antoine Leroy.<\/p>\n<p class=\" wall-content\">Le protocole renforce \u00e9galement la collaboration entre les \u00e9tablissements catholiques et les forces de l\u2019ordre. En Loire-Atlantique, <strong>60 r\u00e9f\u00e9rents scolaires<\/strong> sont r\u00e9partis dans les 44 unit\u00e9s de gendarmerie. Des r\u00e9f\u00e9rents scolaires sont \u00e9galement mobilis\u00e9s dans les commissariats centraux de Nantes, <a href=\"https:\/\/actu.fr\/pays-de-la-loire\/la-baule-escoublac_44055\" target=\"_blank\" rel=\"noopener\">La Baule<\/a> et <a href=\"https:\/\/actu.fr\/pays-de-la-loire\/saint-nazaire_44184\" target=\"_blank\" rel=\"noopener\">Saint-Nazaire<\/a>. Des interlocuteurs privil\u00e9gi\u00e9s pour le corps \u00e9ducatif.<\/p>\n<p class=\" wall-content\">\u00ab\u2009Notre soci\u00e9t\u00e9 \u00e9volue, les menaces prot\u00e9iformes \u00e9voluent aussi. Il est n\u00e9cessaire d\u2019aider les chefs d\u2019\u00e9tablissement \u00e0 <strong>d\u00e9tecter les vuln\u00e9rabilit\u00e9s et les diff\u00e9rentes menaces<\/strong> pour s\u2019en pr\u00e9munir\u2009\u00bb, souligne Laurent Le Gentil, commandant de la r\u00e9gion de gendarmerie des Pays de la Loire.<\/p>\n<p class=\" wall-content\">Un contact permanent qui permettra aux policiers et gendarmes \u00ab\u2009d\u2019orienter des actions de pr\u00e9vention l\u00e0 o\u00f9 il y en a le plus besoin\u2009\u00bb. \u00ab\u2009Le protocole permet de densifier nos actions de pr\u00e9vention\u2009\u00bb, ajoute Nina Chr\u00e9tien, cheffe locale du service de police judiciaire de Nantes.<\/p>\n<p class=\" wall-content\">Le protocole r\u00e9git \u00e9galement <strong>l\u2019organisation de \u00ab\u2009fouilles cibl\u00e9es \u00e0 la sortie des \u00e9tablissements scolaires\u2009\u00bb.<\/strong> L\u2019ann\u00e9e derni\u00e8re, une centaine d\u2019\u00e9tablissements catholiques priv\u00e9s ont \u00e9t\u00e9 contr\u00f4l\u00e9s en Loire-Atlantique.<\/p>\n<p class=\" wall-content\">Personnalisez votre actualit\u00e9 en ajoutant vos villes et m\u00e9dias en favori avec <a href=\"https:\/\/moncompte.actu.fr\" title=\"D\u00e9couvez Mon Actu\" rel=\"nofollow noopener\" data-trk=\"{&quot;cta&quot;:{&quot;action&quot;:&quot;https:\\\/\\\/moncompte.actu.fr&quot;,&quot;category&quot;:&quot;mon compte&quot;,&quot;from&quot;:&quot;article footer&quot;,&quot;name&quot;:&quot;Mon actu&quot;,&quot;type&quot;:&quot;cta&quot;}}\" target=\"_blank\">Mon Actu<\/a>.<\/p>\n","protected":false},"excerpt":{"rendered":"Par Thomas Bernard Publi\u00e9 le 1 oct. 2025 \u00e0 16h07 En Loire-Atlantique, 103\u2009496\u00a0\u00e9l\u00e8ves \u00e9taient scolaris\u00e9s dans un \u00e9tablissement&hellip;\n","protected":false},"author":2,"featured_media":431281,"comment_status":"","ping_status":"","sticky":false,"template":"","format":"standard","meta":{"footnotes":""},"categories":[2818],"tags":[1111,11,1777,674,1011,27,17930,766,12,2636,25,104,10206,799],"class_list":{"0":"post-431280","1":"post","2":"type-post","3":"status-publish","4":"format-standard","5":"has-post-thumbnail","7":"category-nantes","8":"tag-actu","9":"tag-actualites","10":"tag-eu","11":"tag-europe","12":"tag-fr","13":"tag-france","14":"tag-harcelement-scolaire","15":"tag-nantes","16":"tag-news","17":"tag-pays-de-la-loire","18":"tag-republique-francaise","19":"tag-societe","20":"tag-tribunal-de-nantes","21":"tag-violences-sexuelles"},"share_on_mastodon":{"url":"https:\/\/pubeurope.com\/@fr\/115299311371066730","error":""},"_links":{"self":[{"href":"https:\/\/www.europesays.com\/fr\/wp-json\/wp\/v2\/posts\/431280","targetHints":{"allow":["GET"]}}],"collection":[{"href":"https:\/\/www.europesays.com\/fr\/wp-json\/wp\/v2\/posts"}],"about":[{"href":"https:\/\/www.europesays.com\/fr\/wp-json\/wp\/v2\/types\/post"}],"author":[{"embeddable":true,"href":"https:\/\/www.europesays.com\/fr\/wp-json\/wp\/v2\/users\/2"}],"replies":[{"embeddable":true,"href":"https:\/\/www.europesays.com\/fr\/wp-json\/wp\/v2\/comments?post=431280"}],"version-history":[{"count":0,"href":"https:\/\/www.europesays.com\/fr\/wp-json\/wp\/v2\/posts\/431280\/revisions"}],"wp:featuredmedia":[{"embeddable":true,"href":"https:\/\/www.europesays.com\/fr\/wp-json\/wp\/v2\/media\/431281"}],"wp:attachment":[{"href":"https:\/\/www.europesays.com\/fr\/wp-json\/wp\/v2\/media?parent=431280"}],"wp:term":[{"taxonomy":"category","embeddable":true,"href":"https:\/\/www.europesays.com\/fr\/wp-json\/wp\/v2\/categories?post=431280"},{"taxonomy":"post_tag","embeddable":true,"href":"https:\/\/www.europesays.com\/fr\/wp-json\/wp\/v2\/tags?post=431280"}],"curies":[{"name":"wp","href":"https:\/\/api.w.org\/{rel}","templated":true}]}}