{"id":431288,"date":"2025-10-01T14:13:10","date_gmt":"2025-10-01T14:13:10","guid":{"rendered":"https:\/\/www.europesays.com\/fr\/431288\/"},"modified":"2025-10-01T14:13:10","modified_gmt":"2025-10-01T14:13:10","slug":"orelsan-affiche-complet-a-toulouse-en-quelques-heures-et-annonce-une-seconde-date","status":"publish","type":"post","link":"https:\/\/www.europesays.com\/fr\/431288\/","title":{"rendered":"Orelsan affiche complet \u00e0 Toulouse en quelques heures\u2026 et annonce une seconde date\u00a0!"},"content":{"rendered":"<p>            Par<br \/>\n        <strong><br \/>\n            <a href=\"https:\/\/actu.fr\/auteur\/lea-afonso\" title=\"Consulter tous les articles de L\u00e9a Afonso\" target=\"_blank\" rel=\"noopener\">L\u00e9a Afonso<\/a><br \/>\n        <\/strong><\/p>\n<p>        Publi\u00e9 le<\/p>\n<p>            1 oct. 2025 \u00e0 15h28        <\/p>\n<p>Il y a 36\u00a0heures, il annon\u00e7ait sa tourn\u00e9e. Il y a 24\u00a0heures, la billetterie ouvrait. Et ce mercredi 1er\u00a0octobre 2025 au matin, c\u2019\u00e9tait d\u00e9j\u00e0 complet\u2009: le concert <strong>d\u2019Orelsan<\/strong> \u00e0 <a href=\"https:\/\/actu.fr\/toulouse\/\" target=\"_blank\" rel=\"noopener\">Toulouse<\/a> a affich\u00e9<strong> sold out en un temps record<\/strong>. Mais bonne nouvelle pour les fans\u2009: une <strong>deuxi\u00e8me date<\/strong> vient d\u2019\u00eatre ajout\u00e9e\u2009!<\/p>\n<p>Orelsan repart en tourn\u00e9e en 2026<\/p>\n<p class=\" wall-content\">Le rappeur normand sait se faire d\u00e9sirer\u2026 et ses fans n\u2019en peuvent plus d\u2019attendre. Ce lundi 29\u00a0septembre 2025, Orelsan a cr\u00e9\u00e9 l\u2019\u00e9v\u00e9nement en d\u00e9voilant une <strong>nouvelle tourn\u00e9e<\/strong> dans toute la France\u2009: le<strong> \u00ab\u2009Orelsan Tour 2026\u2009\u00bb<\/strong>.<\/p>\n<p class=\" wall-content\">Une annonce d\u2019autant plus surprenante que l\u2019artiste n\u2019a <strong>pas sorti de nouvel album<\/strong> \u2013 ni m\u00eame de titre \u2013 <strong>depuis<\/strong> la r\u00e9\u00e9dition de Civilisation en <strong>2022<\/strong>.<\/p>\n<p>Un sold out dans plusieurs villes<\/p>\n<p class=\" wall-content\">D\u00e8s le lendemain matin, la billetterie ouvrait. Et \u00e0 10\u00a0heures pr\u00e9cises, des <strong>milliers de fans<\/strong> se sont connect\u00e9s pour d\u00e9crocher le pr\u00e9cieux s\u00e9same. R\u00e9sultat\u2009:<strong> file d\u2019attente de plus d\u2019une heure<\/strong>, site surcharg\u00e9\u2026 et beaucoup de d\u00e9\u00e7us.<\/p>\n<p class=\" wall-content\">En quelques heures, les dates sont tomb\u00e9es les unes apr\u00e8s les autres\u2009: <strong>complet<\/strong>. <strong>Toulouse<\/strong> n\u2019a pas \u00e9chapp\u00e9 \u00e0 la r\u00e8gle, avec son Z\u00e9nith de <strong>12\u2009000 places<\/strong> rempli <strong>en moins de 24\u00a0heures<\/strong>.<\/p>\n<p>Vid\u00e9os : en ce moment sur Actu<\/p>\n<p class=\" wall-content\"><a href=\"https:\/\/www.instagram.com\/p\/DPQzyH7iBUw\/embed\" title=\"Ouvrir le lien sur Instagram\" target=\"_blank\" rel=\"noopener\">Visualiser le contenu sur Instagram<\/a><\/p>\n<p>Toulouse aura droit \u00e0 une deuxi\u00e8me date<\/p>\n<p class=\" wall-content\">Mais la frustration n\u2019a pas dur\u00e9 longtemps. D\u00e8s ce mercredi matin, Orelsan a annonc\u00e9 de nouvelles dates sur les villes o\u00f9 la premi\u00e8re affichait complet. \u00c0 <strong>Toulouse<\/strong>, le rappeur se produira donc non pas une, mais deux soirs cons\u00e9cutifs<strong>\u2009: le 4\u00a0f\u00e9vrier 2026,<\/strong> et d\u00e9sormais aussi<strong> le 5\u00a0f\u00e9vrier 2026,<\/strong> toujours au Z\u00e9nith.<\/p>\n<p class=\" wall-content\">De quoi ravir les fans toulousains, qui auront une seconde chance d\u2019assister \u00e0 ce retour tr\u00e8s attendu sur sc\u00e8ne.<\/p>\n<p>Votre r\u00e9gion, votre actu !<\/p>\n<p>Recevez chaque jour les infos qui comptent pour vous.<\/p>\n<p>\t<a href=\"https:\/\/actu.fr\/newsletter\" class=\"ac-btn ac-btn--corner ac-btn--medium ac-btn--blue800\" target=\"_blank\" rel=\"noopener\">S&rsquo;incrire<\/a><\/p>\n<p class=\" wall-content\">Personnalisez votre actualit\u00e9 en ajoutant vos villes et m\u00e9dias en favori avec <a href=\"https:\/\/moncompte.actu.fr\" title=\"D\u00e9couvez Mon Actu\" rel=\"nofollow noopener\" data-trk=\"{&quot;cta&quot;:{&quot;action&quot;:&quot;https:\\\/\\\/moncompte.actu.fr&quot;,&quot;category&quot;:&quot;mon compte&quot;,&quot;from&quot;:&quot;article footer&quot;,&quot;name&quot;:&quot;Mon actu&quot;,&quot;type&quot;:&quot;cta&quot;}}\" target=\"_blank\">Mon Actu<\/a>.<\/p>\n<p>                    <script async src=\"\/\/www.instagram.com\/embed.js\"><\/script><\/p>\n","protected":false},"excerpt":{"rendered":"Par L\u00e9a Afonso Publi\u00e9 le 1 oct. 2025 \u00e0 15h28 Il y a 36\u00a0heures, il annon\u00e7ait sa tourn\u00e9e.&hellip;\n","protected":false},"author":2,"featured_media":431289,"comment_status":"","ping_status":"","sticky":false,"template":"","format":"standard","meta":{"footnotes":""},"categories":[2816],"tags":[1111,11,1697,1777,674,1011,27,1652,873,12,2680,25,1341,2312,9738],"class_list":{"0":"post-431288","1":"post","2":"type-post","3":"status-publish","4":"format-standard","5":"has-post-thumbnail","7":"category-toulouse","8":"tag-actu","9":"tag-actualites","10":"tag-concert","11":"tag-eu","12":"tag-europe","13":"tag-fr","14":"tag-france","15":"tag-loisirs-culture","16":"tag-musique","17":"tag-news","18":"tag-occitanie","19":"tag-republique-francaise","20":"tag-sortir-a-toulouse","21":"tag-toulouse","22":"tag-zenith-de-toulouse"},"share_on_mastodon":{"url":"https:\/\/pubeurope.com\/@fr\/115299326801505767","error":""},"_links":{"self":[{"href":"https:\/\/www.europesays.com\/fr\/wp-json\/wp\/v2\/posts\/431288","targetHints":{"allow":["GET"]}}],"collection":[{"href":"https:\/\/www.europesays.com\/fr\/wp-json\/wp\/v2\/posts"}],"about":[{"href":"https:\/\/www.europesays.com\/fr\/wp-json\/wp\/v2\/types\/post"}],"author":[{"embeddable":true,"href":"https:\/\/www.europesays.com\/fr\/wp-json\/wp\/v2\/users\/2"}],"replies":[{"embeddable":true,"href":"https:\/\/www.europesays.com\/fr\/wp-json\/wp\/v2\/comments?post=431288"}],"version-history":[{"count":0,"href":"https:\/\/www.europesays.com\/fr\/wp-json\/wp\/v2\/posts\/431288\/revisions"}],"wp:featuredmedia":[{"embeddable":true,"href":"https:\/\/www.europesays.com\/fr\/wp-json\/wp\/v2\/media\/431289"}],"wp:attachment":[{"href":"https:\/\/www.europesays.com\/fr\/wp-json\/wp\/v2\/media?parent=431288"}],"wp:term":[{"taxonomy":"category","embeddable":true,"href":"https:\/\/www.europesays.com\/fr\/wp-json\/wp\/v2\/categories?post=431288"},{"taxonomy":"post_tag","embeddable":true,"href":"https:\/\/www.europesays.com\/fr\/wp-json\/wp\/v2\/tags?post=431288"}],"curies":[{"name":"wp","href":"https:\/\/api.w.org\/{rel}","templated":true}]}}