{"id":431292,"date":"2025-10-01T14:15:11","date_gmt":"2025-10-01T14:15:11","guid":{"rendered":"https:\/\/www.europesays.com\/fr\/431292\/"},"modified":"2025-10-01T14:15:11","modified_gmt":"2025-10-01T14:15:11","slug":"peinture-photo-gravure-vitrail-des-ateliers-dartistes-ouvrent-leurs-portes-a-lille-pendant-trois-jours","status":"publish","type":"post","link":"https:\/\/www.europesays.com\/fr\/431292\/","title":{"rendered":"Peinture, photo, gravure, vitrail\u2026 Des ateliers d\u2019artistes ouvrent leurs portes \u00e0 Lille pendant trois jours"},"content":{"rendered":"<p>            Par<br \/>\n        <strong><br \/>\n            <a href=\"https:\/\/actu.fr\/auteur\/amandine-vachez\" title=\"Consulter tous les articles de Amandine Vachez\" rel=\"nofollow noopener\" target=\"_blank\">Amandine Vachez<\/a><br \/>\n        <\/strong><\/p>\n<p>        Publi\u00e9 le<\/p>\n<p>            1 oct. 2025 \u00e0 16h00        <\/p>\n<p>C\u2019est une d\u00e9couverte qui s\u2019annonce passionnante, et de belles rencontres en perspective. Peut-\u00eatre m\u00eame que des vocations vont y na\u00eetre. <b>Vendredi\u00a03, samedi\u00a04 et dimanche 5\u00a0octobre 2025<\/b>, des <b>ateliers d\u2019artistes<\/b> <b>ouvrent leurs portes aux visiteurs<\/b>, curieux d\u2019en savoir plus sur les m\u00e9tiers d\u2019art. \u00c0 <a href=\"https:\/\/actu.fr\/lille\/\" rel=\"nofollow noopener\" target=\"_blank\">Lille<\/a>, la liste est longue\u2009!<\/p>\n<p>De la peinture aux arts du feu en passant par la lithographie<\/p>\n<p class=\" wall-content\">Peinture, dessin, photo, design, arts du feu, illustration, sculpture, gravure, lithographie\u2026 La <b>richesse des propositions<\/b> \u00e0 Lille, quartier par quartier, donne le tournis\u2009! De nombreux <b>artisans, artistes et collectifs <\/b>ouvrent les portes d\u2019ateliers pour les faire d\u00e9couvrir aux visiteurs curieux, le temps de ces trois journ\u00e9es.<\/p>\n<p class=\" wall-content\">Dans la Capitale des Flandres, la peinture et la photographie sont particuli\u00e8rement repr\u00e9sent\u00e9es, mais il y a aussi la possibilit\u00e9 de d\u00e9couvrir des m\u00e9tiers plus rares, comme ceux de vitrailliste, de graveur ou de sculpteur.<\/p>\n<p class=\" wall-content\">Si vous n\u2019avez pas peur de faire un peu de route, il y a aussi de <b>tr\u00e8s nombreuses adresses dans le Nord. <\/b>Dans l\u2019annonce de cette \u00e9dition, le D\u00e9partement du Nord pr\u00e9cise que ces journ\u00e9es sont ouvertes \u00e0 tous\u2009: \u00ab\u2009Que vous soyez artiste, passionn\u00e9 d\u2019art ou \u00e0 la recherche d\u2019un week-end de d\u00e9couverte ou d\u2019initiation aux arts plastiques et visuels, les POAA sont l\u00e0 pour vous\u2009!\u2009\u00bb<\/p>\n<p>Tout le programme, avec les infos pratiques, est disponible en ligne, <a href=\"https:\/\/poaa.lenord.fr\/fr\" rel=\"nofollow noopener\" target=\"_blank\">sur le site du D\u00e9partement<\/a>.<\/p>\n<p class=\" wall-content\">Personnalisez votre actualit\u00e9 en ajoutant vos villes et m\u00e9dias en favori avec <a href=\"https:\/\/moncompte.actu.fr\" title=\"D\u00e9couvez Mon Actu\" rel=\"nofollow noopener\" data-trk=\"{&quot;cta&quot;:{&quot;action&quot;:&quot;https:\\\/\\\/moncompte.actu.fr&quot;,&quot;category&quot;:&quot;mon compte&quot;,&quot;from&quot;:&quot;article footer&quot;,&quot;name&quot;:&quot;Mon actu&quot;,&quot;type&quot;:&quot;cta&quot;}}\" target=\"_blank\">Mon Actu<\/a>.<\/p>\n","protected":false},"excerpt":{"rendered":"Par Amandine Vachez Publi\u00e9 le 1 oct. 2025 \u00e0 16h00 C\u2019est une d\u00e9couverte qui s\u2019annonce passionnante, et de&hellip;\n","protected":false},"author":2,"featured_media":431293,"comment_status":"","ping_status":"","sticky":false,"template":"","format":"standard","meta":{"footnotes":""},"categories":[2815],"tags":[1111,11,1477,1777,674,1011,27,811,1307,1652,12,25],"class_list":{"0":"post-431292","1":"post","2":"type-post","3":"status-publish","4":"format-standard","5":"has-post-thumbnail","7":"category-lille","8":"tag-actu","9":"tag-actualites","10":"tag-artisanat","11":"tag-eu","12":"tag-europe","13":"tag-fr","14":"tag-france","15":"tag-hauts-de-france","16":"tag-lille","17":"tag-loisirs-culture","18":"tag-news","19":"tag-republique-francaise"},"share_on_mastodon":{"url":"https:\/\/pubeurope.com\/@fr\/115299334703571331","error":""},"_links":{"self":[{"href":"https:\/\/www.europesays.com\/fr\/wp-json\/wp\/v2\/posts\/431292","targetHints":{"allow":["GET"]}}],"collection":[{"href":"https:\/\/www.europesays.com\/fr\/wp-json\/wp\/v2\/posts"}],"about":[{"href":"https:\/\/www.europesays.com\/fr\/wp-json\/wp\/v2\/types\/post"}],"author":[{"embeddable":true,"href":"https:\/\/www.europesays.com\/fr\/wp-json\/wp\/v2\/users\/2"}],"replies":[{"embeddable":true,"href":"https:\/\/www.europesays.com\/fr\/wp-json\/wp\/v2\/comments?post=431292"}],"version-history":[{"count":0,"href":"https:\/\/www.europesays.com\/fr\/wp-json\/wp\/v2\/posts\/431292\/revisions"}],"wp:featuredmedia":[{"embeddable":true,"href":"https:\/\/www.europesays.com\/fr\/wp-json\/wp\/v2\/media\/431293"}],"wp:attachment":[{"href":"https:\/\/www.europesays.com\/fr\/wp-json\/wp\/v2\/media?parent=431292"}],"wp:term":[{"taxonomy":"category","embeddable":true,"href":"https:\/\/www.europesays.com\/fr\/wp-json\/wp\/v2\/categories?post=431292"},{"taxonomy":"post_tag","embeddable":true,"href":"https:\/\/www.europesays.com\/fr\/wp-json\/wp\/v2\/tags?post=431292"}],"curies":[{"name":"wp","href":"https:\/\/api.w.org\/{rel}","templated":true}]}}