{"id":431294,"date":"2025-10-01T14:16:16","date_gmt":"2025-10-01T14:16:16","guid":{"rendered":"https:\/\/www.europesays.com\/fr\/431294\/"},"modified":"2025-10-01T14:16:16","modified_gmt":"2025-10-01T14:16:16","slug":"connaissez-vous-signalille-actualites","status":"publish","type":"post","link":"https:\/\/www.europesays.com\/fr\/431294\/","title":{"rendered":"Connaissez-vous SignaLille ? \/ Actualit\u00e9s"},"content":{"rendered":"<p>D\u00e9couvrez SignaLille, application qui associe les Lillois \u00e0 l&rsquo;am\u00e9lioration de leur cadre de vie.<\/p>\n<p>            <img loading=\"lazy\" decoding=\"async\" src=\"\/var\/www\/storage\/images\/mediatheque\/mairie-de-lille\/actualites\/images\/2025\/mai-2025\/signalille\/3753970-3-fre-FR\/signalille_news_image_top.jpg\" width=\"779\" height=\"518\" alt=\"\"\/><br \/>\n    \tT\u00e9l\u00e9chargez l&rsquo;appli SignaLille !<\/p>\n<p>\nUn d\u00e9p\u00f4t sauvage ? Un tag sur une fa\u00e7ade ? Une poubelle qui d\u00e9borde ?<br \/>Je SignaLille !<\/p>\n<p><strong>Pour am\u00e9liorer encore le cadre de vie des Lillois, la Ville a lanc\u00e9 l\u2019application SignaLille qui leur propose de contribuer \u00e0 un\u00a0espace public plus propre, plus s\u00fbr et plus agr\u00e9able\u00a0en signalant les anomalies qu&rsquo;ils\u00a0constateraient.<\/strong><\/p>\n<p>Comment \u00e7a marche ?<\/p>\n<p>Gr\u00e2ce \u00e0 SignaLille, chaque Lillois peut :<\/p>\n<ul class=\"listPuce\">\n<li>Signaler un probl\u00e8me <strong>en moins d\u2019une minute<\/strong> via l&rsquo;appli mobile <a href=\"https:\/\/mesdemarches.lille.fr\/signalille\/\" target=\"_self\" class=\"lien_interne\" rel=\"noopener\">ou ici<\/a><\/li>\n<li>Joindre <strong>une photo, une description, une localisation<\/strong><\/li>\n<li>Suivre en direct <strong>l\u2019\u00e9volution du traitement<\/strong> de son signalement<\/li>\n<\/ul>\n<p>T\u00e9l\u00e9charger l&rsquo;appli<\/p>\n<p>Et en cas d&rsquo;urgence : je peux directement joindre l&rsquo;accueil de la Ville de Lille depuis l&rsquo;application !<\/p>\n<p>Ce que vous pouvez signaler d\u00e8s maintenant<\/p>\n<p>1. Cat\u00e9gorie Propret\u00e9 et tags :<\/p>\n<ul class=\"listPuce\">\n<li><strong>Affichage et tags<\/strong> (injurieux ou non-injurieux)<\/li>\n<li><strong>D\u00e9p\u00f4ts sauvages<\/strong>, rue salie<\/li>\n<li><strong>Ins\u00e9curit\u00e9 sur la voie publique<\/strong> (d\u00e9p\u00f4t d&rsquo;amiante, seringues, d\u00e9bris de verre ou d&rsquo;accident, sol glissant)<\/li>\n<li><strong>Poubelles de particuliers<\/strong> (casse, renouvellement de sacs, poubelle constamment dehors, poubelle non-ramass\u00e9e, RDV encombrants non honor\u00e9)<\/li>\n<li><strong>Poubelles publiques<\/strong>, sacs canins (point d&rsquo;apport volontaire, poubelle cass\u00e9e, sac plein, pas de sac)<\/li>\n<li><strong>Rats, animaux<\/strong> (frelons, gu\u00eapes, animaux morts, pigeons, rats)<\/li>\n<\/ul>\n<p>2. Cat\u00e9gorie Espaces verts et Jeux pour enfants<\/p>\n<p>3. Cat\u00e9gorie \u00c9clairage public<\/p>\n<p>Et bient\u00f4t\u2026<\/p>\n<p>5 nouvelles grandes familles de signalements seront disponibles :<\/p>\n<ul class=\"listPuce\">\n<li>Signalisation et stationnement<\/li>\n<li>Mobilier urbain (bancs, potelets, box \u00e0 v\u00e9lo&#8230;)<\/li>\n<li>Voirie et assainissement<\/li>\n<\/ul>\n<p>            Lire aussi<\/p>\n<p>            <img loading=\"lazy\" decoding=\"async\" src=\"\/var\/www\/storage\/images\/mediatheque\/mairie-de-lille\/actualites\/images\/2025\/avril\/pigeons\/3735868-2-fre-FR\/pigeons_crossreading.jpg\" width=\"95\" height=\"95\" alt=\"\"\/>           <\/p>\n<p>            <img loading=\"lazy\" decoding=\"async\" src=\"\/var\/www\/storage\/images\/mediatheque\/mairie-de-lille\/n1\/vivre-a-lille\/la-proprete\/lutte-contre-les-tags\/38417-1-fre-FR\/Lutte-contre-les-tags_crossreading.jpg\" width=\"95\" height=\"95\" alt=\"\"\/>           <\/p>\n<p>            <img loading=\"lazy\" decoding=\"async\" src=\"\/var\/www\/storage\/images\/mediatheque\/mairie-de-lille\/actualites\/images\/juin-2019\/crottoir\/2584084-1-fre-FR\/crottoir_crossreading.jpg\" width=\"95\" height=\"95\" alt=\"\"\/>           <\/p>\n<p>        <a href=\"https:\/\/www.lille.fr\/Fives\/Actualites\/Proprete-signalez\" class=\"actuTitle\" title=\"Propret\u00e9 : signalez !\" target=\"_blank\" rel=\"noopener\">Propret\u00e9 : signalez !<\/a>Propret\u00e9<\/p>\n<p>Un d\u00e9p\u00f4t sauvage pr\u00e8s de chez vous ? Des d\u00e9jections canines sur le trottoir ? Un tag sur votre fa\u00e7ade ? Signalez votre probl\u00e8me propret\u00e9 en quelqu&#8230;<\/p>\n<p>        <a href=\"https:\/\/www.lille.fr\/Fives\/Actualites\/Proprete-signalez\" class=\"voirActus\" target=\"_blank\" rel=\"noopener\">Voir<\/a><\/p>\n","protected":false},"excerpt":{"rendered":"D\u00e9couvrez SignaLille, application qui associe les Lillois \u00e0 l&rsquo;am\u00e9lioration de leur cadre de vie. T\u00e9l\u00e9chargez l&rsquo;appli SignaLille !&hellip;\n","protected":false},"author":2,"featured_media":431295,"comment_status":"","ping_status":"","sticky":false,"template":"","format":"standard","meta":{"footnotes":""},"categories":[2815],"tags":[1111,11,4763,1777,674,1011,27,811,1307,5415,12,25],"class_list":{"0":"post-431294","1":"post","2":"type-post","3":"status-publish","4":"format-standard","5":"has-post-thumbnail","7":"category-lille","8":"tag-actu","9":"tag-actualites","10":"tag-agenda","11":"tag-eu","12":"tag-europe","13":"tag-fr","14":"tag-france","15":"tag-hauts-de-france","16":"tag-lille","17":"tag-mairie","18":"tag-news","19":"tag-republique-francaise"},"share_on_mastodon":{"url":"https:\/\/pubeurope.com\/@fr\/115299338632228181","error":""},"_links":{"self":[{"href":"https:\/\/www.europesays.com\/fr\/wp-json\/wp\/v2\/posts\/431294","targetHints":{"allow":["GET"]}}],"collection":[{"href":"https:\/\/www.europesays.com\/fr\/wp-json\/wp\/v2\/posts"}],"about":[{"href":"https:\/\/www.europesays.com\/fr\/wp-json\/wp\/v2\/types\/post"}],"author":[{"embeddable":true,"href":"https:\/\/www.europesays.com\/fr\/wp-json\/wp\/v2\/users\/2"}],"replies":[{"embeddable":true,"href":"https:\/\/www.europesays.com\/fr\/wp-json\/wp\/v2\/comments?post=431294"}],"version-history":[{"count":0,"href":"https:\/\/www.europesays.com\/fr\/wp-json\/wp\/v2\/posts\/431294\/revisions"}],"wp:featuredmedia":[{"embeddable":true,"href":"https:\/\/www.europesays.com\/fr\/wp-json\/wp\/v2\/media\/431295"}],"wp:attachment":[{"href":"https:\/\/www.europesays.com\/fr\/wp-json\/wp\/v2\/media?parent=431294"}],"wp:term":[{"taxonomy":"category","embeddable":true,"href":"https:\/\/www.europesays.com\/fr\/wp-json\/wp\/v2\/categories?post=431294"},{"taxonomy":"post_tag","embeddable":true,"href":"https:\/\/www.europesays.com\/fr\/wp-json\/wp\/v2\/tags?post=431294"}],"curies":[{"name":"wp","href":"https:\/\/api.w.org\/{rel}","templated":true}]}}