{"id":431298,"date":"2025-10-01T14:18:14","date_gmt":"2025-10-01T14:18:14","guid":{"rendered":"https:\/\/www.europesays.com\/fr\/431298\/"},"modified":"2025-10-01T14:18:14","modified_gmt":"2025-10-01T14:18:14","slug":"son-prochain-concert-a-marseille-complet-une-2e-date-annoncee","status":"publish","type":"post","link":"https:\/\/www.europesays.com\/fr\/431298\/","title":{"rendered":"son prochain concert \u00e0 Marseille complet&#8230; une 2e date annonc\u00e9e !"},"content":{"rendered":"<p>Orelsan annonce une nouvelle date de concert le 25 mars 2026 au D\u00f4me \u00e0 Marseille. La premi\u00e8re date pr\u00e9vue la veille a tr\u00e8s rapidement affich\u00e9 complet.<\/p>\n<p>Il avait attir\u00e9 pr\u00e8s de 12 000 personnes et enflamm\u00e9 le stade Parsemain lors de sa venue \u00e0 Fos-sur-Mer en juillet 2023. Orelsan va maintenant revenir pour deux concerts au D\u00f4me. Et comme lors de sa derni\u00e8re venue \u00e0 Marseille en 2022, \u00e7a va \u00eatre \u00e0 guichets ferm\u00e9s.\u00a0<\/p>\n<p>Le premier concert pr\u00e9vu le 24 mars 2026 a imm\u00e9diatement fait le plein d\u00e8s l&rsquo;ouverture de la billetterie. Le site de l&rsquo;artiste a m\u00eame crash\u00e9 face \u00e0 l&rsquo;affluence de demandes. Mais bonne nouvelle, le rappeur normand a annonc\u00e9 aujourd&rsquo;hui\u00a0<a href=\"https:\/\/www.facebook.com\/orelsan\/\" target=\"_blank\" rel=\"noopener\">sur ses r\u00e9seaux<\/a> une autre date : le 25 mars 2026. La billetterie, avec des places de 45 \u00e0 75 euros, est notamment ouverte en pr\u00e9vente <a href=\"https:\/\/www.ticketmaster.fr\/fr\/manifestation\/orelsan-billet\/idmanif\/636725\" target=\"_blank\" rel=\"noopener\">sur ticketmaster<\/a>\u00a0et <a href=\"https:\/\/adamconcerts.com\/orelsan-5-58616\/\" target=\"_blank\" rel=\"noopener\">sur adamconcert<\/a>.<\/p>\n<p>La nouvelle tourn\u00e9e d&rsquo;Orelsan, qui commencera par Caen en janvier pour finir \u00e0 Paris en d\u00e9cembre, s&rsquo;annonce comme un immense succ\u00e8s.\u00a0<\/p>\n<p>\u00a0<\/p>\n<p>cr\u00e9dit photo Rapha\u00ebl Khayat maritima m\u00e9dias<\/p>\n","protected":false},"excerpt":{"rendered":"Orelsan annonce une nouvelle date de concert le 25 mars 2026 au D\u00f4me \u00e0 Marseille. La premi\u00e8re date&hellip;\n","protected":false},"author":2,"featured_media":431299,"comment_status":"","ping_status":"","sticky":false,"template":"","format":"standard","meta":{"footnotes":""},"categories":[2814],"tags":[1111,11,1697,1777,674,1011,27,55940,884,12,21953,882,25],"class_list":{"0":"post-431298","1":"post","2":"type-post","3":"status-publish","4":"format-standard","5":"has-post-thumbnail","7":"category-marseille","8":"tag-actu","9":"tag-actualites","10":"tag-concert","11":"tag-eu","12":"tag-europe","13":"tag-fr","14":"tag-france","15":"tag-le-dome","16":"tag-marseille","17":"tag-news","18":"tag-orelsan","19":"tag-provence-alpes-cote-dazur","20":"tag-republique-francaise"},"share_on_mastodon":{"url":"https:\/\/pubeurope.com\/@fr\/115299346415838332","error":""},"_links":{"self":[{"href":"https:\/\/www.europesays.com\/fr\/wp-json\/wp\/v2\/posts\/431298","targetHints":{"allow":["GET"]}}],"collection":[{"href":"https:\/\/www.europesays.com\/fr\/wp-json\/wp\/v2\/posts"}],"about":[{"href":"https:\/\/www.europesays.com\/fr\/wp-json\/wp\/v2\/types\/post"}],"author":[{"embeddable":true,"href":"https:\/\/www.europesays.com\/fr\/wp-json\/wp\/v2\/users\/2"}],"replies":[{"embeddable":true,"href":"https:\/\/www.europesays.com\/fr\/wp-json\/wp\/v2\/comments?post=431298"}],"version-history":[{"count":0,"href":"https:\/\/www.europesays.com\/fr\/wp-json\/wp\/v2\/posts\/431298\/revisions"}],"wp:featuredmedia":[{"embeddable":true,"href":"https:\/\/www.europesays.com\/fr\/wp-json\/wp\/v2\/media\/431299"}],"wp:attachment":[{"href":"https:\/\/www.europesays.com\/fr\/wp-json\/wp\/v2\/media?parent=431298"}],"wp:term":[{"taxonomy":"category","embeddable":true,"href":"https:\/\/www.europesays.com\/fr\/wp-json\/wp\/v2\/categories?post=431298"},{"taxonomy":"post_tag","embeddable":true,"href":"https:\/\/www.europesays.com\/fr\/wp-json\/wp\/v2\/tags?post=431298"}],"curies":[{"name":"wp","href":"https:\/\/api.w.org\/{rel}","templated":true}]}}