{"id":431300,"date":"2025-10-01T14:19:10","date_gmt":"2025-10-01T14:19:10","guid":{"rendered":"https:\/\/www.europesays.com\/fr\/431300\/"},"modified":"2025-10-01T14:19:10","modified_gmt":"2025-10-01T14:19:10","slug":"voici-a-quoi-sattendre-dans-les-tcl","status":"publish","type":"post","link":"https:\/\/www.europesays.com\/fr\/431300\/","title":{"rendered":"voici \u00e0 quoi s&rsquo;attendre dans les TCL"},"content":{"rendered":"<p>            Par<br \/>\n        <strong><br \/>\n            <a href=\"https:\/\/actu.fr\/auteur\/anthony-soudani\" title=\"Consulter tous les articles de Anthony Soudani\" target=\"_blank\" rel=\"noopener\">Anthony Soudani<\/a><br \/>\n        <\/strong><\/p>\n<p>        Publi\u00e9 le<\/p>\n<p>            1 oct. 2025 \u00e0 15h42        <\/p>\n<p>Une <a href=\"https:\/\/actu.fr\/auvergne-rhone-alpes\/lyon_69123\/lyon-greve-et-manifestations-du-2-octobre-a-quoi-s-attendre-pour-la-prochaine-journee_63226439.html\" target=\"_blank\" rel=\"noopener\">manifestation est annonc\u00e9e \u00e0 Lyon<\/a> ce jeudi 2 octobre 2025. L\u2019intersyndicale appelle \u00e0 une <strong>mobilisation massive<\/strong> lors de cette journ\u00e9e de gr\u00e8ve interprofessionnelle pour \u00ab obtenir l\u2019abandon de ce budget d\u2019aust\u00e9rit\u00e9 \u00bb. Qu\u2019en est-il des perturbations dans les <a href=\"https:\/\/actu.fr\/tag\/transports-en-commun-lyonnais-tcl\" target=\"_blank\" rel=\"noopener\">TCL<\/a> ? On fait le point.\u00a0<\/p>\n<p>Pas de gr\u00e8ve chez TCL mais des perturbations possibles<\/p>\n<p class=\" wall-content\">Tr\u00e8s bonne nouvelle pour les usagers des transports en commun lyonnais : les \u00e9quipes TCL ne sont pas concern\u00e9es par ce mouvement national de gr\u00e8ve. Tramways, bus, m\u00e9tros ou encore funiculaires fonctionneront normalement ce jeudi\u2026 enfin presque.<\/p>\n<p class=\" wall-content\">\u00ab\u00a0Les <strong>conditions de circulation peuvent \u00eatre perturb\u00e9es<\/strong> par les manifestations\u00a0\u00bb, indiquent les TCL sur leur site en invitant \u00e0 suivre <a href=\"https:\/\/www.tcl.fr\/se-deplacer\/info-trafic\" target=\"_blank\" rel=\"noopener\">l\u2019info trafic en temps r\u00e9el<\/a>.<\/p>\n<p>Le parcours de la manifestation<\/p>\n<p class=\" wall-content\">Pour anticiper de potentielles fermetures de stations de m\u00e9tro ou arr\u00eats de ligne de bus, voici le <a href=\"https:\/\/actu.fr\/auvergne-rhone-alpes\/lyon_69123\/lyon-greve-du-jeudi-2-octobre-voici-le-parcours-de-la-manifestation_63237305.html\" target=\"_blank\" rel=\"noopener\">parcours de la manifestation<\/a> qui traversera Lyon :\u00a0<\/p>\n<ul class=\" wall-content\">\n<li>Le rendez-vous est donn\u00e9 \u00e0 13h sur la place Jean-Mac\u00e9 (Lyon 7e).<\/li>\n<li>Le cort\u00e8ge devrait s\u2019\u00e9lancer peu apr\u00e8s sur l\u2019avenue Jean-Jaur\u00e8s pour bifurquer sur l\u2019avenue du Mar\u00e9chal de Saxe au niveau du croisement Saxe-Gambetta.<\/li>\n<li>Les manifestants remonteront jusqu\u2019au cours Lafayette, o\u00f9 ils tourneront \u00e0 gauche pour rejoindre le quai Victor-Augagneur.<\/li>\n<li>La manifestation se terminera au niveau du square Delestraint (Lyon 3e).\u00a0<\/li>\n<\/ul>\n<p class=\" wall-content\">Il est donc important d\u2019anticiper ses d\u00e9placements si vous avez besoin de traverser ses secteurs en transport en commun ou m\u00eame en voiture dans l\u2019apr\u00e8s-midi.<\/p>\n<p class=\" wall-content\">Personnalisez votre actualit\u00e9 en ajoutant vos villes et m\u00e9dias en favori avec <a href=\"https:\/\/moncompte.actu.fr\" title=\"D\u00e9couvez Mon Actu\" rel=\"nofollow noopener\" data-trk=\"{&quot;cta&quot;:{&quot;action&quot;:&quot;https:\\\/\\\/moncompte.actu.fr&quot;,&quot;category&quot;:&quot;mon compte&quot;,&quot;from&quot;:&quot;article footer&quot;,&quot;name&quot;:&quot;Mon actu&quot;,&quot;type&quot;:&quot;cta&quot;}}\" target=\"_blank\">Mon Actu<\/a>.<\/p>\n","protected":false},"excerpt":{"rendered":"Par Anthony Soudani Publi\u00e9 le 1 oct. 2025 \u00e0 15h42 Une manifestation est annonc\u00e9e \u00e0 Lyon ce jeudi&hellip;\n","protected":false},"author":2,"featured_media":431301,"comment_status":"","ping_status":"","sticky":false,"template":"","format":"standard","meta":{"footnotes":""},"categories":[1889],"tags":[1111,11,2430,1777,674,1011,27,6151,2428,12,25,104,2803,5787],"class_list":{"0":"post-431300","1":"post","2":"type-post","3":"status-publish","4":"format-standard","5":"has-post-thumbnail","7":"category-lyon","8":"tag-actu","9":"tag-actualites","10":"tag-auvergne-rhone-alpes","11":"tag-eu","12":"tag-europe","13":"tag-fr","14":"tag-france","15":"tag-greve","16":"tag-lyon","17":"tag-news","18":"tag-republique-francaise","19":"tag-societe","20":"tag-transport","21":"tag-transports-en-commun-lyonnais-tcl"},"share_on_mastodon":{"url":"https:\/\/pubeurope.com\/@fr\/115299350318647678","error":""},"_links":{"self":[{"href":"https:\/\/www.europesays.com\/fr\/wp-json\/wp\/v2\/posts\/431300","targetHints":{"allow":["GET"]}}],"collection":[{"href":"https:\/\/www.europesays.com\/fr\/wp-json\/wp\/v2\/posts"}],"about":[{"href":"https:\/\/www.europesays.com\/fr\/wp-json\/wp\/v2\/types\/post"}],"author":[{"embeddable":true,"href":"https:\/\/www.europesays.com\/fr\/wp-json\/wp\/v2\/users\/2"}],"replies":[{"embeddable":true,"href":"https:\/\/www.europesays.com\/fr\/wp-json\/wp\/v2\/comments?post=431300"}],"version-history":[{"count":0,"href":"https:\/\/www.europesays.com\/fr\/wp-json\/wp\/v2\/posts\/431300\/revisions"}],"wp:featuredmedia":[{"embeddable":true,"href":"https:\/\/www.europesays.com\/fr\/wp-json\/wp\/v2\/media\/431301"}],"wp:attachment":[{"href":"https:\/\/www.europesays.com\/fr\/wp-json\/wp\/v2\/media?parent=431300"}],"wp:term":[{"taxonomy":"category","embeddable":true,"href":"https:\/\/www.europesays.com\/fr\/wp-json\/wp\/v2\/categories?post=431300"},{"taxonomy":"post_tag","embeddable":true,"href":"https:\/\/www.europesays.com\/fr\/wp-json\/wp\/v2\/tags?post=431300"}],"curies":[{"name":"wp","href":"https:\/\/api.w.org\/{rel}","templated":true}]}}