{"id":431305,"date":"2025-10-01T14:23:14","date_gmt":"2025-10-01T14:23:14","guid":{"rendered":"https:\/\/www.europesays.com\/fr\/431305\/"},"modified":"2025-10-01T14:23:14","modified_gmt":"2025-10-01T14:23:14","slug":"en-ethiopie-au-moins-36-morts-et-plus-de-200-blesses-a-la-suite-de-leffondrement-dun-echafaudage-sur-une-eglise-a-arerti","status":"publish","type":"post","link":"https:\/\/www.europesays.com\/fr\/431305\/","title":{"rendered":"En Ethiopie, au moins 36\u00a0morts et plus de 200\u00a0bless\u00e9s \u00e0 la suite de l\u2019effondrement d\u2019un \u00e9chafaudage sur une \u00e9glise \u00e0 Arerti"},"content":{"rendered":"<p>                          <img loading=\"lazy\" decoding=\"async\" src=\"https:\/\/www.europesays.com\/fr\/wp-content\/uploads\/2025\/10\/e456cb9_upload-1-uu2eamzzcj9h-557665299-1251603443660499-7468473026661189224-n.jpg\" alt=\"A l\u2019int\u00e9rieur de l\u2019\u00e9glise lors du drame, \u00e0 Arerti, \u00e0 environ 70\u00a0kilom\u00e8tres \u00e0 l\u2019est d\u2019Addis-Abeba, le 1\u1d49\u02b3\u00a0octobre\u00a02025.\"   width=\"664\" height=\"443\"\/>    A l\u2019int\u00e9rieur de l\u2019\u00e9glise lors du drame, \u00e0 Arerti, \u00e0 environ 70\u00a0kilom\u00e8tres \u00e0 l\u2019est d\u2019Addis-Abeba, le 1\u1d49\u02b3\u00a0octobre\u00a02025.  ETHIOPIAN BROADCASTING CORPORATION VIA FACEBOOK                        <\/p>\n<p class=\"article__paragraph  \">Un \u00e9chafaudage de fortune s\u2019est effondr\u00e9, mercredi 1er\u00a0octobre, sur une \u00e9glise en Ethiopie o\u00f9 se tenait une c\u00e9r\u00e9monie religieuse, a annonc\u00e9 sur Facebook l\u2019Ethiopian Broadcasting Corporation (EBC), la radio-t\u00e9l\u00e9vision officielle. Au moins 36\u00a0personnes ont \u00e9t\u00e9 tu\u00e9es et plus de 200 autres ont \u00e9t\u00e9 bless\u00e9es, selon le dernier bilan relay\u00e9 par Fana Broadcasting Corporate (FBC), un m\u00e9dia d\u2019Etat. Un pr\u00e9c\u00e9dent bilan rapportait 22\u00a0morts et 55\u00a0bless\u00e9s.<\/p>\n<p class=\"article__paragraph  \">\u00ab\u00a0Plusieurs p\u00e8lerins ont \u00e9t\u00e9 tu\u00e9s ou bless\u00e9s lorsque l\u2019\u00e9chafaudage en bois, install\u00e9 pour les travaux de finition, s\u2019est effondr\u00e9 \u00e0 7\u00a0h\u00a045 (heure locale) au moment o\u00f9 un groupe de fid\u00e8les visitait l\u2019\u00e9glise\u00a0\u00bb \u00e0 Arerti, \u00e0 environ 70 kilom\u00e8tres \u00e0 l\u2019est de la capitale, Addis-Abeba, a pr\u00e9cis\u00e9 la radio-t\u00e9l\u00e9vision publique \u00e9thiopienne.<\/p>\n<p class=\"article__paragraph  \">Des <a href=\"https:\/\/www.facebook.com\/EBCzena\/posts\/pfbid02Ct6mwxkfNoaFwFFpNBfWAYJFhfr2Z1QUxWMYsGBjHeNfgXZ4AsXoorGfSiHpArtBl\" target=\"_blank\" rel=\"noopener nofollow\" title=\"Nouvelle fen\u00eatre\">photos publi\u00e9es par EBC sur Facebook<\/a> montrent des planches effondr\u00e9es \u00e0 l\u2019int\u00e9rieur de l\u2019\u00e9glise et de nombreuses personnes tentant de porter secours aux bless\u00e9s.<\/p>\n<p class=\"article__paragraph  \">La localit\u00e9 d\u2019Arerti se trouve dans la r\u00e9gion Amhara, deuxi\u00e8me plus peupl\u00e9e d\u2019Ethiopie, g\u00e9ant d\u2019Afrique de l\u2019Est comptant quelque 130\u00a0millions\u00a0d\u2019habitants.<\/p>\n<p class=\"article__paragraph  \">Plus d\u2019informations \u00e0 venir.<\/p>\n<p class=\"author__detail\">  Le Monde avec AFP  <\/p>\n<p>L\u2019espace des contributions est r\u00e9serv\u00e9 aux abonn\u00e9s.<\/p>\n<p>Abonnez-vous pour acc\u00e9der \u00e0 cet espace d\u2019\u00e9change et contribuer \u00e0 la discussion.<\/p>\n<p>    <a href=\"https:\/\/abo.lemonde.fr\/?edi_medium=BOUTONS_LMFR&amp;edi_campaign=CONTRIBUTION_ARTICLE\" class=\"btn btn--premium js-btn-premium\" rel=\"nofollow noopener\" target=\"_blank\">S\u2019abonner<\/a>          <\/p>\n<p class=\"comments__active comments__tooltip\">Contribuer<\/p>\n<p>      <a href=\"https:\/\/www.lemonde.fr\/syndication\/\" class=\"reuse__content\" title=\"R\u00e9utiliser ce contenu\" target=\"_blank\" rel=\"nofollow noopener\">R\u00e9utiliser ce contenu<\/a>      <\/p>\n","protected":false},"excerpt":{"rendered":"A l\u2019int\u00e9rieur de l\u2019\u00e9glise lors du drame, \u00e0 Arerti, \u00e0 environ 70\u00a0kilom\u00e8tres \u00e0 l\u2019est d\u2019Addis-Abeba, le 1\u1d49\u02b3\u00a0octobre\u00a02025. ETHIOPIAN&hellip;\n","protected":false},"author":2,"featured_media":431306,"comment_status":"","ping_status":"","sticky":false,"template":"","format":"standard","meta":{"footnotes":""},"categories":[1888],"tags":[1111,1928,11,1927,1777,674,1011,27,12,1926,626,1925,25],"class_list":{"0":"post-431305","1":"post","2":"type-post","3":"status-publish","4":"format-standard","5":"has-post-thumbnail","7":"category-paris","8":"tag-actu","9":"tag-actu-paris","10":"tag-actualites","11":"tag-actualites-paris","12":"tag-eu","13":"tag-europe","14":"tag-fr","15":"tag-france","16":"tag-news","17":"tag-news-paris","18":"tag-paris","19":"tag-paris-news","20":"tag-republique-francaise"},"share_on_mastodon":{"url":"https:\/\/pubeurope.com\/@fr\/115299365994695908","error":""},"_links":{"self":[{"href":"https:\/\/www.europesays.com\/fr\/wp-json\/wp\/v2\/posts\/431305","targetHints":{"allow":["GET"]}}],"collection":[{"href":"https:\/\/www.europesays.com\/fr\/wp-json\/wp\/v2\/posts"}],"about":[{"href":"https:\/\/www.europesays.com\/fr\/wp-json\/wp\/v2\/types\/post"}],"author":[{"embeddable":true,"href":"https:\/\/www.europesays.com\/fr\/wp-json\/wp\/v2\/users\/2"}],"replies":[{"embeddable":true,"href":"https:\/\/www.europesays.com\/fr\/wp-json\/wp\/v2\/comments?post=431305"}],"version-history":[{"count":0,"href":"https:\/\/www.europesays.com\/fr\/wp-json\/wp\/v2\/posts\/431305\/revisions"}],"wp:featuredmedia":[{"embeddable":true,"href":"https:\/\/www.europesays.com\/fr\/wp-json\/wp\/v2\/media\/431306"}],"wp:attachment":[{"href":"https:\/\/www.europesays.com\/fr\/wp-json\/wp\/v2\/media?parent=431305"}],"wp:term":[{"taxonomy":"category","embeddable":true,"href":"https:\/\/www.europesays.com\/fr\/wp-json\/wp\/v2\/categories?post=431305"},{"taxonomy":"post_tag","embeddable":true,"href":"https:\/\/www.europesays.com\/fr\/wp-json\/wp\/v2\/tags?post=431305"}],"curies":[{"name":"wp","href":"https:\/\/api.w.org\/{rel}","templated":true}]}}