{"id":431307,"date":"2025-10-01T14:24:12","date_gmt":"2025-10-01T14:24:12","guid":{"rendered":"https:\/\/www.europesays.com\/fr\/431307\/"},"modified":"2025-10-01T14:24:12","modified_gmt":"2025-10-01T14:24:12","slug":"eglise-greco-catholique-ukrainienne-le-pere-rantsya-eveque-de-leparchie-de-paris","status":"publish","type":"post","link":"https:\/\/www.europesays.com\/fr\/431307\/","title":{"rendered":"\u00c9glise gr\u00e9co-catholique ukrainienne: le p\u00e8re Rantsya, \u00e9v\u00eaque de l\u2019\u00e9parchie de Paris"},"content":{"rendered":"<p>Le Pape L\u00e9on XIV a nomm\u00e9 ce mercredi 1er octobre, \u00e9v\u00eaque de l\u2019\u00c9parchie de Saint Vladimir-le-Grand de Paris des Ukrainiens byzantins, le p\u00e8re Ihor Rantsya. Le pr\u00eatre de 47 ans en \u00e9tait jusqu\u2019\u00e0 pr\u00e9sent vicaire g\u00e9n\u00e9ral. <\/p>\n<p><b>Vatican News<\/b><\/p>\n<p>Mgr Ihor Rantsya devient le deuxi\u00e8me \u00e9parque de l\u2019\u00e9parchie ukrainienne de Paris, apr\u00e8s Mgr Borys Gudziak transf\u00e9r\u00e9 en 2019 \u00e0 Philadelphie (\u00c9tats-Unis). Depuis l\u2019\u00e9parchie \u00e9tait conduite par Mgr Hlib Lonchyna comme administrateur apostolique.<\/p>\n<p>Le Pape a ainsi approuv\u00e9<b>\u00a0<\/b>la d\u00e9cision du Synode des \u00e9v\u00eaques de l\u2019\u00c9glise gr\u00e9co-catholique ukrainienne\u00a0(\u00c9GCU),\u00a0qui a \u00e9lu \u00e9v\u00eaque de l\u2019\u00c9parchie (dioc\u00e8se) ukrainienne Saint-Volodymyr-le-Grand de Paris, le p\u00e8re Ihor Rantsya. La date de la cons\u00e9cration \u00e9piscopale et de l\u2019intronisation de l\u2019\u00e9parque-nomm\u00e9, qui auront lieu \u00e0 Paris, sera annonc\u00e9e ult\u00e9rieurement. Igor Rantsya est pr\u00eatre de l\u2019archi\u00e9parchie de Lviv, servant depuis 2015 dans l\u2019\u00e9parchie ukrainienne de Paris.<\/p>\n<p><b>\u00c0 Paris depuis f\u00e9vrier 2014<\/b> <\/p>\n<p>N\u00e9 le 8 mars 1978 \u00e0 Opilsko, r\u00e9gion de Lviv, en Ukraine, il est ordonn\u00e9 pr\u00eatre le 29 mars 2015 \u00e0 Paris. Il est dipl\u00f4m\u00e9 en g\u00e9ographie et en philosophie et th\u00e9ologie, \u00e0 l\u2019universit\u00e9 nationale Ivan Franko de Lviv, ainsi qu\u2019\u00e0 l\u2019universit\u00e9 catholique d\u2019Ukraine \u00e0 Lviv. De 2008 \u00e0 2014, il est au s\u00e9minaire th\u00e9ologique du Saint-Esprit de l\u2019arch\u00e9parchie de Lviv, puis suit des cours de 2014 \u00e0 2018 \u00e0 l\u2019Institut sup\u00e9rieur d\u2019\u00e9tudes \u0153cum\u00e9niques (ISEO) de l\u2019Institut catholique de Paris. Au sein de la la cath\u00e9drale St-Volodymyr le Grand, dans le 6e arrondissement de Paris, il a occup\u00e9 les fontions de diacre, puis vicaire de 2015 \u00e0 2019. De 2017 \u00e0 2019, le p\u00e8re Rantsya est administrateur de la paroisse de Tous-les-Saints \u00e0 Vincennes. Pr\u00e9sident de la Commission \u0153cum\u00e9nique de 2018 \u00e0 2021, et administrateur de la cath\u00e9drale St-Volodymyr le Grand de Paris. Depuis 2022, il \u00e9tait protosyncelle, soit vicaire g\u00e9n\u00e9ral, de l\u2019\u00e9parchie. Du 7 janvier au 1er octobre 2025, le p\u00e8re Ihor \u00e9tait en cong\u00e9 pour terminer sa th\u00e8se de doctorat, dont la soutenance est pr\u00e9vue dans les prochains mois.<\/p>\n<p><b>Les gr\u00e9co-catholiques ukrainiens en France<\/b> <\/p>\n<p>L\u2019histoire du pastorat gr\u00e9co-catholique ukrainien \u00e0 Paris commence dans les ann\u00e9es 1850. En 1937, gr\u00e2ce aux efforts du m\u00e9tropolite Andr\u00e9 Sheptytsky, la Mission de l\u2019\u00c9GCU en France est canoniquement fond\u00e9e \u00e0 Paris sous la direction du p\u00e8re Jacques Perridon. Depuis 1946, les fid\u00e8les ukrainiens des pays aujourd\u2019hui dans l\u2019\u00e9parchie, sont pris en charge par l\u2019\u00e9v\u00eaque Ivan Buczko en tant que visiteur apostolique. En 1954, les gr\u00e9co-catholiques ukrainiens de France ont rejoint le nouvel Ordinariat des catholiques orientaux, dirig\u00e9 par les archev\u00eaques de Paris. En 1960, le Pape Jean XXIII cr\u00e9e un exarchat pour les Ukrainiens en France et nomme premier exarque, Mgr Volodymyr Malanchuk (1961-1982). Lui succ\u00e8de Mgr Michael Hrynchyshyn (1982-2012) et le territoire pastoral des exarques de France est \u00e9tendu \u00e0 la Belgique, aux Pays-Bas, au Luxembourg et \u00e0 la Suisse. L\u2019\u00e9v\u00eaque Borys Gudziak en devient le troisi\u00e8me exarque (2012), puis son premier \u00e9parque \u2013lorsque le pape Beno\u00eet XVI \u00e9l\u00e8ve l\u2019exarchat au rang d\u2019\u00e9parchie (dioc\u00e8se) en 2013.<\/p>\n","protected":false},"excerpt":{"rendered":"Le Pape L\u00e9on XIV a nomm\u00e9 ce mercredi 1er octobre, \u00e9v\u00eaque de l\u2019\u00c9parchie de Saint Vladimir-le-Grand de Paris&hellip;\n","protected":false},"author":2,"featured_media":431308,"comment_status":"","ping_status":"","sticky":false,"template":"","format":"standard","meta":{"footnotes":""},"categories":[1888],"tags":[1111,1928,11,1927,21945,1777,674,1011,27,12,1926,9350,626,1925,25,220],"class_list":{"0":"post-431307","1":"post","2":"type-post","3":"status-publish","4":"format-standard","5":"has-post-thumbnail","7":"category-paris","8":"tag-actu","9":"tag-actu-paris","10":"tag-actualites","11":"tag-actualites-paris","12":"tag-eglises-orientales","13":"tag-eu","14":"tag-europe","15":"tag-fr","16":"tag-france","17":"tag-news","18":"tag-news-paris","19":"tag-nominations","20":"tag-paris","21":"tag-paris-news","22":"tag-republique-francaise","23":"tag-ukraine"},"share_on_mastodon":{"url":"https:\/\/pubeurope.com\/@fr\/115299369977213862","error":""},"_links":{"self":[{"href":"https:\/\/www.europesays.com\/fr\/wp-json\/wp\/v2\/posts\/431307","targetHints":{"allow":["GET"]}}],"collection":[{"href":"https:\/\/www.europesays.com\/fr\/wp-json\/wp\/v2\/posts"}],"about":[{"href":"https:\/\/www.europesays.com\/fr\/wp-json\/wp\/v2\/types\/post"}],"author":[{"embeddable":true,"href":"https:\/\/www.europesays.com\/fr\/wp-json\/wp\/v2\/users\/2"}],"replies":[{"embeddable":true,"href":"https:\/\/www.europesays.com\/fr\/wp-json\/wp\/v2\/comments?post=431307"}],"version-history":[{"count":0,"href":"https:\/\/www.europesays.com\/fr\/wp-json\/wp\/v2\/posts\/431307\/revisions"}],"wp:featuredmedia":[{"embeddable":true,"href":"https:\/\/www.europesays.com\/fr\/wp-json\/wp\/v2\/media\/431308"}],"wp:attachment":[{"href":"https:\/\/www.europesays.com\/fr\/wp-json\/wp\/v2\/media?parent=431307"}],"wp:term":[{"taxonomy":"category","embeddable":true,"href":"https:\/\/www.europesays.com\/fr\/wp-json\/wp\/v2\/categories?post=431307"},{"taxonomy":"post_tag","embeddable":true,"href":"https:\/\/www.europesays.com\/fr\/wp-json\/wp\/v2\/tags?post=431307"}],"curies":[{"name":"wp","href":"https:\/\/api.w.org\/{rel}","templated":true}]}}