{"id":431311,"date":"2025-10-01T14:26:14","date_gmt":"2025-10-01T14:26:14","guid":{"rendered":"https:\/\/www.europesays.com\/fr\/431311\/"},"modified":"2025-10-01T14:26:14","modified_gmt":"2025-10-01T14:26:14","slug":"le-parcours-et-lhoraire-de-depart-de-la-manifestation-prevue-a-paris","status":"publish","type":"post","link":"https:\/\/www.europesays.com\/fr\/431311\/","title":{"rendered":"le parcours et l\u2019horaire de d\u00e9part de la manifestation pr\u00e9vue \u00e0 Paris"},"content":{"rendered":"<p>            Par<br \/>\n        <strong><br \/>\n            <a href=\"https:\/\/actu.fr\/auteur\/redaction-paris\" title=\"Consulter tous les articles de R\u00e9daction Paris\" target=\"_blank\" rel=\"noopener\">R\u00e9daction Paris<\/a><br \/>\n        <\/strong><\/p>\n<p>        Publi\u00e9 le<\/p>\n<p>            1 oct. 2025 \u00e0 16h02        <\/p>\n<p>Pas de journ\u00e9e noire \u00e0 l\u2019horizon. Une semaine apr\u00e8s <a href=\"https:\/\/actu.fr\/societe\/direct-greve-du-18-septembre-perturbations-blocages-manifestations-suivez-cette-journee-de-mobilisation_63172627.html\" target=\"_blank\" rel=\"noopener\">la gr\u00e8ve du 18 septembre 2025<\/a>, plusieurs organisations syndicales ont \u00e0 nouveau lanc\u00e9 un appel \u00e0 la mobilisation pour ce <strong>jeudi 2 octobre<\/strong>. Le mouvement devrait \u00eatre moins suivi que le pr\u00e9c\u00e9dent, mais il s\u2019accompagnera d\u2019une <a href=\"https:\/\/actu.fr\/tag\/manifestations\" target=\"_blank\" rel=\"noopener\">manifestation<\/a> dans les rues de Paris.<\/p>\n<p>5 000 policiers et gendarmes mobilis\u00e9s<\/p>\n<p class=\" wall-content\">La <a href=\"https:\/\/actu.fr\/tag\/prefecture-de-police-de-paris\" target=\"_blank\" rel=\"noopener\">pr\u00e9fecture de Police de Paris<\/a> et les organisations syndicales sont tomb\u00e9es d\u2019accord pour <strong>un parcours diff\u00e9rent<\/strong> de celui de la semaine derni\u00e8re, qui avait d\u00e9but\u00e9 place de la Bastille pour rejoindre celle de la R\u00e9publique et enfin converg\u00e9 vers la place de la Nation.\u00a0<\/p>\n<p class=\" wall-content\">Ce jeudi, les manifestant ont rendez-vous <strong>place d\u2019Italie<\/strong> dans le 13\u00e8me arrondissement, direction la place Vauban.\u00a0<\/p>\n<p>    <img   decoding=\"async\" loading=\"lazy\" src=\"https:\/\/www.europesays.com\/fr\/wp-content\/uploads\/2025\/10\/place-ditalie-75013-paris-a-av-de-villars-75007-paris-google-maps-google-chrome-960x640.jpg\" alt=\"Le parcours de la manifestation du 2 octobre 2025 \u00e0 Paris. \" width=\"960\" height=\"640\"\/><br \/>\n    Le parcours de la manifestation du 2 octobre 2025 \u00e0 Paris. (\u00a9Capture d\u2019\u00e9cran Google Maps)<\/p>\n<p class=\" wall-content\">Les autorit\u00e9s ont pr\u00e9vu un <strong>dispositif de s\u00e9curit\u00e9 important<\/strong>, avec \u00ab\u00a0plusieurs milliers de fonctionnaires de police, de militaires de la gendarmerie, de forces de s\u00e9curit\u00e9 int\u00e9rieure. on sera autour de 5 000\u2033, a indiqu\u00e9 le pr\u00e9fet de Police, Laurent Nunez. Il a \u00e9galement pr\u00e9venu que les forces de l\u2019ordre \u00ab d\u00e9bloqueraient imm\u00e9diatement toute tentative de blocage, qu\u2019il s\u2019agisse de lyc\u00e9es, de d\u00e9p\u00f4ts de bus (\u2026) ou de routes\u00a0\u00bb.\u00a0<\/p>\n<p class=\" wall-content\">La semaine derni\u00e8re, plusieurs lyc\u00e9es avaient \u00e9t\u00e9 bloqu\u00e9s d\u00e8s le d\u00e9but de la journ\u00e9e et quelques affrontements avec les forces de l\u2019ordre avaient \u00e9clat\u00e9 \u00e0 la fin de la manifestation. \u00ab\u00a0Comme d\u2019habitude, \u00e0 chaque fois que nous avons des grandes journ\u00e9es intersyndicales et des manifestations, nous avons la <strong>constitution de groupes de casseurs<\/strong> que je distingue tr\u00e8s clairement du reste de la manifestation intersyndicale et notamment des organisations syndicales, o\u00f9 la manifestation se passe toujours tr\u00e8s bien\u00a0\u00bb, a-t-il pr\u00e9cis\u00e9.\u00a0<\/p>\n<p class=\" wall-content\">Personnalisez votre actualit\u00e9 en ajoutant vos villes et m\u00e9dias en favori avec <a href=\"https:\/\/moncompte.actu.fr\" title=\"D\u00e9couvez Mon Actu\" rel=\"nofollow noopener\" data-trk=\"{&quot;cta&quot;:{&quot;action&quot;:&quot;https:\\\/\\\/moncompte.actu.fr&quot;,&quot;category&quot;:&quot;mon compte&quot;,&quot;from&quot;:&quot;article footer&quot;,&quot;name&quot;:&quot;Mon actu&quot;,&quot;type&quot;:&quot;cta&quot;}}\" target=\"_blank\">Mon Actu<\/a>.<\/p>\n","protected":false},"excerpt":{"rendered":"Par R\u00e9daction Paris Publi\u00e9 le 1 oct. 2025 \u00e0 16h02 Pas de journ\u00e9e noire \u00e0 l\u2019horizon. Une semaine&hellip;\n","protected":false},"author":2,"featured_media":431312,"comment_status":"","ping_status":"","sticky":false,"template":"","format":"standard","meta":{"footnotes":""},"categories":[1888],"tags":[11,1777,674,1011,27,1272,12,626,1931,25,104],"class_list":{"0":"post-431311","1":"post","2":"type-post","3":"status-publish","4":"format-standard","5":"has-post-thumbnail","7":"category-paris","8":"tag-actualites","9":"tag-eu","10":"tag-europe","11":"tag-fr","12":"tag-france","13":"tag-manifestations","14":"tag-news","15":"tag-paris","16":"tag-prefecture-de-police-de-paris","17":"tag-republique-francaise","18":"tag-societe"},"share_on_mastodon":{"url":"https:\/\/pubeurope.com\/@fr\/115299378232493220","error":""},"_links":{"self":[{"href":"https:\/\/www.europesays.com\/fr\/wp-json\/wp\/v2\/posts\/431311","targetHints":{"allow":["GET"]}}],"collection":[{"href":"https:\/\/www.europesays.com\/fr\/wp-json\/wp\/v2\/posts"}],"about":[{"href":"https:\/\/www.europesays.com\/fr\/wp-json\/wp\/v2\/types\/post"}],"author":[{"embeddable":true,"href":"https:\/\/www.europesays.com\/fr\/wp-json\/wp\/v2\/users\/2"}],"replies":[{"embeddable":true,"href":"https:\/\/www.europesays.com\/fr\/wp-json\/wp\/v2\/comments?post=431311"}],"version-history":[{"count":0,"href":"https:\/\/www.europesays.com\/fr\/wp-json\/wp\/v2\/posts\/431311\/revisions"}],"wp:featuredmedia":[{"embeddable":true,"href":"https:\/\/www.europesays.com\/fr\/wp-json\/wp\/v2\/media\/431312"}],"wp:attachment":[{"href":"https:\/\/www.europesays.com\/fr\/wp-json\/wp\/v2\/media?parent=431311"}],"wp:term":[{"taxonomy":"category","embeddable":true,"href":"https:\/\/www.europesays.com\/fr\/wp-json\/wp\/v2\/categories?post=431311"},{"taxonomy":"post_tag","embeddable":true,"href":"https:\/\/www.europesays.com\/fr\/wp-json\/wp\/v2\/tags?post=431311"}],"curies":[{"name":"wp","href":"https:\/\/api.w.org\/{rel}","templated":true}]}}