{"id":431320,"date":"2025-10-01T14:31:11","date_gmt":"2025-10-01T14:31:11","guid":{"rendered":"https:\/\/www.europesays.com\/fr\/431320\/"},"modified":"2025-10-01T14:31:11","modified_gmt":"2025-10-01T14:31:11","slug":"lallemagne-est-elle-impuissante-face-aux-incursions-de-drones","status":"publish","type":"post","link":"https:\/\/www.europesays.com\/fr\/431320\/","title":{"rendered":"L\u2019Allemagne est-elle \u201cimpuissante\u201d face aux incursions de drones ?"},"content":{"rendered":"\n<p>\u201cDe multiples drones ont \u00e9t\u00e9 observ\u00e9s au-dessus du Schleswig-Holstein, et ce dans un contexte nettement plus volatil qu\u2019on ne le pensait auparavant\u201d, <a href=\"https:\/\/www.spiegel.de\/politik\/deutschland\/kiel-verdaechtige-drohnen-spaehten-offenbar-kritische-infrastruktur-aus-a-a059a087-badd-4e11-856c-f0db8dc322a7\" target=\"_blank\" rel=\"noopener\">assure <strong>Der Spiegel<\/strong><\/a><strong>.<\/strong> Ces engins volants aper\u00e7us la semaine derni\u00e8re dans le nord de l\u2019Allemagne auraient en r\u00e9alit\u00e9 survol\u00e9 des infrastructures strat\u00e9giques. Un h\u00f4pital, une centrale \u00e9lectrique, une raffinerie, une entreprise de construction navale et le si\u00e8ge du gouvernement r\u00e9gional sont notamment concern\u00e9s.<\/p>\n<p>\u201cCe qui s\u2019est pass\u00e9 dans le Schleswig-Holstein n\u2019est pas le seul incident qui, la semaine derni\u00e8re, a impliqu\u00e9 des drones et suscit\u00e9 des inqui\u00e9tudes en mati\u00e8re de s\u00e9curit\u00e9\u201d, pr\u00e9cise l\u2019hebdomadaire de Hambourg. Le 25\u00a0septembre, des drones non identifi\u00e9s ont \u00e9t\u00e9 aper\u00e7us non loin de la base militaire de Sanitz, en Mecklembourg-Pom\u00e9ranie-Occidentale.\u00a0Le lendemain, un incident similaire a \u00e9t\u00e9 r\u00e9pertori\u00e9 non loin d\u2019installations militaires situ\u00e9es \u00e0 Rostock, dans le nord du pays.<\/p>\n<p>Ces survols inqui\u00e8tent la presse allemande, car ils interviennent au moment o\u00f9 plusieurs pays europ\u00e9ens ont signal\u00e9 <a href=\"https:\/\/www.courrierinternational.com\/article\/geopolitique-moscou-teste-a-nouveau-l-otan-en-violant-l-espace-aerien-de-l-estonie_235374\" target=\"_blank\" rel=\"noopener\">des incursions dans leur espace a\u00e9rien<\/a>. \u201c\u00c0 chaque jour qui passe, il devient un peu plus clair que non seulement les drones hostiles paralysent le trafic a\u00e9rien au Danemark, mais aussi qu\u2019ils survolent r\u00e9guli\u00e8rement des entreprises de l\u2019indust<\/p>\n","protected":false},"excerpt":{"rendered":"\u201cDe multiples drones ont \u00e9t\u00e9 observ\u00e9s au-dessus du Schleswig-Holstein, et ce dans un contexte nettement plus volatil qu\u2019on&hellip;\n","protected":false},"author":2,"featured_media":431321,"comment_status":"","ping_status":"","sticky":false,"template":"","format":"standard","meta":{"footnotes":""},"categories":[1587],"tags":[11,672,1804,1805,1803,2024,4777,1777,674,1801,1892,12,2476,1802],"class_list":{"0":"post-431320","1":"post","2":"type-post","3":"status-publish","4":"format-standard","5":"has-post-thumbnail","7":"category-allemagne","8":"tag-actualites","9":"tag-allemagne","10":"tag-bundesrepublik-deutschland","11":"tag-de","12":"tag-deutschland","13":"tag-drones","14":"tag-espionnage","15":"tag-eu","16":"tag-europe","17":"tag-germany","18":"tag-gu00e9opolitique","19":"tag-news","20":"tag-politique-de-du00e9fense","21":"tag-republique-federale-dallemagne"},"share_on_mastodon":{"url":"https:\/\/pubeurope.com\/@fr\/115299397456523442","error":""},"_links":{"self":[{"href":"https:\/\/www.europesays.com\/fr\/wp-json\/wp\/v2\/posts\/431320","targetHints":{"allow":["GET"]}}],"collection":[{"href":"https:\/\/www.europesays.com\/fr\/wp-json\/wp\/v2\/posts"}],"about":[{"href":"https:\/\/www.europesays.com\/fr\/wp-json\/wp\/v2\/types\/post"}],"author":[{"embeddable":true,"href":"https:\/\/www.europesays.com\/fr\/wp-json\/wp\/v2\/users\/2"}],"replies":[{"embeddable":true,"href":"https:\/\/www.europesays.com\/fr\/wp-json\/wp\/v2\/comments?post=431320"}],"version-history":[{"count":0,"href":"https:\/\/www.europesays.com\/fr\/wp-json\/wp\/v2\/posts\/431320\/revisions"}],"wp:featuredmedia":[{"embeddable":true,"href":"https:\/\/www.europesays.com\/fr\/wp-json\/wp\/v2\/media\/431321"}],"wp:attachment":[{"href":"https:\/\/www.europesays.com\/fr\/wp-json\/wp\/v2\/media?parent=431320"}],"wp:term":[{"taxonomy":"category","embeddable":true,"href":"https:\/\/www.europesays.com\/fr\/wp-json\/wp\/v2\/categories?post=431320"},{"taxonomy":"post_tag","embeddable":true,"href":"https:\/\/www.europesays.com\/fr\/wp-json\/wp\/v2\/tags?post=431320"}],"curies":[{"name":"wp","href":"https:\/\/api.w.org\/{rel}","templated":true}]}}