{"id":431337,"date":"2025-10-01T14:44:12","date_gmt":"2025-10-01T14:44:12","guid":{"rendered":"https:\/\/www.europesays.com\/fr\/431337\/"},"modified":"2025-10-01T14:44:12","modified_gmt":"2025-10-01T14:44:12","slug":"decathlon-cma-cgm-annonce-un-nouveau-partenaire-pour-2026","status":"publish","type":"post","link":"https:\/\/www.europesays.com\/fr\/431337\/","title":{"rendered":"Decathlon CMA CGM annonce un nouveau partenaire pour 2026"},"content":{"rendered":"<p><a href=\"https:\/\/www.ledauphine.com\/sport\/2025\/09\/08\/avec-l-arrivee-du-sprinteur-olav-kooij-decathlon-change-de-vitesse\" target=\"_blank\" rel=\"noopener\">Decathlon CMA CGM poursuit sa mutation<\/a>. Ce mardi, l&rsquo;\u00e9quipe cycliste a annonc\u00e9 via <a href=\"https:\/\/decathlonag2rlamondialeteam.com\/adecco-deviendra-partenaire-de-lequipe-decathlon-cma-cgm-des-2026\/\" target=\"_blank\" rel=\"noopener\">un communiqu\u00e9<\/a> avoir nou\u00e9 un nouveau partenariat avec Adecco \u00e0 partir du 1er janvier 2026. Et ce, pour plusieurs ann\u00e9es. Dominique Serieys, le directeur g\u00e9n\u00e9ral de l&rsquo;\u00e9quipe a comment\u00e9 cet accord.<\/p>\n<p>\u00ab L\u2019arriv\u00e9e d\u2019Adecco marque une nouvelle \u00e9tape dans notre d\u00e9veloppement et refl\u00e8te nos ambitions grandissantes, a-t-il expliqu\u00e9. Nous b\u00e2tissons un projet tourn\u00e9 vers l\u2019avenir, avec la volont\u00e9 de franchir de nouveaux paliers en mati\u00e8re de performance. Ce partenariat, conclu gr\u00e2ce \u00e0 la collaboration de VMATCH, renforce notre capacit\u00e9 \u00e0 accompagner nos coureurs dans leur progression vers le plus haut niveau mondial mais aussi de mettre en valeur les diff\u00e9rents m\u00e9tiers permettant la r\u00e9ussite de l\u2019\u00e9quipe. Avec Adecco, nous partageons la conviction que le succ\u00e8s se construit \u00e0 la fois sur la force du collectif et l\u2019exigence dans la performance. \u00bb<\/p>\n","protected":false},"excerpt":{"rendered":"Decathlon CMA CGM poursuit sa mutation. Ce mardi, l&rsquo;\u00e9quipe cycliste a annonc\u00e9 via un communiqu\u00e9 avoir nou\u00e9 un&hellip;\n","protected":false},"author":2,"featured_media":431338,"comment_status":"","ping_status":"","sticky":false,"template":"","format":"standard","meta":{"footnotes":""},"categories":[1411],"tags":[1154,207,4633,1701,1011,27,5508,517,1947,60],"class_list":{"0":"post-431337","1":"post","2":"type-post","3":"status-publish","4":"format-standard","5":"has-post-thumbnail","7":"category-cyclisme","8":"tag-cycling","9":"tag-cyclisme","10":"tag-decathlon-ag2r-la-mondiale-cyclisme","11":"tag-fil-info-sport","12":"tag-fr","13":"tag-france","14":"tag-savoie","15":"tag-sport","16":"tag-sport-national","17":"tag-sports"},"share_on_mastodon":{"url":"https:\/\/pubeurope.com\/@fr\/115299448551988233","error":""},"_links":{"self":[{"href":"https:\/\/www.europesays.com\/fr\/wp-json\/wp\/v2\/posts\/431337","targetHints":{"allow":["GET"]}}],"collection":[{"href":"https:\/\/www.europesays.com\/fr\/wp-json\/wp\/v2\/posts"}],"about":[{"href":"https:\/\/www.europesays.com\/fr\/wp-json\/wp\/v2\/types\/post"}],"author":[{"embeddable":true,"href":"https:\/\/www.europesays.com\/fr\/wp-json\/wp\/v2\/users\/2"}],"replies":[{"embeddable":true,"href":"https:\/\/www.europesays.com\/fr\/wp-json\/wp\/v2\/comments?post=431337"}],"version-history":[{"count":0,"href":"https:\/\/www.europesays.com\/fr\/wp-json\/wp\/v2\/posts\/431337\/revisions"}],"wp:featuredmedia":[{"embeddable":true,"href":"https:\/\/www.europesays.com\/fr\/wp-json\/wp\/v2\/media\/431338"}],"wp:attachment":[{"href":"https:\/\/www.europesays.com\/fr\/wp-json\/wp\/v2\/media?parent=431337"}],"wp:term":[{"taxonomy":"category","embeddable":true,"href":"https:\/\/www.europesays.com\/fr\/wp-json\/wp\/v2\/categories?post=431337"},{"taxonomy":"post_tag","embeddable":true,"href":"https:\/\/www.europesays.com\/fr\/wp-json\/wp\/v2\/tags?post=431337"}],"curies":[{"name":"wp","href":"https:\/\/api.w.org\/{rel}","templated":true}]}}