{"id":431343,"date":"2025-10-01T14:47:12","date_gmt":"2025-10-01T14:47:12","guid":{"rendered":"https:\/\/www.europesays.com\/fr\/431343\/"},"modified":"2025-10-01T14:47:12","modified_gmt":"2025-10-01T14:47:12","slug":"dans-camera-obscura-la-fabrique-du-nous-yolaine-lacolonge-questionne-le-role-du-cinema-a-travers-le-regard-de-trois-realisateurs-corses","status":"publish","type":"post","link":"https:\/\/www.europesays.com\/fr\/431343\/","title":{"rendered":"Dans \u00ab\u00a0Camera Obscura, La fabrique du nous\u00a0\u00bb, Yolaine Lacolonge questionne le r\u00f4le du cin\u00e9ma \u00e0 travers le regard de trois r\u00e9alisateurs corses"},"content":{"rendered":"<p class=\"article__intro\">Pr\u00e9sent\u00e9 ce mercredi 1er octobre en avant-premi\u00e8re au cin\u00e9ma Laetitia d\u2019Ajaccio, le documentaire \u00ab\u00a0Camera Obscura, La fabrique du nous\u00a0\u00bb de Yolaine Lacolonge s\u2019int\u00e9resse au regard de trois cin\u00e9astes insulaires qui mettent en sc\u00e8ne la Corse contemporaine : Thierry de Peretti, Julien Colonna et Fr\u00e9d\u00e9ric Farrucci. L\u2019occasion d\u2019interroger la puissance des images et le r\u00f4le du cin\u00e9ma dans la soci\u00e9t\u00e9.<\/p>\n<p>\n      La Quotidienne Soci\u00e9t\u00e9\n    <\/p>\n<p>\n      De la vie quotidienne aux grands enjeux, recevez tous les jours les sujets qui font la soci\u00e9t\u00e9 locale, comme la justice, l\u2019\u00e9ducation, la sant\u00e9 et la famille.\n    <\/p>\n<p>    France T\u00e9l\u00e9visions utilise votre adresse e-mail afin de vous envoyer la newsletter \u00ab\u00a0La Quotidienne Soci\u00e9t\u00e9\u00a0\u00bb. Vous pouvez vous d\u00e9sinscrire \u00e0 tout moment via le lien en bas de cette newsletter. <a target=\"_blank\" href=\"https:\/\/www.francetelevisions.fr\/groupe\/confidentialite\/politique-de-confidentialite\/politique-de-confidentialite-de-france-televisions-6503\" rel=\"nofollow noopener\">Notre politique de confidentialit\u00e9<\/a><\/p>\n<p>\u00ab\u00a0\u00c0 son image\u00a0\u00bb de <a href=\"https:\/\/france3-regions.franceinfo.fr\/corse\/corse-du-sud\/thierry-de-peretti-faire-des-films-ou-la-corse-n-est-pas-qu-une-carte-postale-cela-cree-du-lien-3007547.html\" target=\"_blank\" rel=\"noopener nofollow\">Thierry de Peretti<\/a>, <a href=\"https:\/\/france3-regions.franceinfo.fr\/corse\/avant-premiere-du-film-le-royaume-en-corse-tres-emouvant-et-captivant-3048355.html\" target=\"_blank\" rel=\"noopener nofollow\">\u00ab\u00a0Le Royaume\u00a0\u00bb<\/a> de Julien Colonna, <a href=\"https:\/\/france3-regions.franceinfo.fr\/corse\/un-mohican-film-du-realisateur-corse-frederic-farrucci-presente-a-la-mostra-de-venise-3025589.html\" target=\"_blank\" rel=\"noopener nofollow\">\u00ab\u00a0Le Mohican\u00a0\u00bb<\/a> de Fr\u00e9d\u00e9ric Farrucci.\u00a0Ces trois films ont marqu\u00e9 l\u2019ann\u00e9e 2024 en Corse. <\/p>\n<p>Tourn\u00e9s au m\u00eame moment dans l\u2019\u00eele, ils ont suscit\u00e9 l\u2019int\u00e9r\u00eat de Yolaine Lacolonge, qui y a vu \u00ab\u00a0un alignement de plan\u00e8tes\u00a0\u00bb et a donc d\u00e9cid\u00e9 de r\u00e9aliser un documentaire autour de ces trois cin\u00e9astes qui portent chacun leur vision de la soci\u00e9t\u00e9 insulaire.<\/p>\n<p>L&rsquo;occasion pour la r\u00e9alisatrice de 56 ans, dont c\u2019est le tout premier film, d\u2019interroger plus largement sur le r\u00f4le du cin\u00e9ma en \u00ab\u00a0laissant la porte ouverte sur des d\u00e9bats\u00a0\u00bb. <\/p>\n<p>\u00ab\u00a0Camera Obscura, La fabrique du nous\u00a0\u00bb sera pr\u00e9sent\u00e9 ce mercredi 1er octobre \u00e0 20 heures 30 en avant-premi\u00e8re au cin\u00e9ma Laetitia d\u2019Ajaccio dans le cadre du festival Passion Cin\u00e9ma. <\/p>\n<p>Produit par Mouvement, en coproduction avec T\u00e9l\u00e9 Paese et en partenariat avec France 3 Corse ViaStella, le documentaire\u00a0sera \u00e9galement projet\u00e9 ce dimanche 5 octobre \u00e0 15 heures au Spaziu Carlu-Rocchi de Biguglia \u00e0 l&rsquo;occasion d\u2019Arte Mare. Et le 28 octobre, \u00e0 Prunelli-di-Fiumorbo.<\/p>\n<p><a data-article-figure=\"\" href=\"https:\/\/france3-regions.franceinfo.fr\/image\/qHETpjA-BvKE5bcSdR2C3cSVfOA\/569x780\/regions\/2025\/10\/01\/camera-obscura-68dcd865a4f00799735625.png\" data-pswp-width=\"569\" data-pswp-height=\"780\" target=\"_blank\" rel=\"nofollow noopener\"><\/p>\n<p>          <img width=\"600\" height=\"400\" class=\"article-image lazy\" data-src=\"https:\/\/www.europesays.com\/fr\/wp-content\/uploads\/2025\/10\/camera-obscura-68dcd865a4f00799735625.png\" alt=\"Le documentaire \u201cCamera Obscura, La fabrique du nous\u201d de Yolaine Lacolonge s\u2019int\u00e9resse au regard de trois cin\u00e9astes insulaires qui mettent en sc\u00e8ne la Corse contemporaine.\" fetchpriority=\"high\" as=\"image\"\/><\/p>\n<p>\n            Le documentaire \u201cCamera Obscura, La fabrique du nous\u201d de Yolaine Lacolonge s\u2019int\u00e9resse au regard de trois cin\u00e9astes insulaires qui mettent en sc\u00e8ne la Corse contemporaine.<br \/>\n                           \u2022<br \/>\n                                      \u00a9 DR\n                      <\/p>\n<p><\/a><\/p>\n<p><strong>France 3 Corse ViaStella : Dans votre documentaire \u00ab\u00a0Camera Obscura, La fabrique du nous\u00a0\u00bb, vous avez choisi de vous int\u00e9resser \u00e0 trois r\u00e9alisateurs insulaires : Thierry de Peretti (\u00ab\u00a0\u00c0 son image\u00a0\u00bb), Julien Colonna (\u00ab\u00a0Le Royaume\u00a0\u00bb) et Fr\u00e9d\u00e9ric Farrucci (\u00ab\u00a0Le Mohican\u00a0\u00bb). Tournages, th\u00e8mes, d\u00e9cors, les trois films pr\u00e9sentent des similitudes. Est-ce cette proximit\u00e9 qui vous a conduit \u00e0 r\u00e9aliser ce documentaire ?<\/strong><\/p>\n<p><strong>Yolaine Lacolonge :<\/strong> C&rsquo;est vraiment la question de la temporalit\u00e9. Quand j&rsquo;ai r\u00e9alis\u00e9 que ces trois films allaient se tourner en m\u00eame temps &#8211; ce qui n&rsquo;\u00e9tait pas forc\u00e9ment pr\u00e9vu au d\u00e9part -, j&rsquo;ai eu l&rsquo;intuition de me dire que c&rsquo;\u00e9tait quand m\u00eame in\u00e9dit ce qu&rsquo;il \u00e9tait en train de se passer : trois longs-m\u00e9trages de trois cin\u00e9astes corses qui se tournent en m\u00eame temps sur des d\u00e9cors voisins, avec des techniciens dont certains vont aller d&rsquo;un tournage \u00e0 un autre, des figurants qui vont aller d&rsquo;un tournage \u00e0 un autre&#8230; Donc c&rsquo;est v\u00e9ritablement cet alignement des plan\u00e8tes un peu fou quand m\u00eame pour une \u00eele de 350 000 habitants qui m&rsquo;a interpell\u00e9e. Quand on sait ce que cela repr\u00e9sente de r\u00e9aliser un long-m\u00e9trage, c&rsquo;est quand m\u00eame une concordance assez incroyable. Cette temporalit\u00e9-l\u00e0 a donc vraiment \u00e9t\u00e9 le point de d\u00e9part. C&rsquo;est ce qui a suscit\u00e9 l&rsquo;intuition, le d\u00e9sir de raconter ce moment-l\u00e0&#8230;<\/p>\n<p><strong>Filmer des r\u00e9alisateurs, cela repr\u00e9sente une forme de mise en abyme, qu\u2019avez-vous voulu montrer en utilisant ce proc\u00e9d\u00e9 ?<\/strong><\/p>\n<p>L\u2019int\u00e9r\u00eat c&rsquo;\u00e9tait de me demander : \u00ab\u00a0Que racontent ces cin\u00e9astes ?\u00a0\u00bb Ils ont trois univers diff\u00e9rents, mais ils parlent tous les trois de la Corse contemporaine. Et en plus, pour la premi\u00e8re fois depuis Colomba, il y a des h\u00e9ro\u00efnes. Ce qui est quand m\u00eame assez nouveau.<\/p>\n<p><strong>Cela a-t-il constitu\u00e9 un point<\/strong><strong> d\u00e9terminant dans votre volont\u00e9 de vous int\u00e9resser \u00e0 ces films ?<\/strong><\/p>\n<p>Je me suis dit qu\u2019il y avait quand m\u00eame \u00e0 la fois cette temporalit\u00e9 que j&rsquo;\u00e9voquais et en plus, ces trois films ont des h\u00e9ro\u00efnes, ce qui est quand m\u00eame assez nouveau dans la repr\u00e9sentation qu&rsquo;on peut avoir de la Corse au cin\u00e9ma. Car cette repr\u00e9sentation est habituellement tr\u00e8s masculine.<\/p>\n<p><strong>Comment interpr\u00e9tez-vous ce choix des r\u00e9alisateurs ?<\/strong><\/p>\n<p>Moi je n&rsquo;interpr\u00e8te pas, je donne \u00e0 voir. Ce n&rsquo;est pas mon r\u00f4le d&rsquo;interpr\u00e9ter. Mon r\u00f4le, c&rsquo;\u00e9tait de donner la parole \u00e0 ces cin\u00e9astes, de mani\u00e8re un peu plus approfondie que ce qui peut \u00eatre fait lors de la promotion, afin qu&rsquo;ils pr\u00e9sentent chacun leur film. L\u2019id\u00e9e \u00e9tait de leur donner la parole, de leur permettre de parler de leur travail, de les questionner justement sur ce choix, et en m\u00eame temps de raconter, de tenter de capturer ces moments de tournage, ces moments o\u00f9 les films sont sortis, pour voir ce que cela raconte de la Corse et comment tout cela est per\u00e7u \u00e0 la fois par les gens qui ont particip\u00e9 \u00e0 ces films et par le public.<\/p>\n<blockquote>\n<blockquote class=\"ftvi_content_quote\">\n<p class=\"ftvi_citation_quote\">Donner \u00e0 r\u00e9fl\u00e9chir sur ce que peut \u00eatre le cin\u00e9ma.<\/p>\n<\/blockquote>\n<\/blockquote>\n<p><strong>Vous avez voulu donner la parole \u00e0 ces trois r\u00e9alisateurs qui tous ont fait le choix de filmer la Corse contemporaine, qu\u2019est-ce qui vous a marqu\u00e9 dans le regard qu\u2019ils portent sur l\u2019\u00eele ?<\/strong><\/p>\n<p>Il faut voir le film, je pense que c&rsquo;est le film qui raconte \u00e7a, ce n&rsquo;est pas moi&#8230; L&rsquo;int\u00e9r\u00eat, c&rsquo;est le film. Mais il n&rsquo;est pas l\u00e0 pour apporter des r\u00e9ponses. En tout cas, mon objectif c&rsquo;\u00e9tait de r\u00e9aliser un documentaire qui capture ces moments-l\u00e0 pour permettre d&rsquo;ouvrir ensuite des discussions, des d\u00e9bats, des r\u00e9flexions&#8230; Je ne suis ni critique de cin\u00e9ma, ni ethnologue, ni sociologue, ni historienne du cin\u00e9ma. Avec ma petite cam\u00e9ra, j&rsquo;ai essay\u00e9 de donner la parole, de capturer des moments et de poser des choses dans ce film pour ensuite laisser la porte ouverte \u00e0 des d\u00e9bats.<\/p>\n<p><strong>Et quels types de d\u00e9bats justement, selon vous, cela peut ou doit ouvrir ?<\/strong><\/p>\n<p>Ils sont nombreux. Que raconte-t-on de la Corse ? Qu&rsquo;est-ce que le cin\u00e9ma ? Est-il est l\u00e0 pour repr\u00e9senter la soci\u00e9t\u00e9 ou non ? Doit-il avoir juste son r\u00f4le, c&rsquo;est-\u00e0-dire celui d\u2019une fiction, d\u2019un d\u00e9sir de cin\u00e9aste ? Ce sont \u00e0 la fois des questionnements sur le cin\u00e9ma et sur la Corse. Mais ma volont\u00e9 n&rsquo;\u00e9tait pas non plus de faire une historiographie du cin\u00e9ma en Corse. Parce qu&rsquo;\u00e0 ce moment-l\u00e0, il y a plein d&rsquo;autres cin\u00e9astes : <a href=\"https:\/\/france3-regions.franceinfo.fr\/corse\/haute-corse\/bastia\/l-equipe-du-film-le-clan-en-tournee-pour-une-serie-d-avant-premieres-dans-les-salles-de-cinema-de-corse-2647828.html\" target=\"_blank\" rel=\"noopener nofollow\">\u00c9ric Fraticelli<\/a> qui fait de la com\u00e9die, <a href=\"https:\/\/france3-regions.franceinfo.fr\/corse\/corse-du-sud\/un-an-apres-son-passage-a-cannes-le-film-i-comete-arrive-enfin-sur-les-ecrans-de-corse-2528908.html\" target=\"_blank\" rel=\"noopener nofollow\">Pascal Tagnati<\/a> du film d&rsquo;auteur, <a href=\"https:\/\/france3-regions.franceinfo.fr\/corse\/interview-caroline-poggi-et-jonathan-vinel-au-festival-de-cannes-on-aime-vraiment-filmer-la-corse-2975561.html\" target=\"_blank\" rel=\"noopener nofollow\">Caroline Poggi<\/a> qui a la Corse est en elle, m\u00eame si l&rsquo;\u00eele n&rsquo;est pas r\u00e9ellement pr\u00e9sente dans son cin\u00e9ma&#8230; Bref, il y a de nombreuses autres propositions, et cela aurait \u00e9t\u00e9 un travail diff\u00e9rent. L\u00e0, c&rsquo;est juste un moment captur\u00e9 de cette temporalit\u00e9-l\u00e0. <\/p>\n<blockquote class=\"ftvi_content_quote\">\n<p class=\"ftvi_citation_quote\">C&rsquo;est une petite fen\u00eatre, un espace sur un temps donn\u00e9 qui, je l&rsquo;esp\u00e8re, va donner \u00e0 r\u00e9fl\u00e9chir sur ce que peut \u00eatre le cin\u00e9ma<\/p>\n<\/blockquote>\n<p><strong>Si l&rsquo;on s&rsquo;int\u00e9resse au r\u00f4le du cin\u00e9ma dans la soci\u00e9t\u00e9, ces trois films traitent chacun \u00e0 leur mani\u00e8re de la question du crime organis\u00e9 en Corse, et certains membres des collectifs antimafia avaient alert\u00e9 sur un risque de glorification de la violence. Qu\u2019en pensez-vous ?<\/strong><\/p>\n<p>Je ne vais pas d\u00e9florer mon film puisque cette question-l\u00e0 y est abord\u00e9e. Les r\u00e9ponses sont \u00e0 trouver dans ces portes que j&rsquo;essaie d&rsquo;ouvrir pour susciter la discussion. Mais, encore une fois, je ne suis ni sociologue, ni ethnologue. Ce que je pense, c&rsquo;est que le cin\u00e9ma, c&rsquo;est le cin\u00e9ma. Le cin\u00e9ma, c&rsquo;est un d\u00e9sir de cin\u00e9aste, c&rsquo;est un d\u00e9sir d&rsquo;artiste, c&rsquo;est son point de vue et on doit le respecter. C&rsquo;est peut-\u00eatre la r\u00e9ponse la plus simple que je pourrais apporter.<\/p>\n<p><strong>\u00ab\u00a0Camera Obscura, La fabrique du nous\u00a0\u00bb est votre premier film. Cette exp\u00e9rience vous a-t-elle donn\u00e9 envie de vous diriger vers d\u2019autres projets ?<\/strong><\/p>\n<p>Oui je travaille sur d\u2019autres projets, mais c\u2019est en effet un premier film donc j\u2019aborde tout cela\u00a0avec beaucoup d&rsquo;humilit\u00e9. Je suis une \u00ab\u00a0vieille jeune r\u00e9alisatrice\u00a0\u00bb, puisque j&rsquo;ai 56 ans, je ne suis pas toute\u00a0jeune et c&rsquo;est un grand r\u00eave que je r\u00e9alise. Je mesure la chance d&rsquo;avoir pu le faire et je remercie ces trois cin\u00e9astes qui m&rsquo;ont permis de le r\u00e9aliser. C&rsquo;est une petite fen\u00eatre, un espace sur un temps donn\u00e9 qui, peut-\u00eatre, je l&rsquo;esp\u00e8re en tout cas, va donner \u00e0 r\u00e9fl\u00e9chir sur ce que peut \u00eatre le cin\u00e9ma, ce qu\u2019il peut apporter ou pas.<\/p>\n","protected":false},"excerpt":{"rendered":"Pr\u00e9sent\u00e9 ce mercredi 1er octobre en avant-premi\u00e8re au cin\u00e9ma Laetitia d\u2019Ajaccio, le documentaire \u00ab\u00a0Camera Obscura, La fabrique du&hellip;\n","protected":false},"author":2,"featured_media":431344,"comment_status":"","ping_status":"","sticky":false,"template":"","format":"standard","meta":{"footnotes":""},"categories":[1358],"tags":[1348,1384,1385,1386,58,59,1011,27],"class_list":{"0":"post-431343","1":"post","2":"type-post","3":"status-publish","4":"format-standard","5":"has-post-thumbnail","7":"category-arts-et-design","8":"tag-arts","9":"tag-arts-and-design","10":"tag-arts-et-design","11":"tag-design","12":"tag-divertissement","13":"tag-entertainment","14":"tag-fr","15":"tag-france"},"share_on_mastodon":{"url":"https:\/\/pubeurope.com\/@fr\/115299460337197534","error":""},"_links":{"self":[{"href":"https:\/\/www.europesays.com\/fr\/wp-json\/wp\/v2\/posts\/431343","targetHints":{"allow":["GET"]}}],"collection":[{"href":"https:\/\/www.europesays.com\/fr\/wp-json\/wp\/v2\/posts"}],"about":[{"href":"https:\/\/www.europesays.com\/fr\/wp-json\/wp\/v2\/types\/post"}],"author":[{"embeddable":true,"href":"https:\/\/www.europesays.com\/fr\/wp-json\/wp\/v2\/users\/2"}],"replies":[{"embeddable":true,"href":"https:\/\/www.europesays.com\/fr\/wp-json\/wp\/v2\/comments?post=431343"}],"version-history":[{"count":0,"href":"https:\/\/www.europesays.com\/fr\/wp-json\/wp\/v2\/posts\/431343\/revisions"}],"wp:featuredmedia":[{"embeddable":true,"href":"https:\/\/www.europesays.com\/fr\/wp-json\/wp\/v2\/media\/431344"}],"wp:attachment":[{"href":"https:\/\/www.europesays.com\/fr\/wp-json\/wp\/v2\/media?parent=431343"}],"wp:term":[{"taxonomy":"category","embeddable":true,"href":"https:\/\/www.europesays.com\/fr\/wp-json\/wp\/v2\/categories?post=431343"},{"taxonomy":"post_tag","embeddable":true,"href":"https:\/\/www.europesays.com\/fr\/wp-json\/wp\/v2\/tags?post=431343"}],"curies":[{"name":"wp","href":"https:\/\/api.w.org\/{rel}","templated":true}]}}