{"id":431347,"date":"2025-10-01T14:49:10","date_gmt":"2025-10-01T14:49:10","guid":{"rendered":"https:\/\/www.europesays.com\/fr\/431347\/"},"modified":"2025-10-01T14:49:10","modified_gmt":"2025-10-01T14:49:10","slug":"laurent-fontaine-balance-sur-cet","status":"publish","type":"post","link":"https:\/\/www.europesays.com\/fr\/431347\/","title":{"rendered":"Laurent Fontaine balance sur cet &#8230;"},"content":{"rendered":"<p>EN BREF<\/p>\n<ul class=\"bloc_resume_post_list\">\n<li>Le 22 septembre, dans l\u00a0\u00bb\u00e9mission &lsquo;Tout beau tout n9uf&rsquo;,<br \/>\nLaurent Fontaine a partag\u00e9 une anecdote sur Jack Lang.<\/li>\n<li>Jack Lang a demand\u00e9 \u00e0 inviter un chanteur qu&rsquo;il<br \/>\npr\u00e9tendait ne pas conna\u00eetre lors de l&rsquo;\u00e9mission.<\/li>\n<li>Les chroniqueurs ont aussi d\u00e9battu du capital sympathie<br \/>\nd&rsquo;Eric Dupont-Moretti, avec des avis nuanc\u00e9s.<\/li>\n<\/ul>\n<p>Le 22 septembre, l&rsquo;heure \u00e9tait au \u00ab\u00a0d\u00e9bat\u00a0\u00bb dans <a href=\"https:\/\/www.telestar.fr\/actu_tv\/question-du-week-end-tout-beau-tout-n9uf-le-retour-de-matthieu-delormeau-chez-cyril-hanouna-vous-choque-t-il-1737818\" target=\"_blank\" rel=\"noopener\"><br \/>\nTout beau tout n9uf<\/a>. Dans l&rsquo;\u00e9mission, apr\u00e8s quelques mots sur<br \/>\nle <a href=\"https:\/\/www.closermag.fr\/vecu\/proces-de-cedric-jubillar-ce-tres-etrange-appel-passe-a-la-soeur-de-delphine-au-matin-de-la-disparition-3583682\" target=\"_blank\" rel=\"noopener\"><br \/>\nproc\u00e8s C\u00e9dric Jubillar<\/a> et quelques autres sur les suppos\u00e9es<br \/>\naudiences qui d\u00e9collent, les chroniqueurs ont entrepris de<br \/>\n<strong>d\u00e9battre sur plusieurs personnalit\u00e9s politiques<\/strong>.<br \/>\nParmi elles, Anne Hidalgo, bien connue pour faire partie de t\u00eates<br \/>\nde turc redondantes de l&rsquo;\u00e9mission. Plus \u00e9tonnant, <strong>Jack Lang<br \/>\na eu le droit \u00e0 un nouveau costard<\/strong>. \u00ab\u00a0Il va prendre une<br \/>\nballe perdue, on sait pas pourquoi !\u00a0\u00bb a pr\u00e9venu <a href=\"https:\/\/www.telestar.fr\/actu_tv\/tbt9-cyril-hanouna-remplace-par-laurent-fontaine-la-jalousie-des-chroniqueurs-transpire-1739201\" target=\"_blank\" rel=\"noopener\"><br \/>\nLaurent Fontaine<\/a>.<\/p>\n<p>L&rsquo;ex pr\u00e9sentateur star de Y a que la v\u00e9rit\u00e9 qui compte<br \/>\na racont\u00e9 son anecdote : \u00ab\u00a0Donc Jack Lang est invit\u00e9 chez Cauet.<br \/>\nOn est contents de l&rsquo;avoir parce qu&rsquo;on a enfin un <strong>mec un<br \/>\npeu connu de la politique.<\/strong> Et une semaine avant, son<br \/>\ncabinet nous dit &lsquo;Il faut absolument inviter un mec, Jack Lang<br \/>\nl&rsquo;adore, il a \u00e9crit une chanson sur Boulogne-sur-Mer et sur Jack<br \/>\nLang et il l&rsquo;adore&rsquo;. Donc <strong>on invite le mec.<\/strong><br \/>\n\u00c9videmment, il est d\u00e9j\u00e0 au maquillage. Il vient avec sa petite<br \/>\nguitare\u00a0\u00bb. Sauf que les choses ne se sont pas vraiment pass\u00e9es<br \/>\ncomme pr\u00e9vu.<\/p>\n<p>Laurent Fontaine n&rsquo;aime pas du tout Jack Lang : \u00ab\u00a0Le mec<br \/>\nnous fait ch*er pendant une semaine&#8230;\u00a0\u00bb<\/p>\n<p>Une fois en plateau, ce \u00ab\u00a0mec\u00a0\u00bb fait sa chanson pour Jack Lang.<br \/>\n\u00ab\u00a0Sauf que sa chanson est d&rsquo;une telle guimauve&#8230; Vraiment,<br \/>\n<strong>le mec, c&rsquo;est le plus grand s*ceur du mond<\/strong>e\u00a0\u00bb,<br \/>\na poursuivi l&rsquo;ex acolyte de <a href=\"https:\/\/www.telestar.fr\/people\/pascal-bataille-sest-laisse-aller-face-au-cancer-lacolyte-de-laurent-fontaine-a-fait-comme-florent-pagny-1738237\" target=\"_blank\" rel=\"noopener\"><br \/>\nPascal Bataille<\/a>. \u00ab\u00a0Et l\u00e0, actor studio total de <a href=\"https:\/\/www.telestar.fr\/culture\/photos-jack-lang-jean-paul-gaultier-l-hommage-des-stars-aux-obseques-d-yvette-357877\" target=\"_blank\" rel=\"noopener\"><br \/>\nJack Lang<\/a>, dont je rappelle que <strong>c&rsquo;est lui qui nous a<br \/>\ndemand\u00e9 de l&rsquo;inviter\u00a0\u00bb<\/strong>. Malgr\u00e9 cette demande, l&rsquo;ancien<br \/>\nMinistre de la culture a \u00ab\u00a0fait pendant cinq minutes totalement<br \/>\nsemblant de d\u00e9couvrir le mec\u00a0\u00bb.<\/p>\n<p>Une belle <strong>performance de mensonge<\/strong> qui a laiss\u00e9<br \/>\nle pr\u00e9sentateur sans voix. Sa conclusion ? \u00ab\u00a0Non mais l\u00e0, ce mec<br \/>\nqui nous a fait ch*er pendant une semaine pour faire venir ce<br \/>\ngar\u00e7on et qui, l\u00e0, pr\u00e9tend le d\u00e9couvrir, c&rsquo;est quand m\u00eame un mec<br \/>\nqui n&rsquo;est pas tout \u00e0 fait clean\u00a0\u00bb.<\/p>\n<p>Tout beau tout n9uf : et Eric<br \/>\nDupont-Moretti ? \u00ab\u00a0Difficile&#8230;\u00a0\u00bb\u00a0<\/p>\n<p><a href=\"https:\/\/www.telestar.fr\/actu_tv\/cyril-hanouna-sans-pitie-il-fait-fracasser-le-scooter-dun-de-ses-chroniqueurs-sur-tbt9-1740148\" target=\"_blank\" rel=\"noopener\"><br \/>\nCyril Hanouna<\/a> n&rsquo;a en tout cas pas eu l&rsquo;air choqu\u00e9 par cette<br \/>\nattitude un brin m\u00e9galo. \u00ab\u00a0Et alors ? <strong>Je sais pas ce<br \/>\nqu&rsquo;il a contre Jack Lang<\/strong> ! C&rsquo;est un mec tr\u00e8s sympa !\u00a0\u00bb<br \/>\na-t-il consid\u00e9r\u00e9. \u00ab\u00a0Je m&rsquo;en fous, je n&rsquo;ai rien contre lui. Mais<br \/>\nil n&rsquo;est PAS sympa ! Voil\u00e0, tu me demandes, je te le dis, il n&rsquo;est<br \/>\nPAS sympa !\u00a0\u00bb a renforc\u00e9 Laurent Fontaine.<\/p>\n<p>Il a aussi \u00e9t\u00e9 question de <strong>commenter le capital<br \/>\nsympathie d&rsquo;Eric Dupont-Moretti.<\/strong> Cette fois, l&rsquo;avis du<br \/>\n<a href=\"https:\/\/www.telestar.fr\/actu_tv\/tbt9-cyril-hanouna-remplace-par-laurent-fontaine-la-jalousie-des-chroniqueurs-transpire-1739201\" target=\"_blank\" rel=\"noopener\"><br \/>\nchroniqueur<\/a> s&rsquo;est fait plus mesur\u00e9. \u00ab\u00a0Je n&rsquo;ai pas dit qu&rsquo;il<br \/>\nn&rsquo;\u00e9tait pas sympa, j&rsquo;ai dit qu&rsquo;il \u00e9tait difficile d&rsquo;acc\u00e8s, voil\u00e0<br \/>\n!\u00a0\u00bb<\/p>\n","protected":false},"excerpt":{"rendered":"EN BREF Le 22 septembre, dans l\u00a0\u00bb\u00e9mission &lsquo;Tout beau tout n9uf&rsquo;, Laurent Fontaine a partag\u00e9 une anecdote sur&hellip;\n","protected":false},"author":2,"featured_media":431348,"comment_status":"","ping_status":"","sticky":false,"template":"","format":"standard","meta":{"footnotes":""},"categories":[1356],"tags":[548,58,59,1011,27,252,22497,49534,1364],"class_list":{"0":"post-431347","1":"post","2":"type-post","3":"status-publish","4":"format-standard","5":"has-post-thumbnail","7":"category-television","8":"tag-article-simple","9":"tag-divertissement","10":"tag-entertainment","11":"tag-fr","12":"tag-france","13":"tag-television","14":"tag-tout-beau","15":"tag-tout-n9uf","16":"tag-tv"},"share_on_mastodon":{"url":"https:\/\/pubeurope.com\/@fr\/115299468337960457","error":""},"_links":{"self":[{"href":"https:\/\/www.europesays.com\/fr\/wp-json\/wp\/v2\/posts\/431347","targetHints":{"allow":["GET"]}}],"collection":[{"href":"https:\/\/www.europesays.com\/fr\/wp-json\/wp\/v2\/posts"}],"about":[{"href":"https:\/\/www.europesays.com\/fr\/wp-json\/wp\/v2\/types\/post"}],"author":[{"embeddable":true,"href":"https:\/\/www.europesays.com\/fr\/wp-json\/wp\/v2\/users\/2"}],"replies":[{"embeddable":true,"href":"https:\/\/www.europesays.com\/fr\/wp-json\/wp\/v2\/comments?post=431347"}],"version-history":[{"count":0,"href":"https:\/\/www.europesays.com\/fr\/wp-json\/wp\/v2\/posts\/431347\/revisions"}],"wp:featuredmedia":[{"embeddable":true,"href":"https:\/\/www.europesays.com\/fr\/wp-json\/wp\/v2\/media\/431348"}],"wp:attachment":[{"href":"https:\/\/www.europesays.com\/fr\/wp-json\/wp\/v2\/media?parent=431347"}],"wp:term":[{"taxonomy":"category","embeddable":true,"href":"https:\/\/www.europesays.com\/fr\/wp-json\/wp\/v2\/categories?post=431347"},{"taxonomy":"post_tag","embeddable":true,"href":"https:\/\/www.europesays.com\/fr\/wp-json\/wp\/v2\/tags?post=431347"}],"curies":[{"name":"wp","href":"https:\/\/api.w.org\/{rel}","templated":true}]}}