{"id":431349,"date":"2025-10-01T14:50:13","date_gmt":"2025-10-01T14:50:13","guid":{"rendered":"https:\/\/www.europesays.com\/fr\/431349\/"},"modified":"2025-10-01T14:50:13","modified_gmt":"2025-10-01T14:50:13","slug":"accuse-de-violences-par-son-ex-compagne-le-rappeur-sort-de-garde-a-vue-sans-poursuites","status":"publish","type":"post","link":"https:\/\/www.europesays.com\/fr\/431349\/","title":{"rendered":"Accus\u00e9 de violences par son ex-compagne, le rappeur sort de garde \u00e0 vue sans poursuites"},"content":{"rendered":"<p>\u00c7a patine dans l\u2019affaire du <a href=\"https:\/\/www.20minutes.fr\/arts-stars\/nekfeu\/\" class=\"c-link c-link--is-underlined\" target=\"_blank\" rel=\"noopener\">rappeur Nekfeu<\/a>. Une fois encore, dans le conflit qui l\u2019oppose notamment \u00e0 son ex-femme, apr\u00e8s une <a href=\"https:\/\/www.20minutes.fr\/dossier\/garde_a_vue\" class=\"c-link c-link--is-underlined\" target=\"_blank\" rel=\"noopener\">garde \u00e0 vue<\/a> dans l\u2019enqu\u00eate pour des faits de <a href=\"https:\/\/www.20minutes.fr\/dossier\/viol\" class=\"c-link c-link--is-underlined\" target=\"_blank\" rel=\"noopener\">viol<\/a>, <a href=\"https:\/\/www.20minutes.fr\/dossier\/agression_sexuelle\" class=\"c-link c-link--is-underlined\" target=\"_blank\" rel=\"noopener\">agressions sexuelles<\/a> et <a href=\"https:\/\/www.20minutes.fr\/monde\/violences\/\" class=\"c-link c-link--is-underlined\" target=\"_blank\" rel=\"noopener\">violences<\/a> habituelles sur conjoint d\u00e9nonc\u00e9s par son ex-compagne, le chanteur a finalement <a href=\"https:\/\/www.20minutes.fr\/faits_divers\/faits-divers-paris\/4176085-20250930-nekfeu-rappeur-place-garde-vue-apres-plaintes-viol-violences-ex-compagne\" target=\"_blank\" class=\"c-link c-link--is-underlined\" rel=\"noopener\">\u00e9t\u00e9 remis en libert\u00e9<\/a>. Et sans poursuites \u00e0 ce stade.<\/p>\n<p>Cela revient \u00e0 pr\u00e9sent au parquet de Paris, (qui n\u2019a pas r\u00e9pondu aux sollicitations de l\u2019AFP) de d\u00e9cider des suites \u00e0 donner, et tout reste ouvert\u00a0: des investigations compl\u00e9mentaires, un classement sans suite, une citation \u00e0 compara\u00eetre en proc\u00e8s ou encore une ouverture d\u2019une information judiciaire\u2026 Contact\u00e9e, l\u2019avocate de Nekfeu, Me Marie-Alix Canu-Bernard, n\u2019a \u00e9galement pas donn\u00e9 suite.<\/p>\n<p>Un conflit oppose <a href=\"https:\/\/www.20minutes.fr\/justice\/4144437-20250320-ex-epouse-nekfeu-accuse-viol-condamnee-non-presentation-enfant\" target=\"_blank\" class=\"c-link c-link--is-underlined\" rel=\"noopener\">depuis de longs mois Nekfeu<\/a>, Ken Samaras de son vrai nom, \u00e0 son ex-conjointe. Le parquet de Paris a class\u00e9 sans suites entre septembre\u00a02023 et mai\u00a02024 trois plaintes successives de son ex-\u00e9pouse pour viol, violence ou harc\u00e8lement.<\/p>\n<p>Un conflit qui dure<\/p>\n<p>La garde \u00e0 vue de lundi s\u2019inscrit dans le cadre d\u2019une <a href=\"https:\/\/www.20minutes.fr\/justice\/\" class=\"c-link c-link--is-underlined\" target=\"_blank\" rel=\"noopener\">nouvelle plainte<\/a> d\u00e9pos\u00e9e par cette femme pour les m\u00eames faits, selon des sources proches du dossier. Pour rappel, en novembre\u00a02024, Nekfeu, \u00e2g\u00e9 aujourd\u2019hui de 35 ans, avait d\u00e9nonc\u00e9 dans un communiqu\u00e9 les <a href=\"https:\/\/www.20minutes.fr\/faits_divers\/4119403-20241104-nekfeu-ex-compagne-rappeur-annonce-depot-plainte-viols-violences-repetes\" target=\"_blank\" class=\"c-link c-link--is-underlined\" rel=\"noopener\">\u00ab\u00a0intentions malveillantes\u00a0\u00bb de son ex-femme<\/a>, en faisant \u00e9tat d\u2019un conflit autour de leur fils dont la r\u00e9sidence principale a \u00e9t\u00e9 fix\u00e9e chez lui, avec droit de visite et d\u2019h\u00e9bergement pour la m\u00e8re.<\/p>\n<\/p>\n<p>Quatre mois plus tard, en mars\u00a02025, cette derni\u00e8re a \u00e9t\u00e9 condamn\u00e9e par le tribunal correctionnel de Paris \u00e0 deux mois d\u2019emprisonnement avec sursis pour non-repr\u00e9sentation d\u2019enfants \u00e0 plusieurs reprises en\u00a02024, ce dont elle a fait appel, selon une source judiciaire. Elle sera d\u2019ailleurs de nouveau jug\u00e9e le 7\u00a0janvier prochain pour n\u2019avoir \u00e0 nouveau <a href=\"https:\/\/www.20minutes.fr\/faits_divers\/faits-divers-paris\/4119563-20241104-nekfeu-accuse-viols-tout-comprendre-bataille-judiciaire-mediatique-entre-rappeur-ex-femme\" target=\"_blank\" class=\"c-link c-link--is-underlined\" rel=\"noopener\">pas remis l\u2019enfant \u00e0 son p\u00e8re<\/a> \u00e0 plusieurs reprises entre avril et juin derniers, d\u2019apr\u00e8s la m\u00eame source.<\/p>\n<p>Dans un communiqu\u00e9 fin janvier, des avocats de la plaignante avaient d\u00e9nonc\u00e9 un \u00ab\u00a0traitement policier et judiciaire de ce dossier pour le moins atypique [\u2026] en raison de l\u2019asym\u00e9trie de traitement entre les faits extr\u00eamement graves susceptibles d\u2019\u00eatre reproch\u00e9s \u00e0 Ken Samaras et l\u2019attitude d\u2019une m\u00e8re qui a toujours eu le souci de prot\u00e9ger son enfant\u00a0\u00bb.<\/p>\n","protected":false},"excerpt":{"rendered":"\u00c7a patine dans l\u2019affaire du rappeur Nekfeu. Une fois encore, dans le conflit qui l\u2019oppose notamment \u00e0 son&hellip;\n","protected":false},"author":2,"featured_media":431350,"comment_status":"","ping_status":"","sticky":false,"template":"","format":"standard","meta":{"footnotes":""},"categories":[1355],"tags":[47,1267,58,847,59,1011,27,7774,662,303,1361,873,31011,626,10857,6198,104,1265,798,797],"class_list":{"0":"post-431349","1":"post","2":"type-post","3":"status-publish","4":"format-standard","5":"has-post-thumbnail","7":"category-musique","8":"tag-actualite","9":"tag-agression-sexuelle","10":"tag-divertissement","11":"tag-enfant","12":"tag-entertainment","13":"tag-fr","14":"tag-france","15":"tag-garde-a-vue","16":"tag-ile-de-france","17":"tag-justice","18":"tag-music","19":"tag-musique","20":"tag-nekfeu","21":"tag-paris","22":"tag-parquet-de-paris","23":"tag-rappeur","24":"tag-societe","25":"tag-viol","26":"tag-violences-conjugales","27":"tag-violences-faites-aux-femmes"},"share_on_mastodon":{"url":"https:\/\/pubeurope.com\/@fr\/115299472240665900","error":""},"_links":{"self":[{"href":"https:\/\/www.europesays.com\/fr\/wp-json\/wp\/v2\/posts\/431349","targetHints":{"allow":["GET"]}}],"collection":[{"href":"https:\/\/www.europesays.com\/fr\/wp-json\/wp\/v2\/posts"}],"about":[{"href":"https:\/\/www.europesays.com\/fr\/wp-json\/wp\/v2\/types\/post"}],"author":[{"embeddable":true,"href":"https:\/\/www.europesays.com\/fr\/wp-json\/wp\/v2\/users\/2"}],"replies":[{"embeddable":true,"href":"https:\/\/www.europesays.com\/fr\/wp-json\/wp\/v2\/comments?post=431349"}],"version-history":[{"count":0,"href":"https:\/\/www.europesays.com\/fr\/wp-json\/wp\/v2\/posts\/431349\/revisions"}],"wp:featuredmedia":[{"embeddable":true,"href":"https:\/\/www.europesays.com\/fr\/wp-json\/wp\/v2\/media\/431350"}],"wp:attachment":[{"href":"https:\/\/www.europesays.com\/fr\/wp-json\/wp\/v2\/media?parent=431349"}],"wp:term":[{"taxonomy":"category","embeddable":true,"href":"https:\/\/www.europesays.com\/fr\/wp-json\/wp\/v2\/categories?post=431349"},{"taxonomy":"post_tag","embeddable":true,"href":"https:\/\/www.europesays.com\/fr\/wp-json\/wp\/v2\/tags?post=431349"}],"curies":[{"name":"wp","href":"https:\/\/api.w.org\/{rel}","templated":true}]}}