{"id":431353,"date":"2025-10-01T14:52:10","date_gmt":"2025-10-01T14:52:10","guid":{"rendered":"https:\/\/www.europesays.com\/fr\/431353\/"},"modified":"2025-10-01T14:52:10","modified_gmt":"2025-10-01T14:52:10","slug":"articulations-muscles-peau-le-nouveau-collagene-de-vital-proteins-est-une-vraie-cure-de-jouvence","status":"publish","type":"post","link":"https:\/\/www.europesays.com\/fr\/431353\/","title":{"rendered":"Articulations, muscles, peau : le nouveau collag\u00e8ne de Vital Proteins est une vraie cure de jouvence"},"content":{"rendered":"<p>Vous pensiez tout conna\u00eetre du <a href=\"https:\/\/www.closermag.fr\/beaute\/peau-cheveux-muscles-le-collagene-nouveau-secret-de-beaute-3508662\" rel=\"nofollow noopener\" target=\"_blank\"><br \/>\ncollag\u00e8ne<\/a> ? D\u00e9trompez-vous : <strong data-start=\"270\" data-end=\"303\">Vital Proteins Active Complex<\/strong> d\u00e9barque comme la<br \/>\nversion ultra-boost\u00e9e du<br \/>\nbien-\u00eatre int\u00e9rieur et ext\u00e9rieur. Plus qu\u2019un simple compl\u00e9ment,<br \/>\nc\u2019est une promesse \u2014 et une invitation \u00e0 se sentir beau, fort et<br \/>\nrayonnant !<\/p>\n<p>Une formule sp\u00e9ciale pour les sportifs mais pas que<\/p>\n<blockquote class=\"instagram-media\" style=\"background: #ffffff;border: 0;margin: 1px;width: 100%;padding: 0;max-width: 500px;\" data-instgrm-permalink=\"https:\/\/www.instagram.com\/p\/DO8xe6Yk_\" data-instgrm-version=\"14\"\/>\n<p>Avec <strong data-start=\"537\" data-end=\"558\">10g de<br \/>\ncollag\u00e8ne<\/strong> par dose, <a href=\"https:\/\/www.vitalproteins.fr\/active-complex.html?options=Quantit%C3%A9%2FVolume_357+g&amp;options=Saveur_Citron\" target=\"_blank\" rel=\"nofollow noopener\">Active Complex<\/a> offre<br \/>\nune base solide pour soutenir la fermet\u00e9 cutan\u00e9e. Mais ce qui fait<br \/>\ntoute la diff\u00e9rence, c\u2019est le cocktail enrichi qui l\u2019accompagne : Vitamines B2, B6, C<br \/>\net D, Glycine, Magn\u00e9sium, Calcium, Zinc et Acide Hyaluronique.<br \/>\nR\u00e9sultat ? Un soutien global parfaitement adapt\u00e9 aux sportifs pour<br \/>\noffrir des b\u00e9n\u00e9fices sur votre performance physique mais aussi \u00e0<br \/>\ntoutes personnes souhaitant am\u00e9liorer la sant\u00e9 de ses<br \/>\n<strong>articulations, os, muscles et tendons<\/strong>.<\/p>\n<p>Contrairement \u00e0 la version classique de la marque, Active<br \/>\nComplex propose un go\u00fbt citronn\u00e9 (flavor \u00ab\u00a0lemon\u00a0\u00bb) pour rendre la<br \/>\nprise gouteuse, tandis que sa formule \u00ab\u00a0sans gluten\u00a0\u00bb garantit une<br \/>\ncompatibilit\u00e9 avec de nombreux r\u00e9gimes. Les atouts qui font la<br \/>\ndiff\u00e9rence ?<\/p>\n<ul data-start=\"1150\" data-end=\"1722\">\n<li data-start=\"1150\" data-end=\"1278\">\n<p data-start=\"1152\" data-end=\"1278\"><strong data-start=\"1152\" data-end=\"1180\">Action beaut\u00e9 et jeunesse<\/strong> : le collag\u00e8ne<br \/>\nbooste l\u2019\u00e9lasticit\u00e9 de la peau, att\u00e9nue les ridules et redonne un<br \/>\n\u00e9clat naturel.<\/p>\n<\/li>\n<li data-start=\"1279\" data-end=\"1439\">\n<p data-start=\"1281\" data-end=\"1439\"><strong data-start=\"1281\" data-end=\"1309\">Formule \u00ab\u00a0tout-terrain\u00a0\u00bb<\/strong>\u00a0:<br \/>\nL\u2019association des min\u00e9raux (calcium, magn\u00e9sium) et des vitamines<br \/>\n(D, K) renforce la structure osseuse et la vitalit\u00e9 globale.<\/p>\n<\/li>\n<li data-start=\"1440\" data-end=\"1578\">\n<p data-start=\"1442\" data-end=\"1578\"><strong data-start=\"1442\" data-end=\"1485\">Renforcement musculaire &amp; articulations<\/strong> :<br \/>\nideal pour celles qui bougent, font du sport ou veulent pr\u00e9venir<br \/>\nles g\u00eanes articulaires.<\/p>\n<\/li>\n<li data-start=\"1579\" data-end=\"1722\">\n<p data-start=\"1581\" data-end=\"1722\"><strong data-start=\"1581\" data-end=\"1602\">Simple \u00e0 int\u00e9grer<\/strong> : un <a href=\"https:\/\/www.closermag.fr\/beaute\/routine-beaute-les-sticks-de-vital-proteins-must-have-des-vanity-pour-les-vacances-3564294\" rel=\"nofollow noopener\" target=\"_blank\"><br \/>\nstick<\/a> ou une dose quotidienne, dans de l\u2019eau, un smoothie ou un<br \/>\njus\u2009\u2014\u2009pas besoin de mode de pr\u00e9paration complexe.<\/p>\n<\/li>\n<\/ul>\n<p>Collag\u00e8ne : pourquoi adopter Active<br \/>\nComplex maintenant ?<\/p>\n<p>Pour rappel, nous vieillissons, et d\u00e8s <strong>25\u201330 ans, la<br \/>\nproduction naturelle de collag\u00e8ne ralentit<\/strong>. Il faut donc<br \/>\noffrir \u00e0 notre corps les bons \u00ab\u00a0ingr\u00e9dients\u00a0\u00bb pour rester tonique.<br \/>\nActive Complex va plus loin que les collag\u00e8nes classiques : il<br \/>\noffre une vraie synergie, pas un simple suppl\u00e9ment. Imaginez une<br \/>\nroutine beaut\u00e9 qui ne se limite plus \u00e0 des cr\u00e8mes externes, mais<br \/>\nqui agit de l\u2019int\u00e9rieur, sur les fondations m\u00eames de votre peau,<br \/>\nvos muscles, vos os. Alors, pr\u00eat.e.s \u00e0 tenter l\u2019exp\u00e9rience ? Votre<br \/>\ncorps ne vous en dira que du bien.<\/p>\n<p><script async src=\"\/\/www.instagram.com\/embed.js\"><\/script><\/p>\n","protected":false},"excerpt":{"rendered":"Vous pensiez tout conna\u00eetre du collag\u00e8ne ? D\u00e9trompez-vous : Vital Proteins Active Complex d\u00e9barque comme la version ultra-boost\u00e9e&hellip;\n","protected":false},"author":2,"featured_media":431354,"comment_status":"","ping_status":"","sticky":false,"template":"","format":"standard","meta":{"footnotes":""},"categories":[10],"tags":[1011,27,72,71,47189,517],"class_list":{"0":"post-431353","1":"post","2":"type-post","3":"status-publish","4":"format-standard","5":"has-post-thumbnail","7":"category-sante","8":"tag-fr","9":"tag-france","10":"tag-health","11":"tag-sante","12":"tag-soin-de-la-peau","13":"tag-sport"},"share_on_mastodon":{"url":"https:\/\/pubeurope.com\/@fr\/115299479995065626","error":""},"_links":{"self":[{"href":"https:\/\/www.europesays.com\/fr\/wp-json\/wp\/v2\/posts\/431353","targetHints":{"allow":["GET"]}}],"collection":[{"href":"https:\/\/www.europesays.com\/fr\/wp-json\/wp\/v2\/posts"}],"about":[{"href":"https:\/\/www.europesays.com\/fr\/wp-json\/wp\/v2\/types\/post"}],"author":[{"embeddable":true,"href":"https:\/\/www.europesays.com\/fr\/wp-json\/wp\/v2\/users\/2"}],"replies":[{"embeddable":true,"href":"https:\/\/www.europesays.com\/fr\/wp-json\/wp\/v2\/comments?post=431353"}],"version-history":[{"count":0,"href":"https:\/\/www.europesays.com\/fr\/wp-json\/wp\/v2\/posts\/431353\/revisions"}],"wp:featuredmedia":[{"embeddable":true,"href":"https:\/\/www.europesays.com\/fr\/wp-json\/wp\/v2\/media\/431354"}],"wp:attachment":[{"href":"https:\/\/www.europesays.com\/fr\/wp-json\/wp\/v2\/media?parent=431353"}],"wp:term":[{"taxonomy":"category","embeddable":true,"href":"https:\/\/www.europesays.com\/fr\/wp-json\/wp\/v2\/categories?post=431353"},{"taxonomy":"post_tag","embeddable":true,"href":"https:\/\/www.europesays.com\/fr\/wp-json\/wp\/v2\/tags?post=431353"}],"curies":[{"name":"wp","href":"https:\/\/api.w.org\/{rel}","templated":true}]}}