{"id":431357,"date":"2025-10-01T14:54:11","date_gmt":"2025-10-01T14:54:11","guid":{"rendered":"https:\/\/www.europesays.com\/fr\/431357\/"},"modified":"2025-10-01T14:54:11","modified_gmt":"2025-10-01T14:54:11","slug":"une-information-qui-est-fausse-francois-civil-dement-la-grossesse-dadele-exarchopoulos","status":"publish","type":"post","link":"https:\/\/www.europesays.com\/fr\/431357\/","title":{"rendered":"\u00ab\u00a0Une information qui est fausse\u00a0\u00bb\u00a0: Fran\u00e7ois Civil d\u00e9ment la grossesse d\u2019Ad\u00e8le Exarchopoulos"},"content":{"rendered":"<p class=\"paragraph text_align_left lp-f-body-02\">\u00ab Je n\u2019ai communiqu\u00e9 sur rien \u00bb. Interrog\u00e9 par nos confr\u00e8res de M 6, <a href=\"https:\/\/www.leparisien.fr\/oise-60\/compiegne-60200\/en-pamoison-devant-francois-civil-dans-la-rue-des-tournages-les-habitants-entre-ras-le-bol-et-curiosite-07-09-2025-TFPWEQ7BXRGFNITTG5TOBBXCMI.php\" target=\"_blank\" rel=\"noreferrer nofollow noopener\">l\u2019acteur Fran\u00e7ois Civil<\/a> a d\u00e9menti publiquement ce mercredi 1er octobre la grossesse de sa compagne Ad\u00e8le Exarchopoulos. <a href=\"https:\/\/www.leparisien.fr\/culture-loisirs\/cinema\/francois-civil-dartagnan-dans-les-trois-mousquetaires-il-a-fallu-mouiller-le-maillot-02-04-2023-UKBUNA53L5HMPMFXOD633YOT6I.php\" target=\"_blank\" rel=\"noreferrer nofollow noopener\">L\u2019interpr\u00e8te de D\u2019Artagnan dans \u00ab Les Trois Mousquetaires \u00bb<\/a> est revenu sur l\u2019information r\u00e9v\u00e9l\u00e9e par Paris Match dans son num\u00e9ro du 25 septembre selon laquelle il s\u2019appr\u00eatait \u00e0 accueillir son premier enfant avec l\u2019actrice.<\/p>\n<p class=\"paragraph text_align_left lp-f-body-02\">\u00ab Ma vie priv\u00e9e m\u2019est ch\u00e8re. Donc j\u2019essaye de la garder priv\u00e9e. La preuve, je crois que je n\u2019ai communiqu\u00e9 sur rien de rien et je vais continuer \u00e0 faire comme \u00e7a \u00bb. \u00ab Il y a eu une couverture de magazine qui est sortie (\u2026) qui r\u00e9pand une information qui est fausse \u00bb, a-t-il expliqu\u00e9 au micro de Nathalie Renoux.<\/p>\n<blockquote class=\"twitter-tweet\">\n<p lang=\"fr\" dir=\"ltr\">Non, Fran\u00e7ois Civil et Ad\u00e8le Exarchopoulos n\u2019attendent pas un b\u00e9b\u00e9, contrairement \u00e0 ce qu\u2019annon\u00e7ait un magazine \u00e0 la fin du mois de septembre. Interrog\u00e9 par <a href=\"https:\/\/twitter.com\/NathalieRenoux?ref_src=twsrc%5Etfw\" rel=\"nofollow noopener\" target=\"_blank\">@NathalieRenoux<\/a> sur les rumeurs qui ont cours sur sa vie priv\u00e9e, l\u2019acteur d\u00e9ment la grossesse de sa compagne et \u00e9trille\u2026 <a href=\"https:\/\/t.co\/487DEXhqXs\" rel=\"nofollow\">pic.twitter.com\/487DEXhqXs<\/a><\/p>\n<p>\u2014 M6 Info (@m6info) <a href=\"https:\/\/twitter.com\/m6info\/status\/1973313166193877347?ref_src=twsrc%5Etfw\" rel=\"nofollow noopener\" target=\"_blank\">October 1, 2025<\/a><\/p><\/blockquote>\n<p>\u00ab Je me tiens loin de cette presse-l\u00e0 \u00bb<\/p>\n<p class=\"paragraph text_align_left lp-f-body-02\">Le <a href=\"https:\/\/www.leparisien.fr\/culture-loisirs\/cinema\/dumas-diable-noir-omar-sy-vincent-cassel-et-francois-civil-au-casting-dun-biopic-sur-pere-dalexandre-dumas-05-05-2025-JQNCK6VXNZA3HLLWQZAJ5P227I.php\" target=\"_blank\" rel=\"noreferrer nofollow noopener\">com\u00e9dien de 35 ans<\/a> n\u2019a pas m\u00e2ch\u00e9 ses mots \u00e0 l\u2019\u00e9gard de l\u2019hebdomadaire, dont il a refus\u00e9 de prononcer le nom. \u00ab Je me tiens loin de cette presse-l\u00e0. Ce n\u2019est pas ce que je lis, ce n\u2019est pas ce qui m\u2019int\u00e9resse et j\u2019ai l\u2019impression qu\u2019on a des sujets d\u2019actualit\u00e9 autrement plus importants que des informations qui, eussent-elles \u00e9t\u00e9 vraies, n\u2019int\u00e9ressaient personne \u00bb, a-t-il encore insist\u00e9.<\/p>\n<p class=\"paragraph text_align_left lp-f-body-02\">Le couple, qui a crev\u00e9 l\u2019\u00e9cran dans \u00ab L\u2019amour ouf \u00bb de Gilles Lellouche l\u2019an dernier et avait d\u00e9j\u00e0 collabor\u00e9 dans \u00ab BAC Nord \u00bb, est ensemble plus d\u2019un an, comme l\u2019avait r\u00e9v\u00e9l\u00e9 \u00e0 Paris Match <a href=\"https:\/\/www.leparisien.fr\/culture-loisirs\/cinema\/moi-je-peux-mentir-en-interview-adele-exarchopoulos-metamorphosee-dans-laccident-de-piano-02-07-2025-K45KFFVOYZB47LDC7OA6ILJYYM.php\" target=\"_blank\" rel=\"noreferrer nofollow noopener\">Ad\u00e8le Exarchopoulos<\/a> en octobre 2024. Celle-ci est d\u00e9j\u00e0 m\u00e8re d\u2019un gar\u00e7on de 8 ans, n\u00e9 en avril 2017 de sa relation avec le rappeur Doums. Elle est \u00e9galement \u00e0 l\u2019affiche du nouveau film de C\u00e9dric Jimenez, \u00ab Chien 51 \u00bb, dont la sortie est pr\u00e9vue en salles le 15 octobre.<\/p>\n<p><script async src=\"https:\/\/platform.twitter.com\/widgets.js\" charset=\"utf-8\"><\/script><\/p>\n","protected":false},"excerpt":{"rendered":"\u00ab Je n\u2019ai communiqu\u00e9 sur rien \u00bb. Interrog\u00e9 par nos confr\u00e8res de M 6, l\u2019acteur Fran\u00e7ois Civil a&hellip;\n","protected":false},"author":2,"featured_media":431358,"comment_status":"","ping_status":"","sticky":false,"template":"","format":"standard","meta":{"footnotes":""},"categories":[8],"tags":[650,872,58,59,1011,27],"class_list":{"0":"post-431357","1":"post","2":"type-post","3":"status-publish","4":"format-standard","5":"has-post-thumbnail","7":"category-divertissement","8":"tag-cinema","9":"tag-culture-et-loisirs","10":"tag-divertissement","11":"tag-entertainment","12":"tag-fr","13":"tag-france"},"share_on_mastodon":{"url":"https:\/\/pubeurope.com\/@fr\/115299487907207490","error":""},"_links":{"self":[{"href":"https:\/\/www.europesays.com\/fr\/wp-json\/wp\/v2\/posts\/431357","targetHints":{"allow":["GET"]}}],"collection":[{"href":"https:\/\/www.europesays.com\/fr\/wp-json\/wp\/v2\/posts"}],"about":[{"href":"https:\/\/www.europesays.com\/fr\/wp-json\/wp\/v2\/types\/post"}],"author":[{"embeddable":true,"href":"https:\/\/www.europesays.com\/fr\/wp-json\/wp\/v2\/users\/2"}],"replies":[{"embeddable":true,"href":"https:\/\/www.europesays.com\/fr\/wp-json\/wp\/v2\/comments?post=431357"}],"version-history":[{"count":0,"href":"https:\/\/www.europesays.com\/fr\/wp-json\/wp\/v2\/posts\/431357\/revisions"}],"wp:featuredmedia":[{"embeddable":true,"href":"https:\/\/www.europesays.com\/fr\/wp-json\/wp\/v2\/media\/431358"}],"wp:attachment":[{"href":"https:\/\/www.europesays.com\/fr\/wp-json\/wp\/v2\/media?parent=431357"}],"wp:term":[{"taxonomy":"category","embeddable":true,"href":"https:\/\/www.europesays.com\/fr\/wp-json\/wp\/v2\/categories?post=431357"},{"taxonomy":"post_tag","embeddable":true,"href":"https:\/\/www.europesays.com\/fr\/wp-json\/wp\/v2\/tags?post=431357"}],"curies":[{"name":"wp","href":"https:\/\/api.w.org\/{rel}","templated":true}]}}