{"id":431359,"date":"2025-10-01T14:55:17","date_gmt":"2025-10-01T14:55:17","guid":{"rendered":"https:\/\/www.europesays.com\/fr\/431359\/"},"modified":"2025-10-01T14:55:17","modified_gmt":"2025-10-01T14:55:17","slug":"la-mise-a-jour-annuelle-de-windows-est-la-voici-ce-qui-change","status":"publish","type":"post","link":"https:\/\/www.europesays.com\/fr\/431359\/","title":{"rendered":"la mise \u00e0 jour annuelle de Windows est l\u00e0, voici ce qui change"},"content":{"rendered":"<p>Microsoft a lanc\u00e9 le d\u00e9ploiement de Windows 11 25H2, sa nouvelle mise \u00e0 jour annuelle. Celle-ci n\u2019apporte en r\u00e9alit\u00e9 qu\u2019assez peu de nouveaut\u00e9s et s\u2019av\u00e8re tr\u00e8s simple \u00e0 installer.<\/p>\n<p><a target=\"_blank\" href=\"https:\/\/images.frandroid.com\/wp-content\/uploads\/2025\/07\/windows-11.jpeg\" class=\"article-content__figure\" rel=\"noopener\"><img fetchpriority=\"high\" decoding=\"async\" loading=\"eager\" width=\"1200\" height=\"798\" src=\"https:\/\/www.europesays.com\/fr\/wp-content\/uploads\/2025\/10\/windows-11.jpeg\" alt=\"\" class=\"wp-image-2727681 wp-image wp-image\"  \/><\/a><\/p>\n<p>On vous en parle depuis plusieurs mois, elle est enfin l\u00e0 : la mise \u00e0 jour <a href=\"https:\/\/www.frandroid.com\/os\/windows\/2778739_windows-11-25h2-pourquoi-microsoft-najoute-aucune-nouveaute\" data-type=\"post\" data-id=\"2778739\" target=\"_blank\" rel=\"noopener\">Windows 11 25H2<\/a> sera progressivement d\u00e9ploy\u00e9e aupr\u00e8s de tous les utilisateurs de Windows 11 dans les prochains jours et semaines.<\/p>\n<p>Contrairement \u00e0 la d\u00e9cri\u00e9e mise \u00e0 jour 24H2, celle-ci n\u2019apportera pas de gros changements au noyau de Windows, mais plusieurs nouveaut\u00e9s et am\u00e9liorations par petite touche sur diff\u00e9rentes parties du syst\u00e8me.<\/p>\n<p>Les nouveaut\u00e9s de Windows 11 25H2<\/p>\n<p>Les diff\u00e9rents ajouts de Windows 11 25H2 ont \u00e9t\u00e9 test\u00e9s ces derniers mois par les membres du programme Insiders. Elles concernent tout d\u2019abord les diff\u00e9rents outils Copilot qui s\u2019offrent de nouvelles fonctionnalit\u00e9s.<\/p>\n<p>Recall voit son interface refondue pour un acc\u00e8s plus rapide \u00e0 ses principales options, comme les derni\u00e8res captures instantan\u00e9es ou les sites web les plus utilis\u00e9s. Click to Do affiche d\u00e9sormais un didacticiel pour apprendre \u00e0 utiliser le service. Copilot vous permettra aussi de trouver n\u2019importe quel param\u00e8tre Windows plus facilement en langage naturel, via un champ de recherche.<\/p>\n<p>Microsoft a aussi am\u00e9lior\u00e9 la fameuse barre des t\u00e2ches avec quelques nouveaut\u00e9s bienvenues. En vrac : l\u2019horloge peut de nouveau afficher les secondes, la recherche s\u2019am\u00e9liore pour vos fichiers locaux et <a href=\"https:\/\/www.frandroid.com\/marques\/microsoft\/2795451_windows-11-va-integrer-un-speedtest-pour-votre-connexion-internet-mais-ne-fait-les-choses-qua-moitie\" data-type=\"post\" data-id=\"2795451\" target=\"_blank\" rel=\"noopener\">un outil de test de d\u00e9bit internet<\/a> est disponible.<\/p>\n<p>Enfin, il est maintenant possible de <a href=\"https:\/\/www.frandroid.com\/actualites-generales\/2727595_windows-11-25h2-va-enfin-vous-permettre-de-faire-le-menage-dans-windows\" data-type=\"post\" data-id=\"2727595\" target=\"_blank\" rel=\"noopener\">supprimer les applications Microsoft pr\u00e9install\u00e9es<\/a> pour les versions Pro de Windows 11 ainsi que d\u2019activer la connectivit\u00e9 Wi-Fi 7 Entreprise.<\/p>\n<p>Comment installer Windows 11 25H2 sur votre PC<\/p>\n<p>Si Windows 11 ne vous propose pas encore la mise \u00e0 jour 25H2 sur votre PC, c\u2019est normal : elle sera d\u00e9ploy\u00e9e graduellement sur toutes les machines compatibles au courant des prochains mois.<\/p>\n<p>S\u2019agissant d\u2019une mise \u00e0 jour sous forme de package d\u2019activation, son installation s\u2019av\u00e8re tr\u00e8s rapide puisque les diff\u00e9rents paquets ont d\u00e9j\u00e0 \u00e9t\u00e9 impl\u00e9ment\u00e9s au sein de Windows 11 24H2. La mise \u00e0 jour 25H2 viendra seulement les activer.<\/p>\n<p>Pour forcer la mise \u00e0 jour, vous devez cocher l\u2019option \u00ab\u00a0Recevoir les derni\u00e8res mises \u00e0 jour d\u00e8s qu\u2019elles sont disponibles\u00a0\u00bb dans les param\u00e8tres de Windows Update.<\/p>\n<p>Retrouvez tous les articles de Frandroid directement sur Google. Abonnez-vous \u00e0 <a target=\"_blank\" href=\"https:\/\/shop.frandroid.com\/gpfrandroid\" rel=\"noopener\">notre profil Google<\/a> pour ne rien manquer !<\/p>\n","protected":false},"excerpt":{"rendered":"Microsoft a lanc\u00e9 le d\u00e9ploiement de Windows 11 25H2, sa nouvelle mise \u00e0 jour annuelle. Celle-ci n\u2019apporte en&hellip;\n","protected":false},"author":2,"featured_media":431360,"comment_status":"","ping_status":"","sticky":false,"template":"","format":"standard","meta":{"footnotes":""},"categories":[7],"tags":[1011,27,43,40,41,39,42,44,49546],"class_list":{"0":"post-431359","1":"post","2":"type-post","3":"status-publish","4":"format-standard","5":"has-post-thumbnail","7":"category-sciences-et-technologies","8":"tag-fr","9":"tag-france","10":"tag-science","11":"tag-science-and-technology","12":"tag-sciences","13":"tag-sciences-et-technologies","14":"tag-technologies","15":"tag-technology","16":"tag-windows-11-25h2"},"share_on_mastodon":{"url":"https:\/\/pubeurope.com\/@fr\/115299492183824244","error":""},"_links":{"self":[{"href":"https:\/\/www.europesays.com\/fr\/wp-json\/wp\/v2\/posts\/431359","targetHints":{"allow":["GET"]}}],"collection":[{"href":"https:\/\/www.europesays.com\/fr\/wp-json\/wp\/v2\/posts"}],"about":[{"href":"https:\/\/www.europesays.com\/fr\/wp-json\/wp\/v2\/types\/post"}],"author":[{"embeddable":true,"href":"https:\/\/www.europesays.com\/fr\/wp-json\/wp\/v2\/users\/2"}],"replies":[{"embeddable":true,"href":"https:\/\/www.europesays.com\/fr\/wp-json\/wp\/v2\/comments?post=431359"}],"version-history":[{"count":0,"href":"https:\/\/www.europesays.com\/fr\/wp-json\/wp\/v2\/posts\/431359\/revisions"}],"wp:featuredmedia":[{"embeddable":true,"href":"https:\/\/www.europesays.com\/fr\/wp-json\/wp\/v2\/media\/431360"}],"wp:attachment":[{"href":"https:\/\/www.europesays.com\/fr\/wp-json\/wp\/v2\/media?parent=431359"}],"wp:term":[{"taxonomy":"category","embeddable":true,"href":"https:\/\/www.europesays.com\/fr\/wp-json\/wp\/v2\/categories?post=431359"},{"taxonomy":"post_tag","embeddable":true,"href":"https:\/\/www.europesays.com\/fr\/wp-json\/wp\/v2\/tags?post=431359"}],"curies":[{"name":"wp","href":"https:\/\/api.w.org\/{rel}","templated":true}]}}