{"id":431361,"date":"2025-10-01T14:56:15","date_gmt":"2025-10-01T14:56:15","guid":{"rendered":"https:\/\/www.europesays.com\/fr\/431361\/"},"modified":"2025-10-01T14:56:15","modified_gmt":"2025-10-01T14:56:15","slug":"aux-etats-unis-les-entreprises-commenceront-a-repercuter-les-taxes-sur-les-consommateurs-dici-deux-a-trois-mois","status":"publish","type":"post","link":"https:\/\/www.europesays.com\/fr\/431361\/","title":{"rendered":"aux Etats-Unis, \u00ab\u00a0les entreprises commenceront \u00e0 r\u00e9percuter les taxes sur les consommateurs d\u2019ici deux \u00e0 trois mois\u00a0\u00bb"},"content":{"rendered":"\n<p class=\"article__paragraph  \">Gary Hufbauer est \u00e9conomiste sp\u00e9cialis\u00e9 dans le commerce international et chercheur au Peterson Institute for International Economics, un groupe de r\u00e9flexion bas\u00e9 \u00e0 Washington. Avec sa coll\u00e8gue Ye Zhang, ils ont publi\u00e9 deux articles en septembre sur la r\u00e9partition du co\u00fbt des droits de douane et sur l\u2019effet des politiques protectionnistes sur l\u2019emploi industriel.<\/p>\n<p>                      <img loading=\"lazy\" decoding=\"async\" src=\"https:\/\/www.europesays.com\/fr\/wp-content\/uploads\/2025\/10\/348a76a_upload-1-up77upbmb7pc-xnaphotostwo134358.jpg\" alt=\"Gary Clyde Hufbauer, chercheur principal \u00e0 l\u2019Institut Peterson d\u2019\u00e9conomie internationale, s\u2019exprime lors du deuxi\u00e8me Forum \u00e9conomique international de Hongqiao, \u00e0 Shangha\u00ef (Chine), le 5\u00a0novembre 2019.\"   width=\"664\" height=\"443\"\/>    Gary Clyde Hufbauer, chercheur principal \u00e0 l\u2019Institut Peterson d\u2019\u00e9conomie internationale, s\u2019exprime lors du deuxi\u00e8me Forum \u00e9conomique international de Hongqiao, \u00e0 Shangha\u00ef (Chine), le 5\u00a0novembre 2019.  FANG ZHE\/XINHUA\/MAXPPP                Selon vous, ce sont les entreprises am\u00e9ricaines qui, jusqu\u2019\u00e0 pr\u00e9sent, paient l\u2019essentiel des droits de douane. Comment \u00eates-vous parvenu \u00e0 cette conclusion\u00a0?           <\/p>\n<p class=\"article__paragraph  \">Nous avons proc\u00e9d\u00e9 par \u00e9limination. La premi\u00e8re \u00e9tape a \u00e9t\u00e9 de regarder si le prix des produits import\u00e9s a davantage augment\u00e9 que celui de ceux fabriqu\u00e9s aux Etats-Unis. L\u2019outil de suivi des prix, publi\u00e9 par trois chercheurs [Alberto Cavallo (Harvard), Paola Llamas (Northwestern University) et Franco Vazquez (Universidad de San Andres)], montre que la diff\u00e9rence au mois d\u2019ao\u00fbt \u00e9tait seulement autour de 2\u00a0%, par rapport \u00e0 l\u2019ann\u00e9e pass\u00e9e. Or, les droits de douane sont bien sup\u00e9rieurs \u00e0 cela. Ces donn\u00e9es montrent que les taxes ne sont pas beaucoup r\u00e9percut\u00e9es sur les consommateurs.<\/p>\n<p class=\"article__paragraph  \">La deuxi\u00e8me \u00e9tape a \u00e9t\u00e9 de regarder le rapport des douanes. Le prix des produits \u00e0 l\u2019arriv\u00e9e sur le sol am\u00e9ricain, avant la taxe, n\u2019a globalement pas baiss\u00e9. Cela veut dire que, contrairement \u00e0 ce que Donald Trump dit aux Am\u00e9ricains, les pays \u00e9trangers n\u2019ont pas absorb\u00e9 les droits de douane.<\/p>\n<p class=\"reading-mode-only \"><strong>Il vous reste 73.16% de cet article \u00e0 lire. La suite est r\u00e9serv\u00e9e aux abonn\u00e9s.<\/strong><\/p>\n","protected":false},"excerpt":{"rendered":"Gary Hufbauer est \u00e9conomiste sp\u00e9cialis\u00e9 dans le commerce international et chercheur au Peterson Institute for International Economics, un&hellip;\n","protected":false},"author":2,"featured_media":431362,"comment_status":"","ping_status":"","sticky":false,"template":"","format":"standard","meta":{"footnotes":""},"categories":[6],"tags":[35,33,34,1011,27],"class_list":{"0":"post-431361","1":"post","2":"type-post","3":"status-publish","4":"format-standard","5":"has-post-thumbnail","7":"category-economie","8":"tag-business","9":"tag-economie","10":"tag-economy","11":"tag-fr","12":"tag-france"},"share_on_mastodon":{"url":"https:\/\/pubeurope.com\/@fr\/115299495714360146","error":""},"_links":{"self":[{"href":"https:\/\/www.europesays.com\/fr\/wp-json\/wp\/v2\/posts\/431361","targetHints":{"allow":["GET"]}}],"collection":[{"href":"https:\/\/www.europesays.com\/fr\/wp-json\/wp\/v2\/posts"}],"about":[{"href":"https:\/\/www.europesays.com\/fr\/wp-json\/wp\/v2\/types\/post"}],"author":[{"embeddable":true,"href":"https:\/\/www.europesays.com\/fr\/wp-json\/wp\/v2\/users\/2"}],"replies":[{"embeddable":true,"href":"https:\/\/www.europesays.com\/fr\/wp-json\/wp\/v2\/comments?post=431361"}],"version-history":[{"count":0,"href":"https:\/\/www.europesays.com\/fr\/wp-json\/wp\/v2\/posts\/431361\/revisions"}],"wp:featuredmedia":[{"embeddable":true,"href":"https:\/\/www.europesays.com\/fr\/wp-json\/wp\/v2\/media\/431362"}],"wp:attachment":[{"href":"https:\/\/www.europesays.com\/fr\/wp-json\/wp\/v2\/media?parent=431361"}],"wp:term":[{"taxonomy":"category","embeddable":true,"href":"https:\/\/www.europesays.com\/fr\/wp-json\/wp\/v2\/categories?post=431361"},{"taxonomy":"post_tag","embeddable":true,"href":"https:\/\/www.europesays.com\/fr\/wp-json\/wp\/v2\/tags?post=431361"}],"curies":[{"name":"wp","href":"https:\/\/api.w.org\/{rel}","templated":true}]}}