{"id":431363,"date":"2025-10-01T14:57:10","date_gmt":"2025-10-01T14:57:10","guid":{"rendered":"https:\/\/www.europesays.com\/fr\/431363\/"},"modified":"2025-10-01T14:57:10","modified_gmt":"2025-10-01T14:57:10","slug":"la-russie-avance-dans-la-region-de-dnipropetrovsk","status":"publish","type":"post","link":"https:\/\/www.europesays.com\/fr\/431363\/","title":{"rendered":"la Russie avance dans la r\u00e9gion de Dnipropetrovsk"},"content":{"rendered":"<p>Si la v\u00e9racit\u00e9 de l\u2019information reste \u00e0 d\u00e9terminer, cela marquerait une avanc\u00e9e significative russe dans ce secteur.<\/p>\n<p class=\"fig-paragraph\">Dans la r\u00e9gion ukrainienne de\u00a0<a href=\"http:\/\/www.lefigaro.fr\/international\/guerre-en-ukraine-kiev-reconnait-que-les-troupes-russes-ont-penetre-dans-la-region-de-dnipropetrovsk-20250826\" target=\"_blank\" data-fig-type=\"NewsFlash\" rel=\"noopener nofollow\" data-gtm-custom-categorie=\"navigation\" data-gtm-custom-action=\"crossclick\" data-gtm-custom-label=\"Contextuel\" data-gtm-event=\"customEventSPE\" data-fig-domain=\"LEFIGARO\">Dnipropetrovsk<\/a>\u00a0(centre-est), Moscou a revendiqu\u00e9 mercredi 1er octobre la prise d&rsquo;un village situ\u00e9 \u00e0 12 kilom\u00e8tres de la r\u00e9gion voisine de\u00a0<a href=\"http:\/\/www.lefigaro.fr\/international\/a-donetsk-la-penurie-d-eau-n-en-finit-plus-de-s-aggraver-le-recit-de-l-envoye-special-du-figaro-20250904\" target=\"_blank\" data-fig-type=\"Article\" rel=\"noopener nofollow\" data-gtm-custom-categorie=\"navigation\" data-gtm-custom-action=\"crossclick\" data-gtm-custom-label=\"Contextuel\" data-gtm-event=\"customEventSPE\" data-fig-domain=\"LEFIGARO\">Donetsk<\/a>, ce qui marquerait une avanc\u00e9e significative dans ce secteur. Dans un communiqu\u00e9, le minist\u00e8re russe de la D\u00e9fense a affirm\u00e9 que ses soldats s&rsquo;\u00e9taient empar\u00e9s de Verbov\u00e9. Cette petite localit\u00e9 se trouve \u00e0 plus de 10 km de la fronti\u00e8re avec la r\u00e9gion de Donetsk.<\/p>\n<p class=\"fig-paragraph\">L&rsquo;AFP n&rsquo;est pas en mesure de confirmer la v\u00e9racit\u00e9 de cette revendication. La carte des analystes militaires du projet DeepState, proche de l&rsquo;arm\u00e9e ukrainienne, indique n\u00e9anmoins que les troupes russes sont tout pr\u00e8s de Verbov\u00e9. Ces dix derniers jours, selon cette carte du projet DeepState, les forces russes ont r\u00e9alis\u00e9 plusieurs avanc\u00e9es dans cette zone.<\/p>\n<p>                                    <a class=\"fig-a11y-skip a11y-hidden\" href=\"#fig-a11y-skip-main-inarticle\"><br \/>\n        Passer la publicit\u00e9<br \/>\n    <\/a><\/p>\n<p class=\"fig-paragraph\">Mieux \u00e9quip\u00e9es et surtout plus nombreuses, les forces russes continuent de mener des actions offensives sur le front en Ukraine depuis des mois et d&rsquo;y grignoter du terrain dans certains secteurs. Fin ao\u00fbt, l&rsquo;Ukraine avait pour la premi\u00e8re fois reconnu que les soldats russes avaient p\u00e9n\u00e9tr\u00e9 dans la r\u00e9gion de Dnipropetrovsk, o\u00f9 Moscou avait revendiqu\u00e9 des avanc\u00e9es d\u00e8s le mois de juillet \u00e0 la fronti\u00e8re avec la r\u00e9gion de Donetsk.<\/p>\n<p>20% du territoire ukrainien contr\u00f4l\u00e9 par la Russie<\/p>\n<p class=\"fig-paragraph\">L&rsquo;arm\u00e9e russe contr\u00f4le actuellement environ 20% du territoire ukrainien. Le Kremlin exige que l&rsquo;Ukraine se retire de certaines zones qu&rsquo;elle continue de partiellement administrer, notamment de la r\u00e9gion de Donetsk, en tant que condition pr\u00e9alable \u00e0 l&rsquo;arr\u00eat des hostilit\u00e9s. Kiev rejette cette id\u00e9e.<\/p>\n<p class=\"fig-paragraph\">La r\u00e9gion de Dnipropetrovsk ne fait pas partie des cinq r\u00e9gions ukrainiennes dont Moscou revendique l&rsquo;annexion, qui sont celles de Donetsk, Kherson, Lougansk, Zaporijjia et la Crim\u00e9e. En septembre le pr\u00e9sident ukrainien, Volodymyr Zelensky, avait affirm\u00e9 que son homologue russe Vladimir Poutine voulait \u00aboccuper toute l&rsquo;Ukraine\u00bb et ne s&rsquo;arr\u00eaterait pas tant que son but ne serait pas atteint.<\/p>\n","protected":false},"excerpt":{"rendered":"Si la v\u00e9racit\u00e9 de l\u2019information reste \u00e0 d\u00e9terminer, cela marquerait une avanc\u00e9e significative russe dans ce secteur. Dans&hellip;\n","protected":false},"author":2,"featured_media":431364,"comment_status":"","ping_status":"","sticky":false,"template":"","format":"standard","meta":{"footnotes":""},"categories":[5],"tags":[11,1011,27,131,14,12,132,28],"class_list":{"0":"post-431363","1":"post","2":"type-post","3":"status-publish","4":"format-standard","5":"has-post-thumbnail","7":"category-international","8":"tag-actualites","9":"tag-fr","10":"tag-france","11":"tag-guerre-en-ukraine","12":"tag-international","13":"tag-news","14":"tag-russie","15":"tag-world"},"share_on_mastodon":{"url":"https:\/\/pubeurope.com\/@fr\/115299499639707463","error":""},"_links":{"self":[{"href":"https:\/\/www.europesays.com\/fr\/wp-json\/wp\/v2\/posts\/431363","targetHints":{"allow":["GET"]}}],"collection":[{"href":"https:\/\/www.europesays.com\/fr\/wp-json\/wp\/v2\/posts"}],"about":[{"href":"https:\/\/www.europesays.com\/fr\/wp-json\/wp\/v2\/types\/post"}],"author":[{"embeddable":true,"href":"https:\/\/www.europesays.com\/fr\/wp-json\/wp\/v2\/users\/2"}],"replies":[{"embeddable":true,"href":"https:\/\/www.europesays.com\/fr\/wp-json\/wp\/v2\/comments?post=431363"}],"version-history":[{"count":0,"href":"https:\/\/www.europesays.com\/fr\/wp-json\/wp\/v2\/posts\/431363\/revisions"}],"wp:featuredmedia":[{"embeddable":true,"href":"https:\/\/www.europesays.com\/fr\/wp-json\/wp\/v2\/media\/431364"}],"wp:attachment":[{"href":"https:\/\/www.europesays.com\/fr\/wp-json\/wp\/v2\/media?parent=431363"}],"wp:term":[{"taxonomy":"category","embeddable":true,"href":"https:\/\/www.europesays.com\/fr\/wp-json\/wp\/v2\/categories?post=431363"},{"taxonomy":"post_tag","embeddable":true,"href":"https:\/\/www.europesays.com\/fr\/wp-json\/wp\/v2\/tags?post=431363"}],"curies":[{"name":"wp","href":"https:\/\/api.w.org\/{rel}","templated":true}]}}