{"id":431393,"date":"2025-10-01T15:14:10","date_gmt":"2025-10-01T15:14:10","guid":{"rendered":"https:\/\/www.europesays.com\/fr\/431393\/"},"modified":"2025-10-01T15:14:10","modified_gmt":"2025-10-01T15:14:10","slug":"le-festival-arrive-dans-quelques-jours-a-rennes-ce-quil-faut-savoir","status":"publish","type":"post","link":"https:\/\/www.europesays.com\/fr\/431393\/","title":{"rendered":"le festival arrive dans quelques jours \u00e0 Rennes, ce qu&rsquo;il faut savoir"},"content":{"rendered":"<p>            Par<br \/>\n        <strong><br \/>\n            <a href=\"https:\/\/actu.fr\/auteur\/laurene-fertin\" title=\"Consulter tous les articles de Laur\u00e8ne Fertin\" target=\"_blank\" rel=\"noopener\">Laur\u00e8ne Fertin<\/a><br \/>\n        <\/strong><\/p>\n<p>        Publi\u00e9 le<\/p>\n<p>            1 oct. 2025 \u00e0 16h11        <\/p>\n<p><strong>Du lundi\u00a06 au samedi 18\u00a0octobre 2025<\/strong>, Yaouank, le festival qui fait la part belle \u00e0 la culture bretonne, <strong>revient \u00e0 Rennes<\/strong> pour proposer moult <strong>fest-noz, concerts, veill\u00e9e<\/strong> ou encore <strong>bals.<\/strong><\/p>\n<p class=\" wall-content\">Si la billetterie est ouverte depuis l\u2019\u00e9t\u00e9, <strong>il reste encore des places<\/strong> pour festoyer comme il se doit, durant deux semaines (c\u2019est <a href=\"https:\/\/yaouank.bzh\/billetterie\/\" target=\"_blank\" rel=\"noopener\">ici<\/a>).<\/p>\n<p>La programmation<\/p>\n<p class=\" wall-content\">Cette ann\u00e9e, la plus grosse soir\u00e9e se d\u00e9roulera samedi 18 octobre au Libert\u00e9 avec, \u00e0 l\u2019affiche\u2009:<\/p>\n<ul class=\" wall-content\">\n<li><strong>Denez &amp; O\u2019Tridal,<\/strong> \u00ab\u2009une rencontre exceptionnelle de deux \u00e9nergies explosives, celle de Denez, ma\u00eetre du Kan-ha-Diskan, et de O\u2019Tridal, un des groupes phare de la musique bretonne \u00e0 danser\u2009\u00bb\u2009;<\/li>\n<\/ul>\n<p class=\" wall-content\">\n<ul class=\" wall-content\">\n<li><strong>Modkozomic &amp; Bagad Cap Caval<\/strong> \u2013 cr\u00e9ation Cap Kozmik, \u00ab\u2009le bagad Cap Caval m\u00eale son univers avec celui du groupe Modkozmik Galactik pour une exp\u00e9rience musicale unique alliant puissance orchestrale et rythmes envo\u00fbtants\u2009\u00bb\u2009;<\/li>\n<\/ul>\n<p class=\" wall-content\">\n<ul class=\" wall-content\">\n<li><strong>Sonerien Du,<\/strong> avec 5\u2009000 concerts en France, Sonerien Du propose \u00ab\u2009une musique festive, interg\u00e9n\u00e9rationnelle, port\u00e9e par des instruments traditionnels et des rythmes actuels\u2009\u00bb\u2009;<\/li>\n<\/ul>\n<p class=\" wall-content\">\n<ul class=\" wall-content\">\n<li><strong>Mad\u00e8n<\/strong>, qui \u00ab\u2009fait dialoguer m\u00e9lodies ancr\u00e9es et grooves percussifs\u2009\u00bb, les textes sont en \u00ab\u2009gallo, fran\u00e7ais et kr\u00e9ols (r\u00e9unionnais)\u2009\u00bb\u2009;<\/li>\n<\/ul>\n<p class=\" wall-content\">\n<ul class=\" wall-content\">\n<li><strong>Ampouailh<\/strong>, \u00ab\u2009les cinq musiciens d\u2019Ampouailh tissent une texture musicale moderne en restant fid\u00e8les \u00e0 des convictions essentielles\u2009: la danse, l\u2019\u00e9change, l\u2019\u00e9nergie\u2009\u00bb\u2009;<\/li>\n<\/ul>\n<p>Votre r\u00e9gion, votre actu !<\/p>\n<p>Recevez chaque jour les infos qui comptent pour vous.<\/p>\n<p>\t<a href=\"https:\/\/actu.fr\/newsletter\" class=\"ac-btn ac-btn--corner ac-btn--medium ac-btn--blue800\" target=\"_blank\" rel=\"noopener\">S&rsquo;incrire<\/a><\/p>\n<p class=\" wall-content\">\n<ul class=\" wall-content\">\n<li><strong>Talec \/ Le Sauze<\/strong>, qui ont saut\u00e9 le pas de se lancer en duo il y a un an, \u00ab\u2009pour notre [la] plus grande joie au vu de leur talent et de leur force \u00e0 faire lever les jambes lors d\u2019un fisel de haut vol\u2009!\u2009\u00bb\u2009;<\/li>\n<\/ul>\n<p class=\" wall-content\">\n<ul class=\" wall-content\">\n<li><strong>Enneade<\/strong>, \u00ab\u2009neuf divinit\u00e9s \u00e9gyptiennes qui r\u00e9unissent et incarnent les forces fondamentales de l\u2019univers\u2009\u00bb, \u00ab\u2009neuf voix singuli\u00e8res\u2009\u00bb qui vont s\u2019entrem\u00ealer avec cinq violons\u2009;<\/li>\n<\/ul>\n<p class=\" wall-content\">\n<ul class=\" wall-content\">\n<li><strong>YOUP\u00cb<\/strong>, signifiant en gallo \u00ab\u2009pousser des cris de joie\u2009\u00bb ou bien \u00ab\u2009appeler\u2009\u00bb ou encore \u00ab\u2009h\u00e9ler\u2009\u00bb, YOUP\u00cb \u00ab\u00a0sonne [\u2026] comme un appel \u00e0 la danse, \u00e0 l\u2019expression des corps et des voix, \u00e0 travers des textes traditionnels qui racontent des femmes fortes et parfois dr\u00f4les\u00a0\u00bb\u2009;<\/li>\n<\/ul>\n<p class=\" wall-content\">\n<ul class=\" wall-content\">\n<li><strong>Le Pottier \/ l\u2019Haridon<\/strong>, un duo form\u00e9 par Florian le Pottier (violon) et Yann-Ewen L\u2019Haridon (saxophone soprano, chant) \u00ab\u2009formant une rencontre musicale qui transportera [les participants(es)] dans l\u2019univers de la musique bretonne \u00e0 danser\u2009\u00bb\u2009;<\/li>\n<\/ul>\n<p class=\" wall-content\">\n<ul class=\" wall-content\">\n<li><strong>Gloubyboulgah<\/strong>, le groupe gagnant Tremplin Morgane (f\u00eate de la Bretagne au bar le Ty Anna) m\u00e9langeant violon, baryton, accord\u00e9on, clarinette et voix\u2009;<\/li>\n<li><strong>Strak<\/strong>, \u00ab\u2009un groupe [\u2026] compos\u00e9 de trois jeunes musiciens, Matthieu au uilleann pipes (cornemuse irlandaise, N.D.L.R], Simon \u00e0 la guitare et \u00c9mile \u00e0 l\u2019accord\u00e9on diatonique\u2009\u00bb, le ton se situe entre \u00ab\u2009airs traditionnels et compositions originales\u2009\u00bb\u2009;<\/li>\n<\/ul>\n<p class=\" wall-content\">\n<ul class=\" wall-content\">\n<li><strong>Bod<\/strong>, dont les m\u00e9lodies sont \u00ab\u2009issues de la tradition orale bretonne et leurs propres compositions\u2009\u00bb.<\/li>\n<\/ul>\n<p>D\u2019autres rendez-vous<\/p>\n<p class=\" wall-content\">Si l\u2019acm\u00e9 du festival est concentr\u00e9 samedi 18\u00a0octobre au Libert\u00e9 de Rennes, d\u2019autres concerts, bals et fest-noz sont propos\u00e9s, avec, notamment (liste non exhaustive)\u2009:<\/p>\n<p class=\" wall-content\">La programmation s\u2019\u00e9tend, pour certains \u00e9v\u00e9nements, jusqu\u2019au 7\u00a0novembre 2025. Pour regarder la programmation compl\u00e8te, c\u2019est <a href=\"https:\/\/yaouank.bzh\/programmation\/\" target=\"_blank\" rel=\"noopener\">ici<\/a>.<\/p>\n<p class=\" wall-content\">Personnalisez votre actualit\u00e9 en ajoutant vos villes et m\u00e9dias en favori avec <a href=\"https:\/\/moncompte.actu.fr\" title=\"D\u00e9couvez Mon Actu\" rel=\"nofollow noopener\" data-trk=\"{&quot;cta&quot;:{&quot;action&quot;:&quot;https:\\\/\\\/moncompte.actu.fr&quot;,&quot;category&quot;:&quot;mon compte&quot;,&quot;from&quot;:&quot;article footer&quot;,&quot;name&quot;:&quot;Mon actu&quot;,&quot;type&quot;:&quot;cta&quot;}}\" target=\"_blank\">Mon Actu<\/a>.<\/p>\n","protected":false},"excerpt":{"rendered":"Par Laur\u00e8ne Fertin Publi\u00e9 le 1 oct. 2025 \u00e0 16h11 Du lundi\u00a06 au samedi 18\u00a0octobre 2025, Yaouank, le&hellip;\n","protected":false},"author":2,"featured_media":431394,"comment_status":"","ping_status":"","sticky":false,"template":"","format":"standard","meta":{"footnotes":""},"categories":[2821],"tags":[1111,11,829,1697,1777,674,40218,1011,27,1652,873,12,584,25],"class_list":{"0":"post-431393","1":"post","2":"type-post","3":"status-publish","4":"format-standard","5":"has-post-thumbnail","7":"category-rennes","8":"tag-actu","9":"tag-actualites","10":"tag-bretagne","11":"tag-concert","12":"tag-eu","13":"tag-europe","14":"tag-fest-noz","15":"tag-fr","16":"tag-france","17":"tag-loisirs-culture","18":"tag-musique","19":"tag-news","20":"tag-rennes","21":"tag-republique-francaise"},"share_on_mastodon":{"url":"https:\/\/pubeurope.com\/@fr\/115299566482268696","error":""},"_links":{"self":[{"href":"https:\/\/www.europesays.com\/fr\/wp-json\/wp\/v2\/posts\/431393","targetHints":{"allow":["GET"]}}],"collection":[{"href":"https:\/\/www.europesays.com\/fr\/wp-json\/wp\/v2\/posts"}],"about":[{"href":"https:\/\/www.europesays.com\/fr\/wp-json\/wp\/v2\/types\/post"}],"author":[{"embeddable":true,"href":"https:\/\/www.europesays.com\/fr\/wp-json\/wp\/v2\/users\/2"}],"replies":[{"embeddable":true,"href":"https:\/\/www.europesays.com\/fr\/wp-json\/wp\/v2\/comments?post=431393"}],"version-history":[{"count":0,"href":"https:\/\/www.europesays.com\/fr\/wp-json\/wp\/v2\/posts\/431393\/revisions"}],"wp:featuredmedia":[{"embeddable":true,"href":"https:\/\/www.europesays.com\/fr\/wp-json\/wp\/v2\/media\/431394"}],"wp:attachment":[{"href":"https:\/\/www.europesays.com\/fr\/wp-json\/wp\/v2\/media?parent=431393"}],"wp:term":[{"taxonomy":"category","embeddable":true,"href":"https:\/\/www.europesays.com\/fr\/wp-json\/wp\/v2\/categories?post=431393"},{"taxonomy":"post_tag","embeddable":true,"href":"https:\/\/www.europesays.com\/fr\/wp-json\/wp\/v2\/tags?post=431393"}],"curies":[{"name":"wp","href":"https:\/\/api.w.org\/{rel}","templated":true}]}}