{"id":431403,"date":"2025-10-01T15:19:10","date_gmt":"2025-10-01T15:19:10","guid":{"rendered":"https:\/\/www.europesays.com\/fr\/431403\/"},"modified":"2025-10-01T15:19:10","modified_gmt":"2025-10-01T15:19:10","slug":"nice-une-nouvelle-fusillade-dans-ce-quartier-un-adolescent-blesse-par-balles","status":"publish","type":"post","link":"https:\/\/www.europesays.com\/fr\/431403\/","title":{"rendered":"Nice. Une nouvelle fusillade dans ce quartier, un adolescent bless\u00e9 par balles"},"content":{"rendered":"<p>            Par<br \/>\n        <strong><br \/>\n            <a href=\"https:\/\/actu.fr\/auteur\/arthur-frand\" title=\"Consulter tous les articles de Arthur Frand\" target=\"_blank\" rel=\"noopener\">Arthur Frand<\/a><br \/>\n        <\/strong><\/p>\n<p>        Publi\u00e9 le<\/p>\n<p>            1 oct. 2025 \u00e0 10h54<br \/>\n        ; mis \u00e0 jour le 1 oct. 2025 \u00e0 16h54    <\/p>\n<p>Un jeune de 17\u00a0ans a \u00e9t\u00e9 bless\u00e9 par un <strong>tir d\u2019arme \u00e0 feu<\/strong>, dans la soir\u00e9e du mardi 30\u00a0septembre 2025, dans le quartier des Moulins \u00e0 <a href=\"https:\/\/actu.fr\/nice\/\" target=\"_blank\" rel=\"noopener\">Nice<\/a> (<a href=\"https:\/\/actu.fr\/provence-alpes-cote-d-azur\/alpes-maritimes_06\" target=\"_blank\" rel=\"noopener\">Alpes-Maritimes<\/a>), apprend Actu Nice de source polici\u00e8re, confirmant une information de <a href=\"https:\/\/www.nicematin.com\/faits-divers\/un-ado-de-17-ans-blesse-par-balles-dans-le-quartier-des-moulins-10650010\" target=\"_blank\" rel=\"noopener\">Nice-Matin<\/a>. Les faits se sont produits aux alentours de 22\u2009h, <strong>place des Amaryllis<\/strong>.<\/p>\n<p>    <a href=\"https:\/\/www.google.com\/maps\/embed?pb=!1m18!1m12!1m3!1d4779.414417616179!2d7.202645313044273!3d43.67553777098059!2m3!1f0!2f0!3f0!3m2!1i1024!2i768!4f13.1!3m3!1m2!1s0x12cdd10bdacca6b3%3A0x7feb9e2e3081b58f!2sPl.%20des%20Amaryllis%2C%2006200%20Nice!5e1!3m2!1sfr!2sfr!4v1759307032152!5m2!1sfr!2sfr\" title=\"Ouvrie le lien\" target=\"_blank\" rel=\"noopener\">Cliquez ici pour visualiser le contenu<\/a><\/p>\n<p>Enqu\u00eate ouverte pour tentative d\u2019homicide<\/p>\n<p class=\" wall-content\">Les sapeurs-pompiers ont pris en charge la victime, n\u00e9e en 2008. Touch\u00e9e <strong>\u00e0 la cuisse gauche<\/strong>, elle a \u00e9t\u00e9 transport\u00e9e \u00e0 l\u2019h\u00f4pital Pasteur 2, selon une source polici\u00e8re.<\/p>\n<p class=\" wall-content\">La brigade anti-criminalit\u00e9 s\u2019est rendue sur place. Une enqu\u00eate pour tentative d\u2019homicide et association de malfaiteurs confi\u00e9e au SLPJ 06 est en cours, nous confirme le parquet de Nice. Elle d\u00e9terminera les circonstances de cette fusillade. L\u2019auteur des faits a quitt\u00e9 les lieux avant l\u2019arriv\u00e9e des policiers et est toujours en fuite.<\/p>\n<p>Une fusillade de plus dans le quartier des Moulins<\/p>\n<p class=\" wall-content\">Le quartier des Moulins est souvent le th\u00e9\u00e2tre de <strong>r\u00e8glements de comptes<\/strong>. Le <a href=\"https:\/\/actu.fr\/provence-alpes-cote-d-azur\/nice_06088\/une-fusillade-eclate-dans-ce-quartier-de-nice-un-homme-touche-le-tireur-en-fuite_62907087.html\" target=\"_blank\" rel=\"noopener\">13\u00a0juillet 2025<\/a>, de nombreux coups de feu avaient \u00e9t\u00e9 tir\u00e9s. Et il y a un plus d\u2019un mois, le 12\u00a0ao\u00fbt, un homme d\u2019une <a href=\"https:\/\/actu.fr\/provence-alpes-cote-d-azur\/nice_06088\/nice-une-fusillade-eclate-dans-ce-quartier-un-jeune-homme-blesse_63030137.html\" target=\"_blank\" rel=\"noopener\">vingtaine d\u2019ann\u00e9es a \u00e9t\u00e9 bless\u00e9<\/a> par balles, dans ce m\u00eame quartier des Moulins.<\/p>\n<p class=\" wall-content\">Sur le r\u00e9seau social X, le d\u00e9put\u00e9 des Alpes-Maritimes, <a href=\"https:\/\/actu.fr\/tag\/eric-ciotti\" target=\"_blank\" rel=\"noopener\">\u00c9ric Ciotti<\/a> a regrett\u00e9 cette <strong>nouvelle fusillade<\/strong>. \u00ab\u2009Il s\u2019ajoute \u00e0 la trop longue liste, nous ne pouvons pas nous habituer \u00e0 cette situation. Merci aux policiers mobilis\u00e9s et bonne convalescence \u00e0 la victime\u2009\u00bb, a \u00e9crit le pr\u00e9sident de l\u2019Union des droites pour la R\u00e9publique (UDR) et candidat d\u00e9clar\u00e9 \u00e0 la mairie de Nice.<\/p>\n<p class=\" wall-content\">Personnalisez votre actualit\u00e9 en ajoutant vos villes et m\u00e9dias en favori avec <a href=\"https:\/\/moncompte.actu.fr\" title=\"D\u00e9couvez Mon Actu\" rel=\"nofollow noopener\" data-trk=\"{&quot;cta&quot;:{&quot;action&quot;:&quot;https:\\\/\\\/moncompte.actu.fr&quot;,&quot;category&quot;:&quot;mon compte&quot;,&quot;from&quot;:&quot;article footer&quot;,&quot;name&quot;:&quot;Mon actu&quot;,&quot;type&quot;:&quot;cta&quot;}}\" target=\"_blank\">Mon Actu<\/a>.<\/p>\n","protected":false},"excerpt":{"rendered":"Par Arthur Frand Publi\u00e9 le 1 oct. 2025 \u00e0 10h54 ; mis \u00e0 jour le 1 oct. 2025&hellip;\n","protected":false},"author":2,"featured_media":114320,"comment_status":"","ping_status":"","sticky":false,"template":"","format":"standard","meta":{"footnotes":""},"categories":[2819],"tags":[1111,11,1777,674,118,1011,27,303,12,2401,1072,882,25],"class_list":{"0":"post-431403","1":"post","2":"type-post","3":"status-publish","4":"format-standard","5":"has-post-thumbnail","7":"category-nice","8":"tag-actu","9":"tag-actualites","10":"tag-eu","11":"tag-europe","12":"tag-faits-divers","13":"tag-fr","14":"tag-france","15":"tag-justice","16":"tag-news","17":"tag-nice","18":"tag-police","19":"tag-provence-alpes-cote-dazur","20":"tag-republique-francaise"},"share_on_mastodon":{"url":"https:\/\/pubeurope.com\/@fr\/115299586160998228","error":""},"_links":{"self":[{"href":"https:\/\/www.europesays.com\/fr\/wp-json\/wp\/v2\/posts\/431403","targetHints":{"allow":["GET"]}}],"collection":[{"href":"https:\/\/www.europesays.com\/fr\/wp-json\/wp\/v2\/posts"}],"about":[{"href":"https:\/\/www.europesays.com\/fr\/wp-json\/wp\/v2\/types\/post"}],"author":[{"embeddable":true,"href":"https:\/\/www.europesays.com\/fr\/wp-json\/wp\/v2\/users\/2"}],"replies":[{"embeddable":true,"href":"https:\/\/www.europesays.com\/fr\/wp-json\/wp\/v2\/comments?post=431403"}],"version-history":[{"count":0,"href":"https:\/\/www.europesays.com\/fr\/wp-json\/wp\/v2\/posts\/431403\/revisions"}],"wp:featuredmedia":[{"embeddable":true,"href":"https:\/\/www.europesays.com\/fr\/wp-json\/wp\/v2\/media\/114320"}],"wp:attachment":[{"href":"https:\/\/www.europesays.com\/fr\/wp-json\/wp\/v2\/media?parent=431403"}],"wp:term":[{"taxonomy":"category","embeddable":true,"href":"https:\/\/www.europesays.com\/fr\/wp-json\/wp\/v2\/categories?post=431403"},{"taxonomy":"post_tag","embeddable":true,"href":"https:\/\/www.europesays.com\/fr\/wp-json\/wp\/v2\/tags?post=431403"}],"curies":[{"name":"wp","href":"https:\/\/api.w.org\/{rel}","templated":true}]}}