{"id":431404,"date":"2025-10-01T15:20:24","date_gmt":"2025-10-01T15:20:24","guid":{"rendered":"https:\/\/www.europesays.com\/fr\/431404\/"},"modified":"2025-10-01T15:20:24","modified_gmt":"2025-10-01T15:20:24","slug":"la-loire-dans-tous-ses-etats-le-concours-de-nouvelles-et-de-poesie-change-dequipe","status":"publish","type":"post","link":"https:\/\/www.europesays.com\/fr\/431404\/","title":{"rendered":"\u00ab\u00a0La Loire dans tous ses \u00e9tats\u00a0\u00bb\u00a0: le concours de nouvelles et de po\u00e9sie change d\u2019\u00e9quipe"},"content":{"rendered":"<p><strong>\u00ab\u00a0La Loire a toujours \u00e9t\u00e9 quelque chose d\u2019important pour moi. J\u2019ai travaill\u00e9 pendant une dizaine d\u2019ann\u00e9es avec le conseil citoyen et les romanciers nantais, et j\u2019ai sorti deux livres sur la Loire\u00a0\u00bb, <\/strong>raconte \u00c9ric Perraud, fondateur et organisateur du concours de nouvelles et de po\u00e9sie \u00ab\u00a0La Loire dans tous ses \u00e9tats\u00a0\u00bb. Son association les Iles\u2019liens, bas\u00e9e dans le quartier de Trentemoult, \u00e0 Rez\u00e9 (Loire-Atlantique), a d\u00e9cid\u00e9 de transmettre le flambeau \u00e0 un nouveau comit\u00e9 et \u00e0 l\u2019association Association pour la valorisation des territoires fluvio-maritimes (AVTFM). Son pr\u00e9sident, Martial Catherine, int\u00e8gre la nouvelle \u00e9quipe de six membres, qui continuent \u00e0 collaborer avec l\u2019association des romanciers nantais.<\/p>\n<p>Il conna\u00eet bien le sujet, \u00e9tant impliqu\u00e9 depuis vingt-trois\u00a0ans dans la cat\u00e9gorie \u00ab\u00a0nouvelles\u00a0\u00bb du concours. Quant \u00e0 la romanci\u00e8re nantaise Sophie Vuillemin, elle quitte le conseil mais souhaite garder le lien\u00a0: <strong>\u00ab\u00a0C\u2019est g\u00e9nial de voir que les gens \u00e9crivent autant, qu\u2019ils y mettent du c\u0153ur. On sera toujours partenaires, je leur souhaite une bonne continuation.\u00a0\u00bb<\/strong><\/p>\n<p>EDF, pr\u00e9sent tout au long de la Loire, devient partenaire<\/p>\n<p>L\u2019histoire du fleuve, les m\u00e9tiers qui s\u2019y d\u00e9roulent, l\u2019environnement, mais aussi des histoires plus sombres, polici\u00e8res, humoristiques ou encore d\u2019amour\u00a0: libre \u00e0 chaque participant de faire appel \u00e0 son imagination et d\u2019exprimer son talent. Le concours, qui d\u00e9passe les fronti\u00e8res, comporte une cat\u00e9gorie adultes et une cat\u00e9gorie jeunes. <strong>\u00ab\u00a0Quelques coll\u00e8ges sont int\u00e9ress\u00e9s pour faire participer leurs \u00e9l\u00e8ves. On a pr\u00e9vu une remise de prix, en juin\u00a02026\u00a0\u00bb,<\/strong> pr\u00e9cise Jean-Jacques Huleau.<\/p>\n<p>Nouveaut\u00e9 de cette \u00e9dition\u00a0: un prix sp\u00e9cial EDF r\u00e9compensera, par une visite VIP du site \u00e9olien au Croisic, une ou deux nouvelles qui se passeront dans une installation sur la Loire. L\u2019entreprise va d\u2019ailleurs proposer \u00e0 ses salari\u00e9s bas\u00e9s sur la Loire d\u2019y participer.<\/p>\n<p>Myriam Chenard, gagnante du premier concours, qui a \u00e9dit\u00e9 depuis deux romans, est la marraine de cette \u00e9dition. Le jury comporte une soixantaine de lecteurs\u00a0: <strong>\u00ab\u00a0Ce sont des gens passionn\u00e9s par la Loire, des professionnels des m\u00e9tiers du livre, des po\u00e8tes, un bon vivier de romanciers, des lecteurs et des participants \u00e0 des ateliers d\u2019\u00e9criture\u00a0\u00bb, <\/strong>pr\u00e9cisent \u00c9ric Perraud et Sophie Vuillemin.<\/p>\n<p>Douze nouvelles et six po\u00e9sies seront s\u00e9lectionn\u00e9es. Le vainqueur recevra le recueil de nouvelles et de po\u00e8mes laur\u00e9ats.<\/p>\n<p><strong>Lundi 6\u00a0octobre, <\/strong>lancement du concours de nouvelles et de po\u00e9sie \u00ab\u00a0La Loire dans tous ses \u00e9tats\u00a0\u00bb. Candidature gratuite, jusqu\u2019au 15\u00a0f\u00e9vrier 2026. Infos et r\u00e8glement du concours\u00a0: <a href=\"https:\/\/www.laloiredanstoussesetats.com\/\" target=\"_blank\" rel=\"noopener\">laloiredanstoussesetats.com<\/a><\/p>\n<p>\u00a0<\/p>\n","protected":false},"excerpt":{"rendered":"\u00ab\u00a0La Loire a toujours \u00e9t\u00e9 quelque chose d\u2019important pour moi. J\u2019ai travaill\u00e9 pendant une dizaine d\u2019ann\u00e9es avec le&hellip;\n","protected":false},"author":2,"featured_media":431405,"comment_status":"","ping_status":"","sticky":false,"template":"","format":"standard","meta":{"footnotes":""},"categories":[2818],"tags":[1111,11,6861,903,2263,14068,1777,674,1011,27,3367,766,12,1113,2636,9228,25],"class_list":{"0":"post-431404","1":"post","2":"type-post","3":"status-publish","4":"format-standard","5":"has-post-thumbnail","7":"category-nantes","8":"tag-actu","9":"tag-actualites","10":"tag-change","11":"tag-concours","12":"tag-equipe","13":"tag-etats","14":"tag-eu","15":"tag-europe","16":"tag-fr","17":"tag-france","18":"tag-loire","19":"tag-nantes","20":"tag-news","21":"tag-nouvelles","22":"tag-pays-de-la-loire","23":"tag-poesie","24":"tag-republique-francaise"},"share_on_mastodon":{"url":"https:\/\/pubeurope.com\/@fr\/115299590084635107","error":""},"_links":{"self":[{"href":"https:\/\/www.europesays.com\/fr\/wp-json\/wp\/v2\/posts\/431404","targetHints":{"allow":["GET"]}}],"collection":[{"href":"https:\/\/www.europesays.com\/fr\/wp-json\/wp\/v2\/posts"}],"about":[{"href":"https:\/\/www.europesays.com\/fr\/wp-json\/wp\/v2\/types\/post"}],"author":[{"embeddable":true,"href":"https:\/\/www.europesays.com\/fr\/wp-json\/wp\/v2\/users\/2"}],"replies":[{"embeddable":true,"href":"https:\/\/www.europesays.com\/fr\/wp-json\/wp\/v2\/comments?post=431404"}],"version-history":[{"count":0,"href":"https:\/\/www.europesays.com\/fr\/wp-json\/wp\/v2\/posts\/431404\/revisions"}],"wp:featuredmedia":[{"embeddable":true,"href":"https:\/\/www.europesays.com\/fr\/wp-json\/wp\/v2\/media\/431405"}],"wp:attachment":[{"href":"https:\/\/www.europesays.com\/fr\/wp-json\/wp\/v2\/media?parent=431404"}],"wp:term":[{"taxonomy":"category","embeddable":true,"href":"https:\/\/www.europesays.com\/fr\/wp-json\/wp\/v2\/categories?post=431404"},{"taxonomy":"post_tag","embeddable":true,"href":"https:\/\/www.europesays.com\/fr\/wp-json\/wp\/v2\/tags?post=431404"}],"curies":[{"name":"wp","href":"https:\/\/api.w.org\/{rel}","templated":true}]}}